{"id":5076,"date":"2025-01-31T01:17:01","date_gmt":"2025-01-31T01:17:01","guid":{"rendered":"https:\/\/pocinhos.pb.gov.br\/site\/?p=5076"},"modified":"2025-01-31T01:40:18","modified_gmt":"2025-01-31T01:40:18","slug":"secretaria-de-administracao","status":"publish","type":"post","link":"https:\/\/pocinhos.pb.gov.br\/site\/secretaria-de-administracao\/","title":{"rendered":"Secretaria de Administra\u00e7\u00e3o"},"content":{"rendered":"\t\t<div data-elementor-type=\"wp-post\" data-elementor-id=\"5076\" class=\"elementor elementor-5076\">\n\t\t\t\t<div class=\"elementor-element elementor-element-7eabb95 e-flex e-con-boxed e-con e-parent\" data-id=\"7eabb95\" data-element_type=\"container\">\n\t\t\t\t\t<div class=\"e-con-inner\">\n\t\t<div class=\"elementor-element elementor-element-5aadc76 e-con-full e-flex e-con e-child\" data-id=\"5aadc76\" data-element_type=\"container\">\n\t\t\t\t<div class=\"elementor-element elementor-element-81bcaae elementor-widget elementor-widget-image\" data-id=\"81bcaae\" data-element_type=\"widget\" data-widget_type=\"image.default\">\n\t\t\t\t<div class=\"elementor-widget-container\">\n\t\t\t\t\t\t\t\t\t\t\t\t\t\t\t<img fetchpriority=\"high\" decoding=\"async\" width=\"300\" height=\"300\" src=\"https:\/\/pocinhos.pb.gov.br\/site\/wp-content\/uploads\/2025\/01\/Imagem-do-WhatsApp-de-2025-01-21-as-22.21.17_22c3525c-300x300-1.jpg\" class=\"attachment-large size-large wp-image-5079\" alt=\"\" srcset=\"https:\/\/pocinhos.pb.gov.br\/site\/wp-content\/uploads\/2025\/01\/Imagem-do-WhatsApp-de-2025-01-21-as-22.21.17_22c3525c-300x300-1.jpg 300w, https:\/\/pocinhos.pb.gov.br\/site\/wp-content\/uploads\/2025\/01\/Imagem-do-WhatsApp-de-2025-01-21-as-22.21.17_22c3525c-300x300-1-150x150.jpg 150w, https:\/\/pocinhos.pb.gov.br\/site\/wp-content\/uploads\/2025\/01\/Imagem-do-WhatsApp-de-2025-01-21-as-22.21.17_22c3525c-300x300-1-100x100.jpg 100w\" sizes=\"(max-width: 300px) 100vw, 300px\" \/>\t\t\t\t\t\t\t\t\t\t\t\t\t\t\t<\/div>\n\t\t\t\t<\/div>\n\t\t\t\t<\/div>\n\t\t<div class=\"elementor-element elementor-element-6f94349 e-con-full e-flex e-con e-child\" data-id=\"6f94349\" data-element_type=\"container\">\n\t\t\t\t<div class=\"elementor-element elementor-element-de836d8 elementor-widget elementor-widget-heading\" data-id=\"de836d8\" data-element_type=\"widget\" data-widget_type=\"heading.default\">\n\t\t\t\t<div class=\"elementor-widget-container\">\n\t\t\t\t\t<h3 class=\"elementor-heading-title elementor-size-default\">S\u00e9rgio Ricardo<br><i><b>Secret\u00e1rio<\/b><\/i>\n<\/h3>\t\t\t\t<\/div>\n\t\t\t\t<\/div>\n\t\t\t\t<div class=\"elementor-element elementor-element-e2948f3 elementor-widget elementor-widget-text-editor\" data-id=\"e2948f3\" data-element_type=\"widget\" data-widget_type=\"text-editor.default\">\n\t\t\t\t<div class=\"elementor-widget-container\">\n\t\t\t\t\t\t\t\t\t<p>S\u00e9rgio Ricardo Ara\u00fajo Costa \u00e9 servidor p\u00fablico de carreira, Historiador e Bacharel em Direito pela Universidade Estadual da Para\u00edba. Foi Diretor do Departamento de Desenvolvimento Rural entre 2008 a 2010 e Secret\u00e1rio de Agricultura de Pocinhos entre 2010 a 2012.<\/p><p><strong>Endere\u00e7o profissional:<\/strong>\u00a0Rua C\u00f4nego Jo\u00e3o Coutinho, 19. Centro. Pocinhos-PB<\/p><p><strong>Email:<\/strong>\u00a0prefmunicipalpocinhospb@gmail.com<\/p><p><strong>Telefone:<\/strong>\u00a0(83) 3330-0550<\/p><p><strong>Expediente:<\/strong>\u00a0De segunda a sexta, das 8:00\u00a0\u00e0s\u00a014:00.<\/p>\t\t\t\t\t\t\t\t<\/div>\n\t\t\t\t<\/div>\n\t\t\t\t<\/div>\n\t\t\t\t\t<\/div>\n\t\t\t\t<\/div>\n\t\t<div class=\"elementor-element elementor-element-5a4adb2 e-flex e-con-boxed e-con e-parent\" data-id=\"5a4adb2\" data-element_type=\"container\">\n\t\t\t\t\t<div class=\"e-con-inner\">\n\t\t<div class=\"elementor-element elementor-element-f0f5d41 e-con-full e-flex e-con e-child\" data-id=\"f0f5d41\" data-element_type=\"container\">\n\t\t\t\t<div class=\"elementor-element elementor-element-f08ed0b elementor-widget elementor-widget-image\" data-id=\"f08ed0b\" data-element_type=\"widget\" data-widget_type=\"image.default\">\n\t\t\t\t<div class=\"elementor-widget-container\">\n\t\t\t\t\t\t\t\t\t\t\t\t\t\t\t<img decoding=\"async\" width=\"300\" height=\"300\" src=\"https:\/\/pocinhos.pb.gov.br\/site\/wp-content\/uploads\/2025\/01\/gilmara-300x300-1.png\" class=\"attachment-large size-large wp-image-5080\" alt=\"\" srcset=\"https:\/\/pocinhos.pb.gov.br\/site\/wp-content\/uploads\/2025\/01\/gilmara-300x300-1.png 300w, https:\/\/pocinhos.pb.gov.br\/site\/wp-content\/uploads\/2025\/01\/gilmara-300x300-1-150x150.png 150w, https:\/\/pocinhos.pb.gov.br\/site\/wp-content\/uploads\/2025\/01\/gilmara-300x300-1-100x100.png 100w\" sizes=\"(max-width: 300px) 100vw, 300px\" \/>\t\t\t\t\t\t\t\t\t\t\t\t\t\t\t<\/div>\n\t\t\t\t<\/div>\n\t\t\t\t<\/div>\n\t\t<div class=\"elementor-element elementor-element-17fd142 e-con-full e-flex e-con e-child\" data-id=\"17fd142\" data-element_type=\"container\">\n\t\t\t\t<div class=\"elementor-element elementor-element-ec93861 elementor-widget elementor-widget-heading\" data-id=\"ec93861\" data-element_type=\"widget\" data-widget_type=\"heading.default\">\n\t\t\t\t<div class=\"elementor-widget-container\">\n\t\t\t\t\t<h3 class=\"elementor-heading-title elementor-size-default\">Gilmara da Silva Jacinto Souza (Gilmara Avelino)<br><i><b>Secret\u00e1ria Adjunta<\/b><\/i><\/h3>\t\t\t\t<\/div>\n\t\t\t\t<\/div>\n\t\t\t\t<div class=\"elementor-element elementor-element-0a7893e elementor-widget elementor-widget-text-editor\" data-id=\"0a7893e\" data-element_type=\"widget\" data-widget_type=\"text-editor.default\">\n\t\t\t\t<div class=\"elementor-widget-container\">\n\t\t\t\t\t\t\t\t\t<p>Gilmara da Silva Jacinto Souza (Gilmara Avelino), graduanda em Ci\u00eancias Cont\u00e1beis pela Faculdade Maur\u00edcio de Nassau. Ex-chefe de UMC (Incra). Assessora Especial da ALPB. Coordenadora de atividade de apoio \u00e0 educa\u00e7\u00e3o pelo governo do Estado da Para\u00edba. Sempre trabalhando com p\u00fablico, seja como funcion\u00e1ria p\u00fablica ou em rede particular comercial.<\/p><p><strong>Email:<\/strong>\u00a0admpocinhospb@gmail.com<\/p><p><strong>Telefone:<\/strong>\u00a0(83) 993298214<\/p>\t\t\t\t\t\t\t\t<\/div>\n\t\t\t\t<\/div>\n\t\t\t\t<\/div>\n\t\t\t\t\t<\/div>\n\t\t\t\t<\/div>\n\t\t\t\t<\/div>\n\t\t","protected":false},"excerpt":{"rendered":"<p>S\u00e9rgio Ricardo Secret\u00e1rio S\u00e9rgio Ricardo Ara\u00fajo Costa \u00e9 servidor p\u00fablico de carreira, Historiador e Bacharel em Direito pela Universidade Estadual da Para\u00edba. Foi Diretor do Departamento de Desenvolvimento Rural entre 2008 a 2010 e Secret\u00e1rio de Agricultura de Pocinhos entre 2010 a 2012. Endere\u00e7o profissional:\u00a0Rua C\u00f4nego Jo\u00e3o Coutinho, 19. Centro. Pocinhos-PB Email:\u00a0prefmunicipalpocinhospb@gmail.com Telefone:\u00a0(83) 3330-0550 Expediente:\u00a0De&#8230;<\/p>\n","protected":false},"author":1,"featured_media":5077,"comment_status":"open","ping_status":"open","sticky":false,"template":"","format":"standard","meta":{"footnotes":""},"categories":[59],"tags":[],"class_list":["post-5076","post","type-post","status-publish","format-standard","has-post-thumbnail","hentry","category-secretarias"],"aioseo_notices":[],"_links":{"self":[{"href":"https:\/\/pocinhos.pb.gov.br\/site\/wp-json\/wp\/v2\/posts\/5076","targetHints":{"allow":["GET"]}}],"collection":[{"href":"https:\/\/pocinhos.pb.gov.br\/site\/wp-json\/wp\/v2\/posts"}],"about":[{"href":"https:\/\/pocinhos.pb.gov.br\/site\/wp-json\/wp\/v2\/types\/post"}],"author":[{"embeddable":true,"href":"https:\/\/pocinhos.pb.gov.br\/site\/wp-json\/wp\/v2\/users\/1"}],"replies":[{"embeddable":true,"href":"https:\/\/pocinhos.pb.gov.br\/site\/wp-json\/wp\/v2\/comments?post=5076"}],"version-history":[{"count":5,"href":"https:\/\/pocinhos.pb.gov.br\/site\/wp-json\/wp\/v2\/posts\/5076\/revisions"}],"predecessor-version":[{"id":5084,"href":"https:\/\/pocinhos.pb.gov.br\/site\/wp-json\/wp\/v2\/posts\/5076\/revisions\/5084"}],"wp:featuredmedia":[{"embeddable":true,"href":"https:\/\/pocinhos.pb.gov.br\/site\/wp-json\/wp\/v2\/media\/5077"}],"wp:attachment":[{"href":"https:\/\/pocinhos.pb.gov.br\/site\/wp-json\/wp\/v2\/media?parent=5076"}],"wp:term":[{"taxonomy":"category","embeddable":true,"href":"https:\/\/pocinhos.pb.gov.br\/site\/wp-json\/wp\/v2\/categories?post=5076"},{"taxonomy":"post_tag","embeddable":true,"href":"https:\/\/pocinhos.pb.gov.br\/site\/wp-json\/wp\/v2\/tags?post=5076"}],"curies":[{"name":"wp","href":"https:\/\/api.w.org\/{rel}","templated":true}]}}