{"id":5135,"date":"2025-01-31T01:56:10","date_gmt":"2025-01-31T01:56:10","guid":{"rendered":"https:\/\/pocinhos.pb.gov.br\/site\/?p=5135"},"modified":"2025-01-31T01:57:05","modified_gmt":"2025-01-31T01:57:05","slug":"secretaria-de-turismo","status":"publish","type":"post","link":"https:\/\/pocinhos.pb.gov.br\/site\/secretaria-de-turismo\/","title":{"rendered":"Secretaria de Ind\u00fastria, Com\u00e9rcio e Turismo"},"content":{"rendered":"\t\t<div data-elementor-type=\"wp-post\" data-elementor-id=\"5135\" class=\"elementor elementor-5135\">\n\t\t\t\t<div class=\"elementor-element elementor-element-7eabb95 e-flex e-con-boxed e-con e-parent\" data-id=\"7eabb95\" data-element_type=\"container\">\n\t\t\t\t\t<div class=\"e-con-inner\">\n\t\t<div class=\"elementor-element elementor-element-5aadc76 e-con-full e-flex e-con e-child\" data-id=\"5aadc76\" data-element_type=\"container\">\n\t\t\t\t<div class=\"elementor-element elementor-element-81bcaae elementor-widget elementor-widget-image\" data-id=\"81bcaae\" data-element_type=\"widget\" data-widget_type=\"image.default\">\n\t\t\t\t<div class=\"elementor-widget-container\">\n\t\t\t\t\t\t\t\t\t\t\t\t\t\t\t<img fetchpriority=\"high\" decoding=\"async\" width=\"225\" height=\"300\" src=\"https:\/\/pocinhos.pb.gov.br\/site\/wp-content\/uploads\/2025\/01\/933ef377-c173-48de-89cc-43919be91163-225x300-1.jpg\" class=\"attachment-large size-large wp-image-5138\" alt=\"\" \/>\t\t\t\t\t\t\t\t\t\t\t\t\t\t\t<\/div>\n\t\t\t\t<\/div>\n\t\t\t\t<\/div>\n\t\t<div class=\"elementor-element elementor-element-6f94349 e-con-full e-flex e-con e-child\" data-id=\"6f94349\" data-element_type=\"container\">\n\t\t\t\t<div class=\"elementor-element elementor-element-de836d8 elementor-widget elementor-widget-heading\" data-id=\"de836d8\" data-element_type=\"widget\" data-widget_type=\"heading.default\">\n\t\t\t\t<div class=\"elementor-widget-container\">\n\t\t\t\t\t<h3 class=\"elementor-heading-title elementor-size-default\">Marissandra Porto<br><b><i>Secret\u00e1ria Adjunta<\/i><\/b><\/h3>\t\t\t\t<\/div>\n\t\t\t\t<\/div>\n\t\t\t\t<div class=\"elementor-element elementor-element-e2948f3 elementor-widget elementor-widget-text-editor\" data-id=\"e2948f3\" data-element_type=\"widget\" data-widget_type=\"text-editor.default\">\n\t\t\t\t<div class=\"elementor-widget-container\">\n\t\t\t\t\t\t\t\t\t<p>Graduanda em Gest\u00e3o P\u00fablica pela UEPB. Artes\u00e3, Membro do CIOF (Conselho Internacional de Festivais Folcl\u00f3ricos e Artes Tradicionais). Ativista Cultural, Produtora de Eventos, Idealizadora e Fundadora do Festival de Folclore de Pocinhos e do Bloco \u201cPra l\u00e1 da Ponte\u201d e da Casa do Artes\u00e3o de Pocinhos. Presidente da Associa\u00e7\u00e3o de Artesanato e Artes de Pocinhos. Lecionou Artes nas Escolas CMPG e CNEC (S\u00e3o Jos\u00e9 da Mata).<br \/>Esteve Secretaria Adjunta de Cultura e Esporte por 7 anos.<\/p><p><strong>E-mail:<\/strong>\u00a0sincomturpocinhos@gmail.com<\/p>\t\t\t\t\t\t\t\t<\/div>\n\t\t\t\t<\/div>\n\t\t\t\t<\/div>\n\t\t\t\t\t<\/div>\n\t\t\t\t<\/div>\n\t\t\t\t<\/div>\n\t\t","protected":false},"excerpt":{"rendered":"<p>Marissandra PortoSecret\u00e1ria Adjunta Graduanda em Gest\u00e3o P\u00fablica pela UEPB. Artes\u00e3, Membro do CIOF (Conselho Internacional de Festivais Folcl\u00f3ricos e Artes Tradicionais). Ativista Cultural, Produtora de Eventos, Idealizadora e Fundadora do Festival de Folclore de Pocinhos e do Bloco \u201cPra l\u00e1 da Ponte\u201d e da Casa do Artes\u00e3o de Pocinhos. Presidente da Associa\u00e7\u00e3o de Artesanato e&#8230;<\/p>\n","protected":false},"author":1,"featured_media":5136,"comment_status":"open","ping_status":"open","sticky":false,"template":"","format":"standard","meta":{"footnotes":""},"categories":[59],"tags":[],"class_list":["post-5135","post","type-post","status-publish","format-standard","has-post-thumbnail","hentry","category-secretarias"],"aioseo_notices":[],"_links":{"self":[{"href":"https:\/\/pocinhos.pb.gov.br\/site\/wp-json\/wp\/v2\/posts\/5135","targetHints":{"allow":["GET"]}}],"collection":[{"href":"https:\/\/pocinhos.pb.gov.br\/site\/wp-json\/wp\/v2\/posts"}],"about":[{"href":"https:\/\/pocinhos.pb.gov.br\/site\/wp-json\/wp\/v2\/types\/post"}],"author":[{"embeddable":true,"href":"https:\/\/pocinhos.pb.gov.br\/site\/wp-json\/wp\/v2\/users\/1"}],"replies":[{"embeddable":true,"href":"https:\/\/pocinhos.pb.gov.br\/site\/wp-json\/wp\/v2\/comments?post=5135"}],"version-history":[{"count":4,"href":"https:\/\/pocinhos.pb.gov.br\/site\/wp-json\/wp\/v2\/posts\/5135\/revisions"}],"predecessor-version":[{"id":5141,"href":"https:\/\/pocinhos.pb.gov.br\/site\/wp-json\/wp\/v2\/posts\/5135\/revisions\/5141"}],"wp:featuredmedia":[{"embeddable":true,"href":"https:\/\/pocinhos.pb.gov.br\/site\/wp-json\/wp\/v2\/media\/5136"}],"wp:attachment":[{"href":"https:\/\/pocinhos.pb.gov.br\/site\/wp-json\/wp\/v2\/media?parent=5135"}],"wp:term":[{"taxonomy":"category","embeddable":true,"href":"https:\/\/pocinhos.pb.gov.br\/site\/wp-json\/wp\/v2\/categories?post=5135"},{"taxonomy":"post_tag","embeddable":true,"href":"https:\/\/pocinhos.pb.gov.br\/site\/wp-json\/wp\/v2\/tags?post=5135"}],"curies":[{"name":"wp","href":"https:\/\/api.w.org\/{rel}","templated":true}]}}