{"id":5160,"date":"2025-01-31T02:03:17","date_gmt":"2025-01-31T02:03:17","guid":{"rendered":"https:\/\/pocinhos.pb.gov.br\/site\/?p=5160"},"modified":"2025-01-31T02:04:30","modified_gmt":"2025-01-31T02:04:30","slug":"secretaria-de-saude","status":"publish","type":"post","link":"https:\/\/pocinhos.pb.gov.br\/site\/secretaria-de-saude\/","title":{"rendered":"Secretaria de Sa\u00fade"},"content":{"rendered":"\t\t<div data-elementor-type=\"wp-post\" data-elementor-id=\"5160\" class=\"elementor elementor-5160\">\n\t\t\t\t<div class=\"elementor-element elementor-element-7eabb95 e-flex e-con-boxed e-con e-parent\" data-id=\"7eabb95\" data-element_type=\"container\">\n\t\t\t\t\t<div class=\"e-con-inner\">\n\t\t<div class=\"elementor-element elementor-element-5aadc76 e-con-full e-flex e-con e-child\" data-id=\"5aadc76\" data-element_type=\"container\">\n\t\t\t\t<div class=\"elementor-element elementor-element-81bcaae elementor-widget elementor-widget-image\" data-id=\"81bcaae\" data-element_type=\"widget\" data-widget_type=\"image.default\">\n\t\t\t\t<div class=\"elementor-widget-container\">\n\t\t\t\t\t\t\t\t\t\t\t\t\t\t\t<img fetchpriority=\"high\" decoding=\"async\" width=\"295\" height=\"300\" src=\"https:\/\/pocinhos.pb.gov.br\/site\/wp-content\/uploads\/2025\/01\/c31f18eb-1133-4601-9682-94ea578f377f-1-295x300-1.jpg\" class=\"attachment-large size-large wp-image-5163\" alt=\"\" \/>\t\t\t\t\t\t\t\t\t\t\t\t\t\t\t<\/div>\n\t\t\t\t<\/div>\n\t\t\t\t<\/div>\n\t\t<div class=\"elementor-element elementor-element-6f94349 e-con-full e-flex e-con e-child\" data-id=\"6f94349\" data-element_type=\"container\">\n\t\t\t\t<div class=\"elementor-element elementor-element-de836d8 elementor-widget elementor-widget-heading\" data-id=\"de836d8\" data-element_type=\"widget\" data-widget_type=\"heading.default\">\n\t\t\t\t<div class=\"elementor-widget-container\">\n\t\t\t\t\t<h3 class=\"elementor-heading-title elementor-size-default\">Katiane Queiroga<br><b><i>Secret\u00e1ria<\/i><\/b>\n<\/h3>\t\t\t\t<\/div>\n\t\t\t\t<\/div>\n\t\t\t\t<div class=\"elementor-element elementor-element-e2948f3 elementor-widget elementor-widget-text-editor\" data-id=\"e2948f3\" data-element_type=\"widget\" data-widget_type=\"text-editor.default\">\n\t\t\t\t<div class=\"elementor-widget-container\">\n\t\t\t\t\t\t\t\t\t<p>Enfermeira Sanitarista, com especializa\u00e7\u00e3o em Sa\u00fade P\u00fablica, pela Funda\u00e7\u00e3o Get\u00falio Vargas (FGV) e em Obstetr\u00edcia pela Rede Cegonha (CEFOR-RH|SES-PB). Atuou como secret\u00e1ria de sa\u00fade no munic\u00edpio de Bel\u00e9m (2013 \u2013 2016) e geriu a secretaria de sa\u00fade no munic\u00edpio de Ara\u00e7agi no per\u00edodo 2017 \u2013 2020. Tamb\u00e9m teve assento no Conselho Estadual de Secret\u00e1rios Municipais de Sa\u00fade (COSEMS|PB) e no conselho Nacional de Representantes Estaduais de Sa\u00fade (CONARES|DF).<\/p><p><strong>Email:<\/strong>\u00a0smsaudepocinhos@gmail.com<\/p><p><strong>Telefone:<\/strong>\u00a0(83) 99657.0336<\/p>\t\t\t\t\t\t\t\t<\/div>\n\t\t\t\t<\/div>\n\t\t\t\t<\/div>\n\t\t\t\t\t<\/div>\n\t\t\t\t<\/div>\n\t\t<div class=\"elementor-element elementor-element-5a4adb2 e-flex e-con-boxed e-con e-parent\" data-id=\"5a4adb2\" data-element_type=\"container\">\n\t\t\t\t\t<div class=\"e-con-inner\">\n\t\t<div class=\"elementor-element elementor-element-f0f5d41 e-con-full e-flex e-con e-child\" data-id=\"f0f5d41\" data-element_type=\"container\">\n\t\t\t\t<div class=\"elementor-element elementor-element-f08ed0b elementor-widget elementor-widget-image\" data-id=\"f08ed0b\" data-element_type=\"widget\" data-widget_type=\"image.default\">\n\t\t\t\t<div class=\"elementor-widget-container\">\n\t\t\t\t\t\t\t\t\t\t\t\t\t\t\t<img decoding=\"async\" width=\"300\" height=\"300\" src=\"https:\/\/pocinhos.pb.gov.br\/site\/wp-content\/uploads\/2025\/01\/regilane-300x300-1.png\" class=\"attachment-large size-large wp-image-5164\" alt=\"\" srcset=\"https:\/\/pocinhos.pb.gov.br\/site\/wp-content\/uploads\/2025\/01\/regilane-300x300-1.png 300w, https:\/\/pocinhos.pb.gov.br\/site\/wp-content\/uploads\/2025\/01\/regilane-300x300-1-150x150.png 150w, https:\/\/pocinhos.pb.gov.br\/site\/wp-content\/uploads\/2025\/01\/regilane-300x300-1-100x100.png 100w\" sizes=\"(max-width: 300px) 100vw, 300px\" \/>\t\t\t\t\t\t\t\t\t\t\t\t\t\t\t<\/div>\n\t\t\t\t<\/div>\n\t\t\t\t<\/div>\n\t\t<div class=\"elementor-element elementor-element-17fd142 e-con-full e-flex e-con e-child\" data-id=\"17fd142\" data-element_type=\"container\">\n\t\t\t\t<div class=\"elementor-element elementor-element-ec93861 elementor-widget elementor-widget-heading\" data-id=\"ec93861\" data-element_type=\"widget\" data-widget_type=\"heading.default\">\n\t\t\t\t<div class=\"elementor-widget-container\">\n\t\t\t\t\t<h3 class=\"elementor-heading-title elementor-size-default\">Regilane Barros<br><b><i>Secret\u00e1ria adjunta\n<\/i><\/b><\/h3>\t\t\t\t<\/div>\n\t\t\t\t<\/div>\n\t\t\t\t<div class=\"elementor-element elementor-element-0a7893e elementor-widget elementor-widget-text-editor\" data-id=\"0a7893e\" data-element_type=\"widget\" data-widget_type=\"text-editor.default\">\n\t\t\t\t<div class=\"elementor-widget-container\">\n\t\t\t\t\t\t\t\t\t<p>Regilane Barros \u00e9 formada em Enfermagem pela Faculdade Santa Em\u00edlia de Rodat. Foi enfermeira da estrat\u00e9gia em sa\u00fade da fam\u00edlia de 2003 a 2005. Foi coordenadora de vigil\u00e2ncia em sa\u00fade e da aten\u00e7\u00e3o b\u00e1sica entre 2005 a 2012. E foi enfermeira da estrat\u00e9gia de sa\u00fade da fam\u00edlia na aten\u00e7\u00e3o prim\u00e1ria entre 2013 a 2020.<\/p><p><strong>Email:<\/strong>\u00a0smsaudepocinhos@gmail.com<\/p><p><strong>Telefone:<\/strong>\u00a0(83) 99301.8733<\/p>\t\t\t\t\t\t\t\t<\/div>\n\t\t\t\t<\/div>\n\t\t\t\t<\/div>\n\t\t\t\t\t<\/div>\n\t\t\t\t<\/div>\n\t\t\t\t<\/div>\n\t\t","protected":false},"excerpt":{"rendered":"<p>Katiane QueirogaSecret\u00e1ria Enfermeira Sanitarista, com especializa\u00e7\u00e3o em Sa\u00fade P\u00fablica, pela Funda\u00e7\u00e3o Get\u00falio Vargas (FGV) e em Obstetr\u00edcia pela Rede Cegonha (CEFOR-RH|SES-PB). Atuou como secret\u00e1ria de sa\u00fade no munic\u00edpio de Bel\u00e9m (2013 \u2013 2016) e geriu a secretaria de sa\u00fade no munic\u00edpio de Ara\u00e7agi no per\u00edodo 2017 \u2013 2020. Tamb\u00e9m teve assento no Conselho Estadual de&#8230;<\/p>\n","protected":false},"author":1,"featured_media":5161,"comment_status":"open","ping_status":"open","sticky":false,"template":"","format":"standard","meta":{"footnotes":""},"categories":[59],"tags":[],"class_list":["post-5160","post","type-post","status-publish","format-standard","has-post-thumbnail","hentry","category-secretarias"],"aioseo_notices":[],"_links":{"self":[{"href":"https:\/\/pocinhos.pb.gov.br\/site\/wp-json\/wp\/v2\/posts\/5160","targetHints":{"allow":["GET"]}}],"collection":[{"href":"https:\/\/pocinhos.pb.gov.br\/site\/wp-json\/wp\/v2\/posts"}],"about":[{"href":"https:\/\/pocinhos.pb.gov.br\/site\/wp-json\/wp\/v2\/types\/post"}],"author":[{"embeddable":true,"href":"https:\/\/pocinhos.pb.gov.br\/site\/wp-json\/wp\/v2\/users\/1"}],"replies":[{"embeddable":true,"href":"https:\/\/pocinhos.pb.gov.br\/site\/wp-json\/wp\/v2\/comments?post=5160"}],"version-history":[{"count":4,"href":"https:\/\/pocinhos.pb.gov.br\/site\/wp-json\/wp\/v2\/posts\/5160\/revisions"}],"predecessor-version":[{"id":5167,"href":"https:\/\/pocinhos.pb.gov.br\/site\/wp-json\/wp\/v2\/posts\/5160\/revisions\/5167"}],"wp:featuredmedia":[{"embeddable":true,"href":"https:\/\/pocinhos.pb.gov.br\/site\/wp-json\/wp\/v2\/media\/5161"}],"wp:attachment":[{"href":"https:\/\/pocinhos.pb.gov.br\/site\/wp-json\/wp\/v2\/media?parent=5160"}],"wp:term":[{"taxonomy":"category","embeddable":true,"href":"https:\/\/pocinhos.pb.gov.br\/site\/wp-json\/wp\/v2\/categories?post=5160"},{"taxonomy":"post_tag","embeddable":true,"href":"https:\/\/pocinhos.pb.gov.br\/site\/wp-json\/wp\/v2\/tags?post=5160"}],"curies":[{"name":"wp","href":"https:\/\/api.w.org\/{rel}","templated":true}]}}