{"id":5174,"date":"2025-01-31T02:11:25","date_gmt":"2025-01-31T02:11:25","guid":{"rendered":"https:\/\/pocinhos.pb.gov.br\/site\/?p=5174"},"modified":"2025-01-31T02:26:02","modified_gmt":"2025-01-31T02:26:02","slug":"departamento-de-administracao","status":"publish","type":"post","link":"https:\/\/pocinhos.pb.gov.br\/site\/departamento-de-administracao\/","title":{"rendered":"Departamento de Administra\u00e7\u00e3o e Pessoal"},"content":{"rendered":"\t\t<div data-elementor-type=\"wp-post\" data-elementor-id=\"5174\" class=\"elementor elementor-5174\">\n\t\t\t\t<div class=\"elementor-element elementor-element-7eabb95 e-flex e-con-boxed e-con e-parent\" data-id=\"7eabb95\" data-element_type=\"container\">\n\t\t\t\t\t<div class=\"e-con-inner\">\n\t\t<div class=\"elementor-element elementor-element-5aadc76 e-con-full e-flex e-con e-child\" data-id=\"5aadc76\" data-element_type=\"container\">\n\t\t\t\t<div class=\"elementor-element elementor-element-81bcaae elementor-widget elementor-widget-image\" data-id=\"81bcaae\" data-element_type=\"widget\" data-widget_type=\"image.default\">\n\t\t\t\t<div class=\"elementor-widget-container\">\n\t\t\t\t\t\t\t\t\t\t\t\t\t\t\t<img fetchpriority=\"high\" decoding=\"async\" width=\"210\" height=\"300\" src=\"https:\/\/pocinhos.pb.gov.br\/site\/wp-content\/uploads\/2025\/01\/22fbe13a-0a72-4287-aa03-e8491d741bbf-210x300-1.jpg\" class=\"attachment-large size-large wp-image-5177\" alt=\"\" \/>\t\t\t\t\t\t\t\t\t\t\t\t\t\t\t<\/div>\n\t\t\t\t<\/div>\n\t\t\t\t<\/div>\n\t\t<div class=\"elementor-element elementor-element-6f94349 e-con-full e-flex e-con e-child\" data-id=\"6f94349\" data-element_type=\"container\">\n\t\t\t\t<div class=\"elementor-element elementor-element-de836d8 elementor-widget elementor-widget-heading\" data-id=\"de836d8\" data-element_type=\"widget\" data-widget_type=\"heading.default\">\n\t\t\t\t<div class=\"elementor-widget-container\">\n\t\t\t\t\t<h3 class=\"elementor-heading-title elementor-size-default\">Catarina Cabral<br><i><b>Diretora<\/b><\/i>\n<\/h3>\t\t\t\t<\/div>\n\t\t\t\t<\/div>\n\t\t\t\t<div class=\"elementor-element elementor-element-e2948f3 elementor-widget elementor-widget-text-editor\" data-id=\"e2948f3\" data-element_type=\"widget\" data-widget_type=\"text-editor.default\">\n\t\t\t\t<div class=\"elementor-widget-container\">\n\t\t\t\t\t\t\t\t\t<p>Funcion\u00e1ria efetiva do Munic\u00edpio de Pocinhos desde 1998 no cargo de Auxiliar Administrativo, ficou \u00e0 disposi\u00e7\u00e3o do Minist\u00e9rio Publico onde foi Assessora da Promotoria de Justi\u00e7a de Pocinhos por 10 anos, atuou tamb\u00e9m na C\u00e2mara de Vereadores de Pocinhos por 2 anos consecutivos e hoje est\u00e1 como Diretora do Departamento de Administra\u00e7\u00e3o e Pessoal dessa Edilidade. Sempre trabalhando diretamente com o p\u00fablico.<\/p><p><strong>Telefone:<\/strong> (83) 9 99115.7702<\/p><p><strong>E-mail:<\/strong> dppocinhos@gmail.com<\/p>\t\t\t\t\t\t\t\t<\/div>\n\t\t\t\t<\/div>\n\t\t\t\t<\/div>\n\t\t\t\t\t<\/div>\n\t\t\t\t<\/div>\n\t\t\t\t<\/div>\n\t\t","protected":false},"excerpt":{"rendered":"<p>Catarina CabralDiretora Funcion\u00e1ria efetiva do Munic\u00edpio de Pocinhos desde 1998 no cargo de Auxiliar Administrativo, ficou \u00e0 disposi\u00e7\u00e3o do Minist\u00e9rio Publico onde foi Assessora da Promotoria de Justi\u00e7a de Pocinhos por 10 anos, atuou tamb\u00e9m na C\u00e2mara de Vereadores de Pocinhos por 2 anos consecutivos e hoje est\u00e1 como Diretora do Departamento de Administra\u00e7\u00e3o e&#8230;<\/p>\n","protected":false},"author":1,"featured_media":5176,"comment_status":"open","ping_status":"open","sticky":false,"template":"","format":"standard","meta":{"footnotes":""},"categories":[60],"tags":[],"class_list":["post-5174","post","type-post","status-publish","format-standard","has-post-thumbnail","hentry","category-departamentos"],"aioseo_notices":[],"_links":{"self":[{"href":"https:\/\/pocinhos.pb.gov.br\/site\/wp-json\/wp\/v2\/posts\/5174","targetHints":{"allow":["GET"]}}],"collection":[{"href":"https:\/\/pocinhos.pb.gov.br\/site\/wp-json\/wp\/v2\/posts"}],"about":[{"href":"https:\/\/pocinhos.pb.gov.br\/site\/wp-json\/wp\/v2\/types\/post"}],"author":[{"embeddable":true,"href":"https:\/\/pocinhos.pb.gov.br\/site\/wp-json\/wp\/v2\/users\/1"}],"replies":[{"embeddable":true,"href":"https:\/\/pocinhos.pb.gov.br\/site\/wp-json\/wp\/v2\/comments?post=5174"}],"version-history":[{"count":4,"href":"https:\/\/pocinhos.pb.gov.br\/site\/wp-json\/wp\/v2\/posts\/5174\/revisions"}],"predecessor-version":[{"id":5180,"href":"https:\/\/pocinhos.pb.gov.br\/site\/wp-json\/wp\/v2\/posts\/5174\/revisions\/5180"}],"wp:featuredmedia":[{"embeddable":true,"href":"https:\/\/pocinhos.pb.gov.br\/site\/wp-json\/wp\/v2\/media\/5176"}],"wp:attachment":[{"href":"https:\/\/pocinhos.pb.gov.br\/site\/wp-json\/wp\/v2\/media?parent=5174"}],"wp:term":[{"taxonomy":"category","embeddable":true,"href":"https:\/\/pocinhos.pb.gov.br\/site\/wp-json\/wp\/v2\/categories?post=5174"},{"taxonomy":"post_tag","embeddable":true,"href":"https:\/\/pocinhos.pb.gov.br\/site\/wp-json\/wp\/v2\/tags?post=5174"}],"curies":[{"name":"wp","href":"https:\/\/api.w.org\/{rel}","templated":true}]}}