{"id":5195,"date":"2025-01-31T02:18:05","date_gmt":"2025-01-31T02:18:05","guid":{"rendered":"https:\/\/pocinhos.pb.gov.br\/site\/?p=5195"},"modified":"2025-01-31T02:26:02","modified_gmt":"2025-01-31T02:26:02","slug":"departamento-da-mulher","status":"publish","type":"post","link":"https:\/\/pocinhos.pb.gov.br\/site\/departamento-da-mulher\/","title":{"rendered":"Departamento da Mulher e da Diversidade Humana"},"content":{"rendered":"\t\t<div data-elementor-type=\"wp-post\" data-elementor-id=\"5195\" class=\"elementor elementor-5195\">\n\t\t\t\t<div class=\"elementor-element elementor-element-7eabb95 e-flex e-con-boxed e-con e-parent\" data-id=\"7eabb95\" data-element_type=\"container\">\n\t\t\t\t\t<div class=\"e-con-inner\">\n\t\t<div class=\"elementor-element elementor-element-5aadc76 e-con-full e-flex e-con e-child\" data-id=\"5aadc76\" data-element_type=\"container\">\n\t\t\t\t<div class=\"elementor-element elementor-element-81bcaae elementor-widget elementor-widget-image\" data-id=\"81bcaae\" data-element_type=\"widget\" data-widget_type=\"image.default\">\n\t\t\t\t<div class=\"elementor-widget-container\">\n\t\t\t\t\t\t\t\t\t\t\t\t\t\t\t<img fetchpriority=\"high\" decoding=\"async\" width=\"225\" height=\"300\" src=\"https:\/\/pocinhos.pb.gov.br\/site\/wp-content\/uploads\/2025\/01\/5f0a9432-5017-4e60-8d45-6f0492800423-225x300-1.jpg\" class=\"attachment-large size-large wp-image-5093\" alt=\"\" \/>\t\t\t\t\t\t\t\t\t\t\t\t\t\t\t<\/div>\n\t\t\t\t<\/div>\n\t\t\t\t<\/div>\n\t\t<div class=\"elementor-element elementor-element-6f94349 e-con-full e-flex e-con e-child\" data-id=\"6f94349\" data-element_type=\"container\">\n\t\t\t\t<div class=\"elementor-element elementor-element-de836d8 elementor-widget elementor-widget-heading\" data-id=\"de836d8\" data-element_type=\"widget\" data-widget_type=\"heading.default\">\n\t\t\t\t<div class=\"elementor-widget-container\">\n\t\t\t\t\t<h3 class=\"elementor-heading-title elementor-size-default\">Val\u00e9ria Andrade<br><b><i>Diretora<\/i><\/b>\n<\/h3>\t\t\t\t<\/div>\n\t\t\t\t<\/div>\n\t\t\t\t<div class=\"elementor-element elementor-element-e2948f3 elementor-widget elementor-widget-text-editor\" data-id=\"e2948f3\" data-element_type=\"widget\" data-widget_type=\"text-editor.default\">\n\t\t\t\t<div class=\"elementor-widget-container\">\n\t\t\t\t\t\t\t\t\t<div class=\"post-content-bd\"><p>Graduada em Gest\u00e3o Ambiental pela Universidade Pit\u00e1goras, presidente de Associa\u00e7\u00e3o rural, lideran\u00e7a municipal na comiss\u00e3o de sementes e GT de mulheres do Coletivo Regional, trabalhou no Patac na implanta\u00e7\u00e3o de projetos de forma\u00e7\u00e3o, manejo da \u00e1gua e constru\u00e7\u00e3o de cisternas sendo P1MC na Zona Rural dos munic\u00edpios de Pocinhos e Boa Vista e P1+2 no munic\u00edpio de Olivedos. Trabalho sempre voltado ao p\u00fablico e fam\u00edlias no meio rural com acompanhamento em implanta\u00e7\u00f5es de tecnologias sociais.<\/p><p><strong>Email:<\/strong>\u00a0val_ andrade19@hotmail.com<\/p><p><strong>Telefone:<\/strong>\u00a0(83) 99166.7117<\/p><\/div><footer><\/footer>\t\t\t\t\t\t\t\t<\/div>\n\t\t\t\t<\/div>\n\t\t\t\t<\/div>\n\t\t\t\t\t<\/div>\n\t\t\t\t<\/div>\n\t\t\t\t<\/div>\n\t\t","protected":false},"excerpt":{"rendered":"<p>Val\u00e9ria AndradeDiretora Graduada em Gest\u00e3o Ambiental pela Universidade Pit\u00e1goras, presidente de Associa\u00e7\u00e3o rural, lideran\u00e7a municipal na comiss\u00e3o de sementes e GT de mulheres do Coletivo Regional, trabalhou no Patac na implanta\u00e7\u00e3o de projetos de forma\u00e7\u00e3o, manejo da \u00e1gua e constru\u00e7\u00e3o de cisternas sendo P1MC na Zona Rural dos munic\u00edpios de Pocinhos e Boa Vista e&#8230;<\/p>\n","protected":false},"author":1,"featured_media":5196,"comment_status":"open","ping_status":"open","sticky":false,"template":"","format":"standard","meta":{"footnotes":""},"categories":[60],"tags":[],"class_list":["post-5195","post","type-post","status-publish","format-standard","has-post-thumbnail","hentry","category-departamentos"],"aioseo_notices":[],"_links":{"self":[{"href":"https:\/\/pocinhos.pb.gov.br\/site\/wp-json\/wp\/v2\/posts\/5195","targetHints":{"allow":["GET"]}}],"collection":[{"href":"https:\/\/pocinhos.pb.gov.br\/site\/wp-json\/wp\/v2\/posts"}],"about":[{"href":"https:\/\/pocinhos.pb.gov.br\/site\/wp-json\/wp\/v2\/types\/post"}],"author":[{"embeddable":true,"href":"https:\/\/pocinhos.pb.gov.br\/site\/wp-json\/wp\/v2\/users\/1"}],"replies":[{"embeddable":true,"href":"https:\/\/pocinhos.pb.gov.br\/site\/wp-json\/wp\/v2\/comments?post=5195"}],"version-history":[{"count":4,"href":"https:\/\/pocinhos.pb.gov.br\/site\/wp-json\/wp\/v2\/posts\/5195\/revisions"}],"predecessor-version":[{"id":5200,"href":"https:\/\/pocinhos.pb.gov.br\/site\/wp-json\/wp\/v2\/posts\/5195\/revisions\/5200"}],"wp:featuredmedia":[{"embeddable":true,"href":"https:\/\/pocinhos.pb.gov.br\/site\/wp-json\/wp\/v2\/media\/5196"}],"wp:attachment":[{"href":"https:\/\/pocinhos.pb.gov.br\/site\/wp-json\/wp\/v2\/media?parent=5195"}],"wp:term":[{"taxonomy":"category","embeddable":true,"href":"https:\/\/pocinhos.pb.gov.br\/site\/wp-json\/wp\/v2\/categories?post=5195"},{"taxonomy":"post_tag","embeddable":true,"href":"https:\/\/pocinhos.pb.gov.br\/site\/wp-json\/wp\/v2\/tags?post=5195"}],"curies":[{"name":"wp","href":"https:\/\/api.w.org\/{rel}","templated":true}]}}