{"id":5230,"date":"2025-01-31T17:40:30","date_gmt":"2025-01-31T17:40:30","guid":{"rendered":"https:\/\/pocinhos.pb.gov.br\/site\/?p=5230"},"modified":"2025-01-31T17:40:45","modified_gmt":"2025-01-31T17:40:45","slug":"licitacoes-janeiro-2022","status":"publish","type":"post","link":"https:\/\/pocinhos.pb.gov.br\/site\/licitacoes-janeiro-2022\/","title":{"rendered":"Licita\u00e7\u00f5es Janeiro 2022"},"content":{"rendered":"<p><a href=\"http:\/\/pocinhos.pb.gov.br\/wp-content\/uploads\/2022\/01\/EDITAL-PP-00001-2022-%E2%80%93-COMBUST%C3%8DVEIS_04-01-2022.pdf\" target=\"_blank\" rel=\"noopener noreferrer\">EDITAL PP 00001-2022 \u2013 COMBUST\u00cdVEIS<\/a><\/p>\n<p><a href=\"http:\/\/pocinhos.pb.gov.br\/wp-content\/uploads\/2022\/01\/EDITAL-PP-00002-2022-%E2%80%93-G%C3%81S_06-01-2022.pdf\" target=\"_blank\" rel=\"noopener noreferrer\">EDITAL PP 00002-2022 \u2013 G\u00c1S<\/a><\/p>\n<p><a href=\"http:\/\/pocinhos.pb.gov.br\/wp-content\/uploads\/2022\/01\/EDITAL-TP-00001-2022-%E2%80%93-ARRUDA_06-01-2022.pdf\" target=\"_blank\" rel=\"noopener noreferrer\">EDITAL TP 00001-2022 \u2013 ARRUDA<\/a><\/p>\n<p><a href=\"http:\/\/pocinhos.pb.gov.br\/wp-content\/uploads\/2022\/01\/EDITAL-PP-10001-2022-%E2%80%93-AMBUL%C3%82NCIA_11-01-2022.pdf\" target=\"_blank\" rel=\"noopener noreferrer\">EDITAL PP 10001-2022 \u2013 AMBUL\u00c2NCIA<\/a><\/p>\n<p><a href=\"http:\/\/pocinhos.pb.gov.br\/wp-content\/uploads\/2022\/01\/EDITAL-PP-00003-2022-%E2%80%93-TRATOR_13-01-2022.pdf\" target=\"_blank\" rel=\"noopener noreferrer\">EDITAL PP 00003-2022 \u2013 TRATOR<\/a><\/p>\n<p><a href=\"http:\/\/pocinhos.pb.gov.br\/wp-content\/uploads\/2022\/01\/EDITAL-TP-10001-2022-%E2%80%93-REFORMA-HOSPITAL-PROJETO_28-01-2022.pdf\" target=\"_blank\" rel=\"noopener noreferrer\">EDITAL TP 10001-2022 \u2013 REFORMA HOSPITAL + PROJETO<\/a><\/p>\n<p><a href=\"http:\/\/pocinhos.pb.gov.br\/wp-content\/uploads\/2022\/01\/DISPENSA-00001-2022-ADMINISTRA%C3%87%C3%83O-SERVI%C3%87OS-GR%C3%81FICO-DIVERSOS-COM-IMPRESS%C3%83O-DIGITAL.pdf\" target=\"_blank\" rel=\"noopener noreferrer\">DISPENSA 00001-2022 \u2013 ADMINISTRA\u00c7\u00c3O \u2013 SERVI\u00c7OS GR\u00c1FICO DIVERSOS COM IMPRESS\u00c3O DIGITAL<\/a><\/p>\n","protected":false},"excerpt":{"rendered":"<p>EDITAL PP 00001-2022 \u2013 COMBUST\u00cdVEIS EDITAL PP 00002-2022 \u2013 G\u00c1S EDITAL TP 00001-2022 \u2013 ARRUDA EDITAL PP 10001-2022 \u2013 AMBUL\u00c2NCIA EDITAL PP 00003-2022 \u2013 TRATOR EDITAL TP 10001-2022 \u2013 REFORMA HOSPITAL + PROJETO DISPENSA 00001-2022 \u2013 ADMINISTRA\u00c7\u00c3O \u2013 SERVI\u00c7OS GR\u00c1FICO DIVERSOS COM IMPRESS\u00c3O DIGITAL<\/p>\n","protected":false},"author":1,"featured_media":5232,"comment_status":"closed","ping_status":"open","sticky":false,"template":"","format":"standard","meta":{"footnotes":""},"categories":[58],"tags":[],"class_list":["post-5230","post","type-post","status-publish","format-standard","has-post-thumbnail","hentry","category-licitacoes-2022"],"aioseo_notices":[],"_links":{"self":[{"href":"https:\/\/pocinhos.pb.gov.br\/site\/wp-json\/wp\/v2\/posts\/5230","targetHints":{"allow":["GET"]}}],"collection":[{"href":"https:\/\/pocinhos.pb.gov.br\/site\/wp-json\/wp\/v2\/posts"}],"about":[{"href":"https:\/\/pocinhos.pb.gov.br\/site\/wp-json\/wp\/v2\/types\/post"}],"author":[{"embeddable":true,"href":"https:\/\/pocinhos.pb.gov.br\/site\/wp-json\/wp\/v2\/users\/1"}],"replies":[{"embeddable":true,"href":"https:\/\/pocinhos.pb.gov.br\/site\/wp-json\/wp\/v2\/comments?post=5230"}],"version-history":[{"count":1,"href":"https:\/\/pocinhos.pb.gov.br\/site\/wp-json\/wp\/v2\/posts\/5230\/revisions"}],"predecessor-version":[{"id":5231,"href":"https:\/\/pocinhos.pb.gov.br\/site\/wp-json\/wp\/v2\/posts\/5230\/revisions\/5231"}],"wp:featuredmedia":[{"embeddable":true,"href":"https:\/\/pocinhos.pb.gov.br\/site\/wp-json\/wp\/v2\/media\/5232"}],"wp:attachment":[{"href":"https:\/\/pocinhos.pb.gov.br\/site\/wp-json\/wp\/v2\/media?parent=5230"}],"wp:term":[{"taxonomy":"category","embeddable":true,"href":"https:\/\/pocinhos.pb.gov.br\/site\/wp-json\/wp\/v2\/categories?post=5230"},{"taxonomy":"post_tag","embeddable":true,"href":"https:\/\/pocinhos.pb.gov.br\/site\/wp-json\/wp\/v2\/tags?post=5230"}],"curies":[{"name":"wp","href":"https:\/\/api.w.org\/{rel}","templated":true}]}}