{"id":5236,"date":"2025-01-31T17:43:47","date_gmt":"2025-01-31T17:43:47","guid":{"rendered":"https:\/\/pocinhos.pb.gov.br\/site\/?p=5236"},"modified":"2025-01-31T17:43:47","modified_gmt":"2025-01-31T17:43:47","slug":"licitacoes-marco-2022","status":"publish","type":"post","link":"https:\/\/pocinhos.pb.gov.br\/site\/licitacoes-marco-2022\/","title":{"rendered":"Licita\u00e7\u00f5es Mar\u00e7o 2022"},"content":{"rendered":"<p><a href=\"http:\/\/pocinhos.pb.gov.br\/wp-content\/uploads\/2022\/03\/EDITAL-PP-00008-2022-AQUISI%C3%87%C3%83O-DE-MATERIAL-M%C3%89DICO-HOSPITALAR-DESTINADO-AO-HOSPITAL-E-MATERNIDADE_17-03-2022.pdf\" target=\"_blank\" rel=\"noopener noreferrer\">EDITAL PP 00008-2022 AQUISI\u00c7\u00c3O DE MATERIAL M\u00c9DICO HOSPITALAR DESTINADO AO HOSPITAL E MATERNIDADE<\/a><\/p>\n<p><a href=\"http:\/\/pocinhos.pb.gov.br\/wp-content\/uploads\/2022\/03\/EDITAL-PP-00012-2022-CONTRATA%C3%87%C3%83O-DE-EMPRESA-DO-RAMO-PARA-EXECUTAR-SERVI%C3%87OS-DE-CONFEC%C3%87%C3%83O-DE-CADERNOS.pdf\" target=\"_blank\" rel=\"noopener noreferrer\">EDITAL PP 00012-2022 \u2013 CONTRATA\u00c7\u00c3O DE EMPRESA DO RAMO PARA EXECUTAR SERVI\u00c7OS DE CONFEC\u00c7\u00c3O DE CADERNO<\/a><\/p>\n<p><a href=\"http:\/\/pocinhos.pb.gov.br\/wp-content\/uploads\/2022\/03\/EDITAL-PP-00013-2022-CONTRATA%C3%87%C3%83O-DE-EMPRESA-DO-RAMO-PARA-AQUISI%C3%87%C3%83O-DO-MATERIAL-DE-EXPEDIENTE-E-DID%C3%81TICOS-DA-SECRETARIA-DE-EDUCA%C3%87%C3%83O.pdf\" target=\"_blank\" rel=\"noopener noreferrer\">EDITAL PP 00013-2022 \u2013 CONTRATA\u00c7\u00c3O DE EMPRESA DO RAMO PARA AQUISI\u00c7\u00c3O DO MATERIAL DE EXPEDIENTE E DID\u00c1TICOS DA SECRETARIA DE EDUCA\u00c7\u00c3O<\/a><\/p>\n<p><a href=\"http:\/\/pocinhos.pb.gov.br\/wp-content\/uploads\/2022\/03\/EDITAL-PP-00009-2022-AQUISI%C3%87%C3%83O-DE-G%C3%8ANEROS-ALIMENT%C3%8DCIOS-DESTINADO-AO-HOSPITAL-E-MATERNIDADE-MUNICIPAL.pdf\" target=\"_blank\" rel=\"noopener noreferrer\">EDITAL PP 00009-2022 \u2013 AQUISI\u00c7\u00c3O DE G\u00caNEROS ALIMENT\u00cdCIOS DESTINADO AO HOSPITAL E MATERNIDADE MUNICIPAL<\/a><\/p>\n<p><a href=\"http:\/\/pocinhos.pb.gov.br\/wp-content\/uploads\/2022\/03\/EDITAL-PP-10004-2022-AQUISI%C3%87%C3%83O-DE-MEDICAMENTOS.pdf\" target=\"_blank\" rel=\"noopener noreferrer\">EDITAL PP 10004-2022- AQUISI\u00c7\u00c3O DE MEDICAMENTOS<\/a><\/p>\n<p><a href=\"http:\/\/pocinhos.pb.gov.br\/wp-content\/uploads\/2022\/03\/EDITAL-PP-00014-2022-AQUISI%C3%87%C3%83O-DE-PEIXES-PARA-DISTRIBUI%C3%87%C3%83O-NA-SEMANA-SANTA.pdf\" target=\"_blank\" rel=\"noopener noreferrer\">EDITAL PP 00014-2022 \u2013 AQUISI\u00c7\u00c3O DE PEIXES, PARA DISTRIBUI\u00c7\u00c3O NA SEMANA SANTA<\/a><\/p>\n<p><a href=\"http:\/\/pocinhos.pb.gov.br\/wp-content\/uploads\/2022\/03\/EDITAL-TP-00007-2022-CONSTRU%C3%87%C3%83O-DA-PRA%C3%87A-DA-VILA-DOS-POBRES.pdf\" target=\"_blank\" rel=\"noopener noreferrer\">EDITAL TP 00007-2022 \u2013 CONSTRU\u00c7\u00c3O DA PRA\u00c7A DA VILA DOS POBRES<\/a><\/p>\n<p><a href=\"http:\/\/pocinhos.pb.gov.br\/wp-content\/uploads\/2022\/03\/EDITAL-TP-00006-2022-CONSTRU%C3%87%C3%83O-DE-UMA-ESCOLA.pdf\" target=\"_blank\" rel=\"noopener noreferrer\">EDITAL TP 00006-2022 \u2013 CONSTRU\u00c7\u00c3O DE UMA ESCOLA<\/a><\/p>\n<p><a href=\"http:\/\/pocinhos.pb.gov.br\/wp-content\/uploads\/2022\/03\/EDITAL-TP-00003-2022-CONCLUS%C3%83O-DE-QUADRA-COBERTA-COM-VESTI%C3%81RIO.pdf\" target=\"_blank\" rel=\"noopener noreferrer\">EDITAL TP 00003-2022 \u2013 CONCLUS\u00c3O DE QUADRA COBERTA COM VESTI\u00c1RIO 1<\/a><\/p>\n<p><a href=\"http:\/\/pocinhos.pb.gov.br\/wp-content\/uploads\/2022\/03\/EDITAL-TP-00004-2022-PAVIMENTA%C3%87%C3%83O-DE-DIVERSAS-RUAS.pdf\" target=\"_blank\" rel=\"noopener noreferrer\">EDITAL TP 00004-2022 \u2013 PAVIMENTA\u00c7\u00c3O DE DIVERSAS RUAS<\/a><\/p>\n<p><a href=\"http:\/\/pocinhos.pb.gov.br\/wp-content\/uploads\/2022\/03\/EDITAL-TP-00005-2022-CONCLUS%C3%83O-DE-QUADRA-COBERTA-COM-VESTI%C3%81RIO-2.pdf\" target=\"_blank\" rel=\"noopener noreferrer\">EDITAL TP 00005-2022 \u2013 CONCLUS\u00c3O DE QUADRA COBERTA COM VESTI\u00c1RIO 2<\/a><\/p>\n","protected":false},"excerpt":{"rendered":"<p>EDITAL PP 00008-2022 AQUISI\u00c7\u00c3O DE MATERIAL M\u00c9DICO HOSPITALAR DESTINADO AO HOSPITAL E MATERNIDADE EDITAL PP 00012-2022 \u2013 CONTRATA\u00c7\u00c3O DE EMPRESA DO RAMO PARA EXECUTAR SERVI\u00c7OS DE CONFEC\u00c7\u00c3O DE CADERNO EDITAL PP 00013-2022 \u2013 CONTRATA\u00c7\u00c3O DE EMPRESA DO RAMO PARA AQUISI\u00c7\u00c3O DO MATERIAL DE EXPEDIENTE E DID\u00c1TICOS DA SECRETARIA DE EDUCA\u00c7\u00c3O EDITAL PP 00009-2022 \u2013 AQUISI\u00c7\u00c3O&#8230;<\/p>\n","protected":false},"author":1,"featured_media":5237,"comment_status":"closed","ping_status":"open","sticky":false,"template":"","format":"standard","meta":{"footnotes":""},"categories":[58],"tags":[],"class_list":["post-5236","post","type-post","status-publish","format-standard","has-post-thumbnail","hentry","category-licitacoes-2022"],"aioseo_notices":[],"_links":{"self":[{"href":"https:\/\/pocinhos.pb.gov.br\/site\/wp-json\/wp\/v2\/posts\/5236","targetHints":{"allow":["GET"]}}],"collection":[{"href":"https:\/\/pocinhos.pb.gov.br\/site\/wp-json\/wp\/v2\/posts"}],"about":[{"href":"https:\/\/pocinhos.pb.gov.br\/site\/wp-json\/wp\/v2\/types\/post"}],"author":[{"embeddable":true,"href":"https:\/\/pocinhos.pb.gov.br\/site\/wp-json\/wp\/v2\/users\/1"}],"replies":[{"embeddable":true,"href":"https:\/\/pocinhos.pb.gov.br\/site\/wp-json\/wp\/v2\/comments?post=5236"}],"version-history":[{"count":1,"href":"https:\/\/pocinhos.pb.gov.br\/site\/wp-json\/wp\/v2\/posts\/5236\/revisions"}],"predecessor-version":[{"id":5238,"href":"https:\/\/pocinhos.pb.gov.br\/site\/wp-json\/wp\/v2\/posts\/5236\/revisions\/5238"}],"wp:featuredmedia":[{"embeddable":true,"href":"https:\/\/pocinhos.pb.gov.br\/site\/wp-json\/wp\/v2\/media\/5237"}],"wp:attachment":[{"href":"https:\/\/pocinhos.pb.gov.br\/site\/wp-json\/wp\/v2\/media?parent=5236"}],"wp:term":[{"taxonomy":"category","embeddable":true,"href":"https:\/\/pocinhos.pb.gov.br\/site\/wp-json\/wp\/v2\/categories?post=5236"},{"taxonomy":"post_tag","embeddable":true,"href":"https:\/\/pocinhos.pb.gov.br\/site\/wp-json\/wp\/v2\/tags?post=5236"}],"curies":[{"name":"wp","href":"https:\/\/api.w.org\/{rel}","templated":true}]}}