{"id":5271,"date":"2025-01-31T18:38:06","date_gmt":"2025-01-31T18:38:06","guid":{"rendered":"https:\/\/pocinhos.pb.gov.br\/site\/?p=5271"},"modified":"2025-01-31T18:38:06","modified_gmt":"2025-01-31T18:38:06","slug":"licitacoes-fevereiro-2023","status":"publish","type":"post","link":"https:\/\/pocinhos.pb.gov.br\/site\/licitacoes-fevereiro-2023\/","title":{"rendered":"Licita\u00e7\u00f5es Fevereiro 2023"},"content":{"rendered":"<p><a href=\"http:\/\/pocinhos.pb.gov.br\/wp-content\/uploads\/2023\/02\/EDITAL-PP-00001-2023-SERVI%C3%87OS-CONFEC%C3%87%C3%83O-CADERNOS.pdf\" target=\"_blank\" rel=\"noopener noreferrer\">EDITAL PP 00001-2023 \u2013 SERVI\u00c7OS CONFEC\u00c7\u00c3O CADERNOS<\/a><\/p>\n<p><a href=\"http:\/\/pocinhos.pb.gov.br\/wp-content\/uploads\/2023\/02\/EDITAL-PP-00002-2023-AQUISI%C3%87%C3%83O-DE-HORTIFRUTIGRANJEIRO.pdf\" target=\"_blank\" rel=\"noopener noreferrer\">EDITAL PP 00002-2023 \u2013 AQUISI\u00c7\u00c3O DE HORTIFRUTIGRANJEIRO<\/a><\/p>\n<p><a href=\"http:\/\/pocinhos.pb.gov.br\/wp-content\/uploads\/2023\/02\/EDITAL-TP-00001-2023-CONCLUSAO-DE-QUADRA-COBERTA-ID.1008392.pdf\" target=\"_blank\" rel=\"noopener noreferrer\">EDITAL TP 00001-2023 \u2013 CONCLUSAO DE QUADRA COBERTA ID.1008392<\/a><\/p>\n<p><a href=\"http:\/\/pocinhos.pb.gov.br\/wp-content\/uploads\/2023\/02\/EDITAL-PP-00003-2023-MATERIAL-DID%C3%81TICO-ESCOLAR.pdf\" target=\"_blank\" rel=\"noopener noreferrer\">EDITAL PP 00003-2023 \u2013 MATERIAL DID\u00c1TICO ESCOLAR<\/a><\/p>\n<p><a href=\"http:\/\/pocinhos.pb.gov.br\/wp-content\/uploads\/2023\/02\/EDITAL-PP-00004-2023-SERVI%C3%87OS-DE-LAVA-JATO.pdf\" target=\"_blank\" rel=\"noopener noreferrer\">EDITAL PP 00004-2023 \u2013 SERVI\u00c7OS DE LAVA-JATO<\/a><\/p>\n","protected":false},"excerpt":{"rendered":"<p>EDITAL PP 00001-2023 \u2013 SERVI\u00c7OS CONFEC\u00c7\u00c3O CADERNOS EDITAL PP 00002-2023 \u2013 AQUISI\u00c7\u00c3O DE HORTIFRUTIGRANJEIRO EDITAL TP 00001-2023 \u2013 CONCLUSAO DE QUADRA COBERTA ID.1008392 EDITAL PP 00003-2023 \u2013 MATERIAL DID\u00c1TICO ESCOLAR EDITAL PP 00004-2023 \u2013 SERVI\u00c7OS DE LAVA-JATO<\/p>\n","protected":false},"author":1,"featured_media":5272,"comment_status":"closed","ping_status":"open","sticky":false,"template":"","format":"standard","meta":{"footnotes":""},"categories":[57],"tags":[],"class_list":["post-5271","post","type-post","status-publish","format-standard","has-post-thumbnail","hentry","category-licitacoes-2023"],"aioseo_notices":[],"_links":{"self":[{"href":"https:\/\/pocinhos.pb.gov.br\/site\/wp-json\/wp\/v2\/posts\/5271","targetHints":{"allow":["GET"]}}],"collection":[{"href":"https:\/\/pocinhos.pb.gov.br\/site\/wp-json\/wp\/v2\/posts"}],"about":[{"href":"https:\/\/pocinhos.pb.gov.br\/site\/wp-json\/wp\/v2\/types\/post"}],"author":[{"embeddable":true,"href":"https:\/\/pocinhos.pb.gov.br\/site\/wp-json\/wp\/v2\/users\/1"}],"replies":[{"embeddable":true,"href":"https:\/\/pocinhos.pb.gov.br\/site\/wp-json\/wp\/v2\/comments?post=5271"}],"version-history":[{"count":1,"href":"https:\/\/pocinhos.pb.gov.br\/site\/wp-json\/wp\/v2\/posts\/5271\/revisions"}],"predecessor-version":[{"id":5273,"href":"https:\/\/pocinhos.pb.gov.br\/site\/wp-json\/wp\/v2\/posts\/5271\/revisions\/5273"}],"wp:featuredmedia":[{"embeddable":true,"href":"https:\/\/pocinhos.pb.gov.br\/site\/wp-json\/wp\/v2\/media\/5272"}],"wp:attachment":[{"href":"https:\/\/pocinhos.pb.gov.br\/site\/wp-json\/wp\/v2\/media?parent=5271"}],"wp:term":[{"taxonomy":"category","embeddable":true,"href":"https:\/\/pocinhos.pb.gov.br\/site\/wp-json\/wp\/v2\/categories?post=5271"},{"taxonomy":"post_tag","embeddable":true,"href":"https:\/\/pocinhos.pb.gov.br\/site\/wp-json\/wp\/v2\/tags?post=5271"}],"curies":[{"name":"wp","href":"https:\/\/api.w.org\/{rel}","templated":true}]}}