{"id":5295,"date":"2025-01-31T18:54:29","date_gmt":"2025-01-31T18:54:29","guid":{"rendered":"https:\/\/pocinhos.pb.gov.br\/site\/?p=5295"},"modified":"2025-01-31T18:54:53","modified_gmt":"2025-01-31T18:54:53","slug":"licitacoes-outubro-2023","status":"publish","type":"post","link":"https:\/\/pocinhos.pb.gov.br\/site\/licitacoes-outubro-2023\/","title":{"rendered":"Licita\u00e7\u00f5es Outubro 2023"},"content":{"rendered":"<p><a href=\"http:\/\/pocinhos.pb.gov.br\/wp-content\/uploads\/2023\/10\/EDITAL-CE-00001-2023-EMPRESA-RAMO-CONSTRU%C3%87%C3%83O-CIVIL-REFORMA-GALDIN%C3%83O.pdf\" target=\"_blank\" rel=\"noopener noreferrer\">EDITAL CE 00001-2023 \u2013 EMPRESA RAMO CONSTRU\u00c7\u00c3O CIVIL \u2013 REFORMA GALDIN\u00c3O<\/a><\/p>\n<p><a href=\"http:\/\/pocinhos.pb.gov.br\/wp-content\/uploads\/2023\/10\/EDITAL-CE-00002-2023-EMPRESA-RAMO-CONSTRU%C3%87%C3%83O-CIVIL-PAVIMENTA%C3%87%C3%83O.pdf\" target=\"_blank\" rel=\"noopener noreferrer\">EDITAL CE 00002-2023 \u2013 EMPRESA RAMO CONSTRU\u00c7\u00c3O CIVIL \u2013 PAVIMENTA\u00c7\u00c3O<\/a><\/p>\n<p><a href=\"http:\/\/pocinhos.pb.gov.br\/wp-content\/uploads\/2023\/10\/EDITAL-TP-00008-2023-CONTRATA%C3%87%C3%83O-EMPRESA-RAMO-CONSTRU%C3%87%C3%83O-CIVIL-EXECUTAR-OBRAS-ADEQUA%C3%87%C3%83O-ESTRADAS-VICINAIS.pdf\" target=\"_blank\" rel=\"noopener noreferrer\">EDITAL TP 00008-2023 \u2013 CONTRATA\u00c7\u00c3O EMPRESA RAMO CONSTRU\u00c7\u00c3O CIVIL EXECUTAR OBRAS ADEQUA\u00c7\u00c3O ESTRADAS VICINAIS<\/a><\/p>\n<p><a href=\"http:\/\/pocinhos.pb.gov.br\/wp-content\/uploads\/2023\/10\/EDITAL-PP-00024-2023-CONTRATATA%C3%87%C3%83O-EMPRESA-RAMO-CONFECC%C3%87%C3%83O-CAMISETAS-COM-IMPRESS%C3%83O.pdf\" target=\"_blank\" rel=\"noopener noreferrer\">EDITAL PP 00024-2023 \u2013 CONTRATATA\u00c7\u00c3O EMPRESA RAMO CONFECC\u00c7\u00c3O CAMISETAS COM IMPRESS\u00c3O<\/a><\/p>\n<p><a href=\"http:\/\/pocinhos.pb.gov.br\/wp-content\/uploads\/2023\/10\/EDITAL-TP-00010-2023-CONTRATATA%C3%87%C3%83O-EMPRESA-RAMO-CONSTRU%C3%87%C3%83O-CIVIL-OBRAS-PAVIMENTA%C3%87%C3%83O.pdf\" target=\"_blank\" rel=\"noopener noreferrer\">EDITAL TP 00010-2023 \u2013 CONTRATATA\u00c7\u00c3O EMPRESA RAMO CONSTRU\u00c7\u00c3O CIVIL OBRAS PAVIMENTA\u00c7\u00c3O<\/a><\/p>\n","protected":false},"excerpt":{"rendered":"<p>EDITAL CE 00001-2023 \u2013 EMPRESA RAMO CONSTRU\u00c7\u00c3O CIVIL \u2013 REFORMA GALDIN\u00c3O EDITAL CE 00002-2023 \u2013 EMPRESA RAMO CONSTRU\u00c7\u00c3O CIVIL \u2013 PAVIMENTA\u00c7\u00c3O EDITAL TP 00008-2023 \u2013 CONTRATA\u00c7\u00c3O EMPRESA RAMO CONSTRU\u00c7\u00c3O CIVIL EXECUTAR OBRAS ADEQUA\u00c7\u00c3O ESTRADAS VICINAIS EDITAL PP 00024-2023 \u2013 CONTRATATA\u00c7\u00c3O EMPRESA RAMO CONFECC\u00c7\u00c3O CAMISETAS COM IMPRESS\u00c3O EDITAL TP 00010-2023 \u2013 CONTRATATA\u00c7\u00c3O EMPRESA RAMO CONSTRU\u00c7\u00c3O CIVIL&#8230;<\/p>\n","protected":false},"author":1,"featured_media":5297,"comment_status":"closed","ping_status":"open","sticky":false,"template":"","format":"standard","meta":{"footnotes":""},"categories":[57],"tags":[],"class_list":["post-5295","post","type-post","status-publish","format-standard","has-post-thumbnail","hentry","category-licitacoes-2023"],"aioseo_notices":[],"_links":{"self":[{"href":"https:\/\/pocinhos.pb.gov.br\/site\/wp-json\/wp\/v2\/posts\/5295","targetHints":{"allow":["GET"]}}],"collection":[{"href":"https:\/\/pocinhos.pb.gov.br\/site\/wp-json\/wp\/v2\/posts"}],"about":[{"href":"https:\/\/pocinhos.pb.gov.br\/site\/wp-json\/wp\/v2\/types\/post"}],"author":[{"embeddable":true,"href":"https:\/\/pocinhos.pb.gov.br\/site\/wp-json\/wp\/v2\/users\/1"}],"replies":[{"embeddable":true,"href":"https:\/\/pocinhos.pb.gov.br\/site\/wp-json\/wp\/v2\/comments?post=5295"}],"version-history":[{"count":2,"href":"https:\/\/pocinhos.pb.gov.br\/site\/wp-json\/wp\/v2\/posts\/5295\/revisions"}],"predecessor-version":[{"id":5299,"href":"https:\/\/pocinhos.pb.gov.br\/site\/wp-json\/wp\/v2\/posts\/5295\/revisions\/5299"}],"wp:featuredmedia":[{"embeddable":true,"href":"https:\/\/pocinhos.pb.gov.br\/site\/wp-json\/wp\/v2\/media\/5297"}],"wp:attachment":[{"href":"https:\/\/pocinhos.pb.gov.br\/site\/wp-json\/wp\/v2\/media?parent=5295"}],"wp:term":[{"taxonomy":"category","embeddable":true,"href":"https:\/\/pocinhos.pb.gov.br\/site\/wp-json\/wp\/v2\/categories?post=5295"},{"taxonomy":"post_tag","embeddable":true,"href":"https:\/\/pocinhos.pb.gov.br\/site\/wp-json\/wp\/v2\/tags?post=5295"}],"curies":[{"name":"wp","href":"https:\/\/api.w.org\/{rel}","templated":true}]}}