{"id":5300,"date":"2025-01-31T18:58:33","date_gmt":"2025-01-31T18:58:33","guid":{"rendered":"https:\/\/pocinhos.pb.gov.br\/site\/?p=5300"},"modified":"2025-01-31T18:58:33","modified_gmt":"2025-01-31T18:58:33","slug":"licitacoes-novembro-2023","status":"publish","type":"post","link":"https:\/\/pocinhos.pb.gov.br\/site\/licitacoes-novembro-2023\/","title":{"rendered":"Licita\u00e7\u00f5es Novembro 2023"},"content":{"rendered":"<p><a href=\"http:\/\/pocinhos.pb.gov.br\/wp-content\/uploads\/2023\/11\/EDITAL-PP-00025-2023-CONTRATA%C3%87%C3%83O-EMPRESA-RAMO-AQUISI%C3%87%C3%83O-PARCELADA-FRANGO-RESFRIADO-DESTINADO-ATENDER-DEMANDAS-SECRETARIA-ASSIST%C3%8ANCIA-SOCIAL.pdf\" target=\"_blank\" rel=\"noopener noreferrer\">EDITAL PP 00025-2023 \u2013 CONTRATA\u00c7\u00c3O EMPRESA RAMO AQUISI\u00c7\u00c3O PARCELADA FRANGO RESFRIADO DESTINADO ATENDER DEMANDAS SECRETARIA ASSIST\u00caNCIA SOCIAL<\/a><\/p>\n<p><a href=\"http:\/\/pocinhos.pb.gov.br\/wp-content\/uploads\/2023\/11\/EDITAL-PP-00026-2023-AQUISI%C3%87%C3%83O-EQUIPAMENTOS-E-MATERIAL-PERMANENTE-DESTINADOS-A-SECRETARIA-DE-EDUCA%C3%87%C3%83O.pdf\" target=\"_blank\" rel=\"noopener noreferrer\">EDITAL PP 00026-2023 \u2013 AQUISI\u00c7\u00c3O EQUIPAMENTOS E MATERIAL PERMANENTE DESTINADOS A SECRETARIA DE EDUCA\u00c7\u00c3O<\/a><\/p>\n<p><a href=\"http:\/\/pocinhos.pb.gov.br\/wp-content\/uploads\/2023\/11\/EDITAL-PP-00027-2023-INSTALA%C3%87%C3%83O-DE-AR-CONDICIONADOS-DESTINADOS-A-SECRETARIA-DE-EDUCA%C3%87%C3%83O.pdf\" target=\"_blank\" rel=\"noopener noreferrer\">EDITAL PP 00027-2023 \u2013 INSTALA\u00c7\u00c3O DE AR CONDICIONADOS DESTINADOS A SECRETARIA DE EDUCA\u00c7\u00c3O<\/a><\/p>\n<p><a href=\"http:\/\/pocinhos.pb.gov.br\/wp-content\/uploads\/2023\/11\/EDITAL-TP-00012-2023-EMPRESA-DO-RAMO-DE-PAVIMENTA%C3%87%C3%83O-NAS-COMUNIDADES-BOQUEIRAO-E-PEDRA-REDONDA.pdf\" target=\"_blank\" rel=\"noopener noreferrer\">EDITAL TP 00012-2023 \u2013 EMPRESA DO RAMO DE PAVIMENTA\u00c7\u00c3O NAS COMUNIDADES BOQUEIRAO E PEDRA REDONDA<\/a><\/p>\n<p><a href=\"http:\/\/pocinhos.pb.gov.br\/wp-content\/uploads\/2023\/11\/EDITAL-TP-00013-2023-EXECUTAR-OBRAS-REMANESCENTES-CONSTRU%C3%87%C3%83O-UNIDADE-ESCOLAR-SEIS-SALAS-AULA-ARRUDA.pdf\" target=\"_blank\" rel=\"noopener noreferrer\">EDITAL TP 00013-2023 \u2013 EXECUTAR OBRAS REMANESCENTES CONSTRU\u00c7\u00c3O UNIDADE ESCOLAR SEIS SALAS AULA ARRUDA<\/a><\/p>\n<p><a href=\"http:\/\/pocinhos.pb.gov.br\/wp-content\/uploads\/2023\/11\/EDITAL-PP-10021-2023-AQUISI%C3%87%C3%83O-DE-MATERIAL-M%C3%89DICO-HOSPITALAR.pdf\" target=\"_blank\" rel=\"noopener noreferrer\">EDITAL PP 10021-2023 \u2013 AQUISI\u00c7\u00c3O DE MATERIAL M\u00c9DICO HOSPITALAR<\/a><\/p>\n<p><a href=\"http:\/\/pocinhos.pb.gov.br\/wp-content\/uploads\/2023\/11\/EDITAL-PP-10022-2023-AQUISI%C3%87%C3%83O-DE-MEDICAMENTOS-INJET%C3%81VEIS.pdf\" target=\"_blank\" rel=\"noopener noreferrer\">EDITAL PP 10022-2023 \u2013 AQUISI\u00c7\u00c3O DE MEDICAMENTOS INJET\u00c1VEIS<\/a><\/p>\n","protected":false},"excerpt":{"rendered":"<p>EDITAL PP 00025-2023 \u2013 CONTRATA\u00c7\u00c3O EMPRESA RAMO AQUISI\u00c7\u00c3O PARCELADA FRANGO RESFRIADO DESTINADO ATENDER DEMANDAS SECRETARIA ASSIST\u00caNCIA SOCIAL EDITAL PP 00026-2023 \u2013 AQUISI\u00c7\u00c3O EQUIPAMENTOS E MATERIAL PERMANENTE DESTINADOS A SECRETARIA DE EDUCA\u00c7\u00c3O EDITAL PP 00027-2023 \u2013 INSTALA\u00c7\u00c3O DE AR CONDICIONADOS DESTINADOS A SECRETARIA DE EDUCA\u00c7\u00c3O EDITAL TP 00012-2023 \u2013 EMPRESA DO RAMO DE PAVIMENTA\u00c7\u00c3O NAS COMUNIDADES&#8230;<\/p>\n","protected":false},"author":1,"featured_media":5301,"comment_status":"closed","ping_status":"open","sticky":false,"template":"","format":"standard","meta":{"footnotes":""},"categories":[57],"tags":[],"class_list":["post-5300","post","type-post","status-publish","format-standard","has-post-thumbnail","hentry","category-licitacoes-2023"],"aioseo_notices":[],"_links":{"self":[{"href":"https:\/\/pocinhos.pb.gov.br\/site\/wp-json\/wp\/v2\/posts\/5300","targetHints":{"allow":["GET"]}}],"collection":[{"href":"https:\/\/pocinhos.pb.gov.br\/site\/wp-json\/wp\/v2\/posts"}],"about":[{"href":"https:\/\/pocinhos.pb.gov.br\/site\/wp-json\/wp\/v2\/types\/post"}],"author":[{"embeddable":true,"href":"https:\/\/pocinhos.pb.gov.br\/site\/wp-json\/wp\/v2\/users\/1"}],"replies":[{"embeddable":true,"href":"https:\/\/pocinhos.pb.gov.br\/site\/wp-json\/wp\/v2\/comments?post=5300"}],"version-history":[{"count":1,"href":"https:\/\/pocinhos.pb.gov.br\/site\/wp-json\/wp\/v2\/posts\/5300\/revisions"}],"predecessor-version":[{"id":5302,"href":"https:\/\/pocinhos.pb.gov.br\/site\/wp-json\/wp\/v2\/posts\/5300\/revisions\/5302"}],"wp:featuredmedia":[{"embeddable":true,"href":"https:\/\/pocinhos.pb.gov.br\/site\/wp-json\/wp\/v2\/media\/5301"}],"wp:attachment":[{"href":"https:\/\/pocinhos.pb.gov.br\/site\/wp-json\/wp\/v2\/media?parent=5300"}],"wp:term":[{"taxonomy":"category","embeddable":true,"href":"https:\/\/pocinhos.pb.gov.br\/site\/wp-json\/wp\/v2\/categories?post=5300"},{"taxonomy":"post_tag","embeddable":true,"href":"https:\/\/pocinhos.pb.gov.br\/site\/wp-json\/wp\/v2\/tags?post=5300"}],"curies":[{"name":"wp","href":"https:\/\/api.w.org\/{rel}","templated":true}]}}