{"id":5345,"date":"2025-02-01T07:00:07","date_gmt":"2025-02-01T07:00:07","guid":{"rendered":"https:\/\/pocinhos.pb.gov.br\/site\/?p=5345"},"modified":"2025-02-26T14:15:26","modified_gmt":"2025-02-26T14:15:26","slug":"licitacoes-fevereiro-2025","status":"publish","type":"post","link":"https:\/\/pocinhos.pb.gov.br\/site\/licitacoes-fevereiro-2025\/","title":{"rendered":"Licita\u00e7\u00f5es Fevereiro 2025"},"content":{"rendered":"<p><a href=\"https:\/\/pocinhos.pb.gov.br\/site\/wp-content\/uploads\/2025\/02\/EDITAL-CE-00002-2025-EMPRESA-RAMO-ENGENHARIA-CIVIL-EXECUCAO-OBRAS-REFORMA-CENTRO-CULTURAL-E-EDUCACIONAL-SAO-JOSE.pdf\" target=\"_blank\" rel=\"noopener\">EDITAL CE 00002-2025-EMPRESA RAMO ENGENHARIA CIVIL EXECUCAO OBRAS REFORMA CENTRO CULTURAL E EDUCACIONAL SAO JOSE<\/a><\/p>\n<p><a href=\"https:\/\/pocinhos.pb.gov.br\/site\/wp-content\/uploads\/2025\/02\/EDITAL-CE-00003-2025-EMPRESA-RAMO-CONSTRUCAO-CIVIL-OBRAS-CRECHE-PRE-ESCOLA-FNDE-TIPO-2.pdf\" target=\"_blank\" rel=\"noopener\">EDITAL CE 00003-2025-EMPRESA RAMO CONSTRUCAO CIVIL OBRAS CRECHE PRE-ESCOLA FNDE TIPO 2<\/a><\/p>\n<p><a href=\"https:\/\/pocinhos.pb.gov.br\/site\/wp-content\/uploads\/2025\/02\/EDITAL-CE-00004-2025-EMPRESA-RAMO-CONSTRUCAO-ESCOLA-TEMPO-INTEGRAL-FNDE-CONPEL.pdf\" target=\"_blank\" rel=\"noopener\">EDITAL CE 00004-2025-EMPRESA RAMO CONSTRUCAO CIVIL ESCOLA TEMPO INTEGRAL FNDE CONPEL<\/a><\/p>\n<p><a href=\"https:\/\/pocinhos.pb.gov.br\/site\/wp-content\/uploads\/2025\/02\/EDITAL-CE-00005-2025-EMPRESA-RAMO-EXECUTAR-0BRAS-CONSTRUCAO-SEDE-SECRETARIA-CULTURA.pdf\" target=\"_blank\" rel=\"noopener\">EDITAL CE 00005-2025-EMPRESA RAMO EXECUTAR 0BRAS CONSTRUCAO SEDE SECRETARIA CULTURA<\/a><\/p>\n<p><a href=\"https:\/\/pocinhos.pb.gov.br\/site\/wp-content\/uploads\/2025\/02\/EDITAL-CP-00002-2025-CHAMAMENTO-PRODUTORES-RURAIS-AQUISICAO-PARCELADA-GENEROS-ALIMENTICIOS.pdf\" target=\"_blank\" rel=\"noopener\">EDITAL CP 00002-2025-CHAMAMENTO PRODUTORES RURAIS &#8211; AQUISI\u00c7\u00c3O PARCELADA GENEROS ALIMENT\u00cdCIOS<\/a><\/p>\n<p><a href=\"https:\/\/pocinhos.pb.gov.br\/site\/wp-content\/uploads\/2025\/02\/EDITAL-PE-00005-2025-EMPRESA-RAMO-AQUISICAO-PARCELADA-MATERIAL-ESCOLAR-CADERNOS.pdf\" target=\"_blank\" rel=\"noopener\">EDITAL PE 00005-2025-EMPRESA RAMO AQUISI\u00c7\u00c3O PARCELADA MATERIAL ESCOLAR &#8211; CADERNOS<\/a><\/p>\n<p><a href=\"https:\/\/pocinhos.pb.gov.br\/site\/wp-content\/uploads\/2025\/02\/EDITAL-PE-00007-2025-EMPRESA-RAMO-AQUISICAO-PARCELADA-MATERIAL-ELETRICO.pdf\" target=\"_blank\" rel=\"noopener\">EDITAL PE 00007-2025-EMPRESA RAMO AQUISI\u00c7\u00c3O PARCELADA MATERIAL EL\u00c9TRICO<\/a><\/p>\n<p>&nbsp;<\/p>\n","protected":false},"excerpt":{"rendered":"<p>EDITAL CE 00002-2025-EMPRESA RAMO ENGENHARIA CIVIL EXECUCAO OBRAS REFORMA CENTRO CULTURAL E EDUCACIONAL SAO JOSE EDITAL CE 00003-2025-EMPRESA RAMO CONSTRUCAO CIVIL OBRAS CRECHE PRE-ESCOLA FNDE TIPO 2 EDITAL CE 00004-2025-EMPRESA RAMO CONSTRUCAO CIVIL ESCOLA TEMPO INTEGRAL FNDE CONPEL EDITAL CE 00005-2025-EMPRESA RAMO EXECUTAR 0BRAS CONSTRUCAO SEDE SECRETARIA CULTURA EDITAL CP 00002-2025-CHAMAMENTO PRODUTORES RURAIS &#8211; AQUISI\u00c7\u00c3O&#8230;<\/p>\n","protected":false},"author":1,"featured_media":5349,"comment_status":"closed","ping_status":"open","sticky":false,"template":"","format":"standard","meta":{"footnotes":""},"categories":[54],"tags":[],"class_list":["post-5345","post","type-post","status-publish","format-standard","has-post-thumbnail","hentry","category-licitacoes"],"aioseo_notices":[],"_links":{"self":[{"href":"https:\/\/pocinhos.pb.gov.br\/site\/wp-json\/wp\/v2\/posts\/5345","targetHints":{"allow":["GET"]}}],"collection":[{"href":"https:\/\/pocinhos.pb.gov.br\/site\/wp-json\/wp\/v2\/posts"}],"about":[{"href":"https:\/\/pocinhos.pb.gov.br\/site\/wp-json\/wp\/v2\/types\/post"}],"author":[{"embeddable":true,"href":"https:\/\/pocinhos.pb.gov.br\/site\/wp-json\/wp\/v2\/users\/1"}],"replies":[{"embeddable":true,"href":"https:\/\/pocinhos.pb.gov.br\/site\/wp-json\/wp\/v2\/comments?post=5345"}],"version-history":[{"count":7,"href":"https:\/\/pocinhos.pb.gov.br\/site\/wp-json\/wp\/v2\/posts\/5345\/revisions"}],"predecessor-version":[{"id":6104,"href":"https:\/\/pocinhos.pb.gov.br\/site\/wp-json\/wp\/v2\/posts\/5345\/revisions\/6104"}],"wp:featuredmedia":[{"embeddable":true,"href":"https:\/\/pocinhos.pb.gov.br\/site\/wp-json\/wp\/v2\/media\/5349"}],"wp:attachment":[{"href":"https:\/\/pocinhos.pb.gov.br\/site\/wp-json\/wp\/v2\/media?parent=5345"}],"wp:term":[{"taxonomy":"category","embeddable":true,"href":"https:\/\/pocinhos.pb.gov.br\/site\/wp-json\/wp\/v2\/categories?post=5345"},{"taxonomy":"post_tag","embeddable":true,"href":"https:\/\/pocinhos.pb.gov.br\/site\/wp-json\/wp\/v2\/tags?post=5345"}],"curies":[{"name":"wp","href":"https:\/\/api.w.org\/{rel}","templated":true}]}}