{"id":5373,"date":"2025-01-31T20:46:35","date_gmt":"2025-01-31T20:46:35","guid":{"rendered":"https:\/\/pocinhos.pb.gov.br\/site\/?p=5373"},"modified":"2025-01-31T20:46:35","modified_gmt":"2025-01-31T20:46:35","slug":"decretos-2021","status":"publish","type":"post","link":"https:\/\/pocinhos.pb.gov.br\/site\/decretos-2021\/","title":{"rendered":"Decretos 2021"},"content":{"rendered":"<p><a href=\"http:\/\/pocinhos.pb.gov.br\/wp-content\/uploads\/2024\/06\/D.-A.-N%C2%B0-241-2021-PRORROGA-AT%C3%89-31-03-2021-OS-EFEITOS-DO-DECRETO-204-CALAMIDADE-P%C3%9ABLICA-CIVID-19.pdf\">D. A. N\u00b0 241-2021 \u2013 PRORROGA AT\u00c9 31-03-2021 OS EFEITOS DO DECRETO 204 \u2013 CALAMIDADE P\u00daBLICA \u2013 CIVID-19<\/a><\/p>\n<p><a href=\"http:\/\/pocinhos.pb.gov.br\/wp-content\/uploads\/2024\/06\/D.-A.-N%C2%B0-242-2021-PRORROGA%C3%87%C3%83O-DECRETOS-221-E-224-2020-DISP%C3%95E-MEDIDAS-FLEXIBILIZA%C3%87%C3%83O-E-NOVAS-ADEQUA%C3%87%C3%95ES.pdf\">D. A. N\u00b0 242-2021 \u2013 PRORROGA\u00c7\u00c3O DECRETOS 221 E 224-2020 DISP\u00d5E MEDIDAS FLEXIBILIZA\u00c7\u00c3O E NOVAS ADEQUA\u00c7\u00d5ES<\/a><\/p>\n<p><a href=\"http:\/\/pocinhos.pb.gov.br\/wp-content\/uploads\/2024\/06\/D.-A.-N%C2%B0-243-2021-DISP%C3%95E-SOBRE-NORMAS-DE-RETORNO-AO-TRABALHO-PRESENCIAL-NOS-%C3%93RG%C3%83O-E-ENTIDADES.pdf\">D. A. N\u00b0 243-2021 \u2013 DISP\u00d5E SOBRE NORMAS DE RETORNO AO TRABALHO PRESENCIAL NOS \u00d3RG\u00c3O E ENTIDADES<\/a><\/p>\n<p><a href=\"http:\/\/pocinhos.pb.gov.br\/wp-content\/uploads\/2024\/06\/D.-A.-N%C2%B0-244-2021-REGULAMENTA-O-PONTO-FACULTATIVO-MUNICIPAL-DURANTE-OS-DIAS-15-E-16-DE-FEVEREIRO-DE-2021-E-D%C3%81-OUTRAS-PROVID%C3%8ANCIAS.pdf\">D. A. N\u00b0 244-2021 \u2013 REGULAMENTA O PONTO FACULTATIVO MUNICIPAL DURANTE OS DIAS 15 E 16 DE FEVEREIRO DE 2021 E D\u00c1 OUTRAS PROVID\u00caNCIAS<\/a><\/p>\n<p><a href=\"http:\/\/pocinhos.pb.gov.br\/wp-content\/uploads\/2024\/06\/D.-A.-N%C2%B0-245-2021-ESTABELECE-NOVAS-MEDIDAS-PARA-CONTROLE-DA-PANDEMIA-DE-COVID-19-NO-MUNIC%C3%8DPIO-DE-POCINHOS-E-D%C3%81-OUTRAS-PROVID%C3%8ANCIAS.pdf\">D. A. N\u00b0 245-2021 \u2013 ESTABELECE NOVAS MEDIDAS PARA CONTROLE DA PANDEMIA DE COVID-19 NO MUNIC\u00cdPIO DE POCINHOS E D\u00c1 OUTRAS PROVID\u00caNCIAS<\/a><\/p>\n<p><a href=\"http:\/\/pocinhos.pb.gov.br\/wp-content\/uploads\/2024\/06\/D.-A.-N%C2%B0-246-2021-ESTABELECE-NOVAS-MEDIDAS-PARA-CONTROLE-DA-PANDEMIA-DE-COVID-19-NO-MUNIC%C3%8DPIO-DE-POCINHOS_-E-D%C3%81-OUTRAS-PROVID%C3%8ANCIAS..pdf\">D. A. N\u00b0 246-2021 \u2013 ESTABELECE NOVAS MEDIDAS PARA CONTROLE DA PANDEMIA DE COVID-19 NO MUNIC\u00cdPIO DE POCINHOS_ E D\u00c1 OUTRAS PROVID\u00caNCIAS.<\/a><\/p>\n<p><a href=\"http:\/\/pocinhos.pb.gov.br\/wp-content\/uploads\/2024\/06\/D.-A.-N%C2%B0-247-2021-PRORROGA-DECRETO-204-AT%C3%89-31-12-2021-COVID19.pdf\">D. A. N\u00b0 247-2021 \u2013 PRORROGA DECRETO 204 AT\u00c9 31-12-2021 COVID19<\/a><\/p>\n<p><a href=\"http:\/\/pocinhos.pb.gov.br\/wp-content\/uploads\/2024\/06\/D.-A.-N%C2%B0-248-2021-NOVAS-MEDIDAS-CONTROLE-PANDEMIA-COVID19.pdf\">D. A. N\u00b0 248-2021 \u2013 NOVAS MEDIDAS CONTROLE PANDEMIA COVID19<\/a><\/p>\n<p><a href=\"http:\/\/pocinhos.pb.gov.br\/wp-content\/uploads\/2024\/06\/D.-A.-N%C2%B0-249-2021-NOVAS-MEDIDAS-CONTROLE-PANDEMIA-COVID19.pdf\">D. A. N\u00b0 249-2021 \u2013 NOVAS MEDIDAS CONTROLE PANDEMIA COVID19<\/a><\/p>\n<p><a href=\"http:\/\/pocinhos.pb.gov.br\/wp-content\/uploads\/2024\/06\/D.-A.-N%C2%B0-250-2021-LUTO-OFICIAL-NORMANDO-CAVALCANTI-LEAL.pdf\">D. A. N\u00b0 250-2021 \u2013 LUTO OFICIAL \u2013 NORMANDO CAVALCANTI LEAL<\/a><\/p>\n<p><a href=\"http:\/\/pocinhos.pb.gov.br\/wp-content\/uploads\/2024\/06\/D.-A.-N%C2%B0-251-2021-NOVAS-MEDIDAS-CONTROLE-PANDEMIA-COVID19_SEM-REGISTRO.pdf\">D. A. N\u00b0 251-2021 \u2013 NOVAS MEDIDAS CONTROLE PANDEMIA COVID19_SEM REGISTRO<\/a><\/p>\n<p><a href=\"http:\/\/pocinhos.pb.gov.br\/wp-content\/uploads\/2024\/06\/D.-A.-N%C2%B0-252-2021-CONTROLE-DE-PANDEMIA.pdf\">D. A. N\u00b0 252-2021 \u2013 CONTROLE DE PANDEMIA<\/a><\/p>\n<p><a href=\"http:\/\/pocinhos.pb.gov.br\/wp-content\/uploads\/2024\/06\/D.-A.-N%C2%B0-253-2021-CONTROLE-DE-PANDEMIA.pdf\">D. A. N\u00b0 253-2021 \u2013 CONTROLE DE PANDEMIA<\/a><\/p>\n<p><a href=\"http:\/\/pocinhos.pb.gov.br\/wp-content\/uploads\/2024\/06\/D.-A.-N%C2%B0-254-2021-LUTO-OFICIAL-MARIA-DE-F%C3%81TIMA-COSTA-SILVA.pdf\">D. A. N\u00b0 254-2021 \u2013 LUTO OFICIAL \u2013 MARIA DE F\u00c1TIMA COSTA SILVA<\/a><\/p>\n<p><a href=\"http:\/\/pocinhos.pb.gov.br\/wp-content\/uploads\/2024\/06\/D.-A.-N%C2%B0-255-2021-PLANO-DE-ADEQUA%C3%87%C3%83O-AO-PADR%C3%83O-MINIMO-QUALIDADE-SIAFIC.pdf\">D. A. N\u00b0 255-2021 \u2013 PLANO DE ADEQUA\u00c7\u00c3O AO PADR\u00c3O MINIMO QUALIDADE SIAFIC<\/a><\/p>\n<p><a href=\"http:\/\/pocinhos.pb.gov.br\/wp-content\/uploads\/2024\/06\/D.-A.-N%C2%B0-256-2021-CONTROLE-DE-PANDEMIA_registrado-at%C3%A9-aqui.pdf\">D. A. N\u00b0 256-2021 \u2013 CONTROLE DE PANDEMIA_registrado at\u00e9 aqui<\/a><\/p>\n<p><a href=\"http:\/\/pocinhos.pb.gov.br\/wp-content\/uploads\/2024\/06\/D.-A.-N%C2%B0-257-2021-CONTROLE-DE-PANDEMIA.pdf\">D. A. N\u00b0 257-2021 \u2013 CONTROLE DE PANDEMIA<\/a><\/p>\n<p><a href=\"http:\/\/pocinhos.pb.gov.br\/wp-content\/uploads\/2024\/06\/D.-A.-N%C2%B0-258-2021-CONTROLE-DE-PANDEMIA.pdf\">D. A. N\u00b0 258-2021 \u2013 CONTROLE DE PANDEMIA<\/a><\/p>\n<p><a href=\"http:\/\/pocinhos.pb.gov.br\/wp-content\/uploads\/2024\/06\/D.-A.-n%C2%B0-259-2021-CONTROLE-DE-PANDEMIA.pdf\">D. A. n\u00b0 259-2021 \u2013 CONTROLE DE PANDEMIA<\/a><\/p>\n<p><a href=\"http:\/\/pocinhos.pb.gov.br\/wp-content\/uploads\/2024\/06\/D.-A.-n%C2%B0-260-2021-LUTO-OFICIAL-FABIO-MONTEIRO.pdf\">D. A. n\u00b0 260-2021 \u2013 LUTO OFICIAL \u2013 FABIO MONTEIRO<\/a><\/p>\n<p><a href=\"http:\/\/pocinhos.pb.gov.br\/wp-content\/uploads\/2024\/06\/D.-A.-n%C2%B0-261-2021-CONTROLE-DE-PANDEMIA.pdf\">D. A. n\u00b0 261-2021 \u2013 CONTROLE DE PANDEMIA<\/a><\/p>\n<p><a href=\"http:\/\/pocinhos.pb.gov.br\/wp-content\/uploads\/2024\/06\/D.-A.-n%C2%B0-263-2021-DESAPROPRIA%C3%87%C3%83O-DE-TERRENO-NO-IVO-BENICIO.pdf\">D. A. n\u00b0 263-2021 \u2013 DESAPROPRIA\u00c7\u00c3O DE TERRENO NO IVO BENICIO<\/a><\/p>\n<p><a href=\"http:\/\/pocinhos.pb.gov.br\/wp-content\/uploads\/2024\/06\/D.-A.-n%C2%B0-264-2021-ALTERA%C3%87%C3%83O-DECRETO-N%C2%B0-22-QUE-REGULAMENTA-A-MODALIDADE-PREG%C3%83O.pdf\">D. A. n\u00b0 264-2021 \u2013 ALTERA\u00c7\u00c3O DECRETO N\u00b0 22 QUE REGULAMENTA A MODALIDADE PREG\u00c3O<\/a><\/p>\n<p><a href=\"http:\/\/pocinhos.pb.gov.br\/wp-content\/uploads\/2024\/06\/D.-A.-n%C2%B0-265-2021-VIGIL%C3%82NCIA-AMBIENTAL.pdf\">D. A. n\u00b0 265-2021 \u2013 VIGIL\u00c2NCIA AMBIENTAL<\/a><\/p>\n<p><a href=\"http:\/\/pocinhos.pb.gov.br\/wp-content\/uploads\/2024\/06\/D.-A.-n%C2%B0-266-2021-CONTROLE-DE-PANDEMIA.pdf\">D. A. n\u00b0 266-2021 \u2013 CONTROLE DE PANDEMIA<\/a><\/p>\n<p><a href=\"http:\/\/pocinhos.pb.gov.br\/wp-content\/uploads\/2024\/06\/D.-A.-n%C2%B0-266-2021-ERRATA.pdf\">D. A. n\u00b0 266-2021 \u2013 ERRATA<\/a>\u00a0<a href=\"http:\/\/pocinhos.pb.gov.br\/wp-content\/uploads\/2024\/06\/D.-A.-n%C2%B0-267-2021-CONVOCA-9%C2%AA-CONFER%C3%8ANCIA-MUNICIPAL-DE-ASSIST%C3%8ANCIA-SOCIAL-CMAS.pdf\">D. A. n\u00b0 267-2021 \u2013 CONVOCA 9\u00aa CONFER\u00caNCIA MUNICIPAL DE ASSIST\u00caNCIA SOCIAL \u2013 CMAS<\/a><\/p>\n<p><a href=\"http:\/\/pocinhos.pb.gov.br\/wp-content\/uploads\/2024\/06\/D.-A.-n%C2%B0-262-2021-S%C3%83O-JO%C3%83O.pdf\">D. A. n\u00b0 262-2021 \u2013 S\u00c3O JO\u00c3O<\/a><\/p>\n<p><a href=\"http:\/\/pocinhos.pb.gov.br\/wp-content\/uploads\/2024\/06\/D.-A.-n%C2%B0-268-2021-COMISS%C3%83O-INTERSETORIAL-PLANO-DECENAL-DIREITOS-CRIAN%C3%87A-E-ADOLESCENTE-CMDCA.pdf\">D. A. n\u00b0 268-2021 \u2013 COMISS\u00c3O INTERSETORIAL \u2013 PLANO DECENAL DIREITOS CRIAN\u00c7A E ADOLESCENTE \u2013 CMDCA<\/a><\/p>\n<p><a href=\"http:\/\/pocinhos.pb.gov.br\/wp-content\/uploads\/2024\/06\/D.-A.-n%C2%B0-269-2021-CONTROLE-DE-PANDEMIA.pdf\">D. A. n\u00b0 269-2021 \u2013 CONTROLE DE PANDEMIA<\/a><\/p>\n<p><a href=\"http:\/\/pocinhos.pb.gov.br\/wp-content\/uploads\/2024\/06\/D.-A.-N%C2%B0-270-2021-REGULAMENTA-A-LEI-MUNICIPAL-N%C2%B0-1507-2021-DELEGA%C3%87%C3%83O-DE-COMPET%C3%8ANCIAS-AOS-SECRETARIOS-MUNICIPAIS.pdf\">D. A. N\u00b0 270-2021 \u2013 REGULAMENTA A LEI MUNICIPAL N\u00b0 1507-2021 \u2013 DELEGA\u00c7\u00c3O DE COMPET\u00caNCIAS AOS SECRETARIOS MUNICIPAIS<\/a><\/p>\n<p><a href=\"http:\/\/pocinhos.pb.gov.br\/wp-content\/uploads\/2024\/06\/D.-A.-N%C2%B0-271-2021-LUTO-OFICIAL-YASMIN-PRISCILA-CASSIMIRO-SILVA.pdf\">D. A. N\u00b0 271-2021 \u2013 LUTO OFICIAL \u2013 YASMIN PRISCILA CASSIMIRO SILVA<\/a><\/p>\n<p><a href=\"http:\/\/pocinhos.pb.gov.br\/wp-content\/uploads\/2024\/06\/D.-A.-N%C2%B0-272-2021-LUTO-OFICIAL-JO%C3%83O-MARCOS-DO-NASCIMENTO-PROFESSOR-MARQUINHOS.pdf\">D. A. N\u00b0 272-2021 \u2013 LUTO OFICIAL \u2013 JO\u00c3O MARCOS DO NASCIMENTO \u2013 PROFESSOR MARQUINHOS<\/a><\/p>\n<p><a href=\"http:\/\/pocinhos.pb.gov.br\/wp-content\/uploads\/2024\/06\/D.-A.-N%C2%B0-273-2021-REGULAMENTA-A-LEI-MUNICIPAL-1507-2021-DELEGA%C3%87%C3%83O-DE-COMPET%C3%8ANCIA-DOS-SECRET%C3%81RIOS-MUNICIPAIS.pdf\">D. A. N\u00b0 273-2021 \u2013 REGULAMENTA A LEI MUNICIPAL 1507-2021 \u2013 DELEGA\u00c7\u00c3O DE COMPET\u00caNCIA DOS SECRET\u00c1RIOS MUNICIPAIS<\/a><\/p>\n<p><a href=\"http:\/\/pocinhos.pb.gov.br\/wp-content\/uploads\/2024\/06\/D.-A.-N%C2%B0-274-2021-NOVAS-MEDIDAS-DE-CONTROLE-DA-PANDEMIA-DE-COVID-19.pdf\">D. A. N\u00b0 274-2021 \u2013 NOVAS MEDIDAS DE CONTROLE DA PANDEMIA DE COVID-19<\/a><\/p>\n<p><a href=\"http:\/\/pocinhos.pb.gov.br\/wp-content\/uploads\/2024\/06\/D.-A.-N%C2%B0-275-2021-PONTO-FACULTATIVO-11-DE-OUTUBRO-2021.pdf\">D. A. N\u00b0 275-2021 \u2013 PONTO FACULTATIVO 11 DE OUTUBRO 2021<\/a><\/p>\n<p><a href=\"http:\/\/pocinhos.pb.gov.br\/wp-content\/uploads\/2024\/06\/D.-A.-N%C2%B0-276-2021-LUTO-OFICIAL-LUCIA-DE-F%C3%81TIMA-GON%C3%87ALVES-DAMASCENO.pdf\">D. A. N\u00b0 276-2021 \u2013 LUTO OFICIAL \u2013 LUCIA DE F\u00c1TIMA GON\u00c7ALVES DAMASCENO<\/a><\/p>\n<p><a href=\"http:\/\/pocinhos.pb.gov.br\/wp-content\/uploads\/2024\/06\/D.-A.-N%C2%B0-277-2021-REGULAMENTA-ADMINISTRATIVAMENTE-O-FUNDO-MUNICIPAL-DOS-DIREITOS-DA-CRIAN%C3%87A-E-DO-ADOLESCENTE-FMDCA.pdf\">D. A. N\u00b0 277-2021 \u2013 REGULAMENTA ADMINISTRATIVAMENTE O FUNDO MUNICIPAL DOS DIREITOS DA CRIAN\u00c7A E DO ADOLESCENTE \u2013 FMDCA<\/a><\/p>\n<p><a href=\"http:\/\/pocinhos.pb.gov.br\/wp-content\/uploads\/2024\/06\/D.-A.-N%C2%B0-278-2021-DESMEMBRAMENTO-DE-IMOVEL-RURAL-SITIO-ARRUDA.pdf\">D. A. N\u00b0 278-2021 \u2013 DESMEMBRAMENTO DE IMOVEL RURAL \u2013 SITIO ARRUDA<\/a><\/p>\n<p><a href=\"http:\/\/pocinhos.pb.gov.br\/wp-content\/uploads\/2024\/06\/D.-A.-N%C2%B0-279-2021-TRANSFERE-O-PONTO-FACULTATIVO-DIA-DO-SERVIDOR.pdf\">D. A. N\u00b0 279-2021 \u2013 TRANSFERE O PONTO FACULTATIVO DIA DO SERVIDOR<\/a><\/p>\n<p><a href=\"http:\/\/pocinhos.pb.gov.br\/wp-content\/uploads\/2024\/06\/D.-A.-N%C2%B0-280-2021-CONTROLE-DE-PANDEMIA.pdf\">D. A. N\u00b0 280-2021 \u2013 CONTROLE DE PANDEMIA<\/a><\/p>\n<p><a href=\"http:\/\/pocinhos.pb.gov.br\/wp-content\/uploads\/2024\/06\/D.-A.-N%C2%B0-281-2021-CONTROLE-DE-PANDEMIA.pdf\">D. A. N\u00b0 281-2021 \u2013 CONTROLE DE PANDEMIA<\/a><\/p>\n<p><a href=\"http:\/\/pocinhos.pb.gov.br\/wp-content\/uploads\/2024\/06\/D.-A.-N%C2%B0-282-2021-LICEN%C3%87A-PR%C3%8AMIO.pdf\">D. A. N\u00b0 282-2021 \u2013 LICEN\u00c7A-PR\u00caMIO<\/a><\/p>\n<p><a href=\"http:\/\/pocinhos.pb.gov.br\/wp-content\/uploads\/2024\/06\/D.-A.-N%C2%B0-283-2021-PONTO-FACULTATIVO-FINAL-DE-ANO-ANTECIPA-FEIRAS.pdf\">D. A. N\u00b0 283-2021 \u2013 PONTO FACULTATIVO FINAL DE ANO \u2013 ANTECIPA FEIRAS<\/a><\/p>\n","protected":false},"excerpt":{"rendered":"<p>D. A. N\u00b0 241-2021 \u2013 PRORROGA AT\u00c9 31-03-2021 OS EFEITOS DO DECRETO 204 \u2013 CALAMIDADE P\u00daBLICA \u2013 CIVID-19 D. A. N\u00b0 242-2021 \u2013 PRORROGA\u00c7\u00c3O DECRETOS 221 E 224-2020 DISP\u00d5E MEDIDAS FLEXIBILIZA\u00c7\u00c3O E NOVAS ADEQUA\u00c7\u00d5ES D. A. N\u00b0 243-2021 \u2013 DISP\u00d5E SOBRE NORMAS DE RETORNO AO TRABALHO PRESENCIAL NOS \u00d3RG\u00c3O E ENTIDADES D. A. N\u00b0 244-2021&#8230;<\/p>\n","protected":false},"author":1,"featured_media":5374,"comment_status":"closed","ping_status":"open","sticky":false,"template":"","format":"standard","meta":{"footnotes":""},"categories":[62],"tags":[],"class_list":["post-5373","post","type-post","status-publish","format-standard","has-post-thumbnail","hentry","category-decretos"],"aioseo_notices":[],"_links":{"self":[{"href":"https:\/\/pocinhos.pb.gov.br\/site\/wp-json\/wp\/v2\/posts\/5373","targetHints":{"allow":["GET"]}}],"collection":[{"href":"https:\/\/pocinhos.pb.gov.br\/site\/wp-json\/wp\/v2\/posts"}],"about":[{"href":"https:\/\/pocinhos.pb.gov.br\/site\/wp-json\/wp\/v2\/types\/post"}],"author":[{"embeddable":true,"href":"https:\/\/pocinhos.pb.gov.br\/site\/wp-json\/wp\/v2\/users\/1"}],"replies":[{"embeddable":true,"href":"https:\/\/pocinhos.pb.gov.br\/site\/wp-json\/wp\/v2\/comments?post=5373"}],"version-history":[{"count":1,"href":"https:\/\/pocinhos.pb.gov.br\/site\/wp-json\/wp\/v2\/posts\/5373\/revisions"}],"predecessor-version":[{"id":5375,"href":"https:\/\/pocinhos.pb.gov.br\/site\/wp-json\/wp\/v2\/posts\/5373\/revisions\/5375"}],"wp:featuredmedia":[{"embeddable":true,"href":"https:\/\/pocinhos.pb.gov.br\/site\/wp-json\/wp\/v2\/media\/5374"}],"wp:attachment":[{"href":"https:\/\/pocinhos.pb.gov.br\/site\/wp-json\/wp\/v2\/media?parent=5373"}],"wp:term":[{"taxonomy":"category","embeddable":true,"href":"https:\/\/pocinhos.pb.gov.br\/site\/wp-json\/wp\/v2\/categories?post=5373"},{"taxonomy":"post_tag","embeddable":true,"href":"https:\/\/pocinhos.pb.gov.br\/site\/wp-json\/wp\/v2\/tags?post=5373"}],"curies":[{"name":"wp","href":"https:\/\/api.w.org\/{rel}","templated":true}]}}