{"id":5380,"date":"2025-01-31T20:48:40","date_gmt":"2025-01-31T20:48:40","guid":{"rendered":"https:\/\/pocinhos.pb.gov.br\/site\/?p=5380"},"modified":"2025-01-31T20:48:40","modified_gmt":"2025-01-31T20:48:40","slug":"decretos-2023","status":"publish","type":"post","link":"https:\/\/pocinhos.pb.gov.br\/site\/decretos-2023\/","title":{"rendered":"Decretos 2023"},"content":{"rendered":"<p><a href=\"http:\/\/pocinhos.pb.gov.br\/wp-content\/uploads\/2024\/06\/D.-A.-N%C2%B0-314-2023-PLANO-SOCIOEDUCATIVO-ASSISTENCIA-SOCIAL.pdf\">D. A. N\u00b0 314-2023 \u2013 PLANO SOCIOEDUCATIVO ASSISTENCIA SOCIAL<\/a><\/p>\n<p><a href=\"http:\/\/pocinhos.pb.gov.br\/wp-content\/uploads\/2024\/06\/D.-A.-N%C2%B0-315-2023-CARNAVAL-2023.pdf\">D. A. N\u00b0 315-2023 \u2013 CARNAVAL 2023<\/a><\/p>\n<p><a href=\"http:\/\/pocinhos.pb.gov.br\/wp-content\/uploads\/2024\/06\/D.-A.-N%C2%B0-316-2023-CONFER%C3%8ANCIA-MUNICIPAL-DE-SA%C3%9ADE.pdf\">D. A. N\u00b0 316-2023 \u2013 CONFER\u00caNCIA MUNICIPAL DE SA\u00daDE<\/a><\/p>\n<p><a href=\"http:\/\/pocinhos.pb.gov.br\/wp-content\/uploads\/2024\/06\/D.-A.-N%C2%B0-317-2023-PONTO-FACULTATIVO-QUINTA-FEIRA-SANTA.pdf\">D. A. N\u00b0 317-2023 \u2013 PONTO FACULTATIVO \u2013 QUINTA-FEIRA SANTA<\/a><\/p>\n<p><a href=\"http:\/\/pocinhos.pb.gov.br\/wp-content\/uploads\/2024\/06\/D.-A.-N%C2%B0-318-2023-REGULAMENTO-DA-NOVA-LEI-DE-LICITA%C3%87%C3%95ES.pdf\">D. A. N\u00b0 318-2023 \u2013 REGULAMENTO DA NOVA LEI DE LICITA\u00c7\u00d5ES<\/a><\/p>\n<p><a href=\"http:\/\/pocinhos.pb.gov.br\/wp-content\/uploads\/2024\/06\/D.-A.-N%C2%B0-320-2023-10%C2%AA-CONFER%C3%8ANCIA-DA-ASSISTENCIA.pdf\">D. A. N\u00b0 320-2023 \u2013 10\u00aa CONFER\u00caNCIA DA ASSISTENCIA<\/a><\/p>\n<p><a href=\"http:\/\/pocinhos.pb.gov.br\/wp-content\/uploads\/2024\/06\/D.-A.-N%C2%B0-328-2023-PONTO-FACULTATIVO-08-DE-SETEMBRO.pdf\">D. A. N\u00b0 328-2023 \u2013 PONTO FACULTATIVO \u2013 08 DE SETEMBRO<\/a><\/p>\n<p><a href=\"http:\/\/pocinhos.pb.gov.br\/wp-content\/uploads\/2024\/06\/D.-A.-N%C2%B0-329-2023-PONTO-FACULTATIVO-13-DE-OUTUBRO.pdf\">D. A. N\u00b0 329-2023 \u2013 PONTO FACULTATIVO \u2013 13 DE OUTUBRO<\/a><\/p>\n<p><a href=\"http:\/\/pocinhos.pb.gov.br\/wp-content\/uploads\/2024\/06\/D.-A.-N%C2%B0-330-2023-CONTEN%C3%87%C3%83O-DE-DESPESAS.pdf\">D. A. N\u00b0 330-2023 \u2013 CONTEN\u00c7\u00c3O DE DESPESAS<\/a><\/p>\n<p><a href=\"http:\/\/pocinhos.pb.gov.br\/wp-content\/uploads\/2024\/06\/D.-A.-N%C2%B0-331-2023-PONTO-FACULTATIVO-03-DE-NOVEMBRO.pdf\">D. A. N\u00b0 331-2023 \u2013 PONTO FACULTATIVO \u2013 03 DE NOVEMBRO<\/a><\/p>\n<p><a href=\"http:\/\/pocinhos.pb.gov.br\/wp-content\/uploads\/2024\/06\/D.-A.-N%C2%B0-332-2023-CONTEN%C3%87%C3%83O-DE-DESPESAS.pdf\">D. A. N\u00b0 332-2023 \u2013 CONTEN\u00c7\u00c3O DE DESPESAS<\/a><\/p>\n<p><a href=\"http:\/\/pocinhos.pb.gov.br\/wp-content\/uploads\/2024\/06\/D.-A.-N%C2%B0-333-2023-SITUA%C3%87%C3%83O-DE-EMERG%C3%8ANCIA.pdf\">D. A. N\u00b0 333-2023 \u2013 SITUA\u00c7\u00c3O DE EMERG\u00caNCIA<\/a><\/p>\n<p><a href=\"http:\/\/pocinhos.pb.gov.br\/wp-content\/uploads\/2024\/06\/D.-A.-N%C2%B0-319-2023-LUTO-ANTONIO-ADRIAO-ALVES-COSTA-TOINHO-DE-ZUZA.pdf\">D. A. N\u00b0 319-2023 \u2013 LUTO ANTONIO ADRIAO ALVES COSTA \u2013 TOINHO DE ZUZA<\/a><\/p>\n<p><a href=\"http:\/\/pocinhos.pb.gov.br\/wp-content\/uploads\/2024\/06\/D.-A.-N%C2%B0-321-2023-PONTO-FACULTATIVO-08-E-09-JUNHO.pdf\">D. A. N\u00b0 321-2023 \u2013 PONTO FACULTATIVO 08 E 09 JUNHO<\/a><\/p>\n<p><a href=\"http:\/\/pocinhos.pb.gov.br\/wp-content\/uploads\/2024\/06\/D.-A.-N%C2%B0-322-2023-SAO-JOAO-2023.pdf\">D. A. N\u00b0 322-2023 \u2013 SAO JOAO 2023<\/a><\/p>\n<p><a href=\"http:\/\/pocinhos.pb.gov.br\/wp-content\/uploads\/2024\/06\/D.-A.-N%C2%B0-323-2023-PONTO-FACULTATIVO-JOGOS-DA-COPA-DO-MUNDO-FEMININA.pdf\">D. A. N\u00b0 323-2023 \u2013 PONTO FACULTATIVO \u2013 JOGOS DA COPA DO MUNDO FEMININA<\/a><\/p>\n<p><a href=\"http:\/\/pocinhos.pb.gov.br\/wp-content\/uploads\/2024\/06\/D.-A.-N%C2%B0-324-2023-RETEN%C3%87%C3%83O-DE-TRIBUTOS-NO-PAGAMENTO-A-FORNECEDORES-DE-BENS-E-A-PRESTADORES-DE-SERVI%C3%87OS.pdf\">D. A. N\u00b0 324-2023 \u2013 RETEN\u00c7\u00c3O DE TRIBUTOS NO PAGAMENTO A FORNECEDORES DE BENS E A PRESTADORES DE SERVI\u00c7OS<\/a><\/p>\n<p><a href=\"http:\/\/pocinhos.pb.gov.br\/wp-content\/uploads\/2024\/06\/D.-A.-N%C2%B0-325-2023-UTILIDADE-P%C3%9ABLICA-DESAPROPRIA%C3%87%C3%83O-PO%C3%87OS-DAS-%C3%81GUAS-SUBTERRR%C3%82NEAS-S%C3%8DTIO-CAI%C3%87ARA.pdf\">D. A. N\u00b0 325-2023 \u2013 UTILIDADE P\u00daBLICA \u2013 DESAPROPRIA\u00c7\u00c3O \u2013 PO\u00c7OS DAS \u00c1GUAS SUBTERRR\u00c2NEAS \u2013 S\u00cdTIO CAI\u00c7ARA<\/a><\/p>\n<p><a href=\"http:\/\/pocinhos.pb.gov.br\/wp-content\/uploads\/2024\/06\/D.-A.-N%C2%B0-326-2023-REGULAMENTO-DA-NOVA-LEI-DE-LICITA%C3%87%C3%95ES.pdf\">D. A. N\u00b0 326-2023 \u2013 REGULAMENTO DA NOVA LEI DE LICITA\u00c7\u00d5ES<\/a><\/p>\n<p><a href=\"http:\/\/pocinhos.pb.gov.br\/wp-content\/uploads\/2024\/06\/D.-A.-N%C2%B0-327-2023-PONTO-FACULTATIVO-30-08-2023-MOVIMENTO-SEM-FPM-N%C3%83O-D%C3%81.pdf\">D. A. N\u00b0 327-2023 \u2013 PONTO FACULTATIVO 30-08-2023 MOVIMENTO SEM FPM N\u00c3O D\u00c1<\/a><\/p>\n","protected":false},"excerpt":{"rendered":"<p>D. A. N\u00b0 314-2023 \u2013 PLANO SOCIOEDUCATIVO ASSISTENCIA SOCIAL D. A. N\u00b0 315-2023 \u2013 CARNAVAL 2023 D. A. N\u00b0 316-2023 \u2013 CONFER\u00caNCIA MUNICIPAL DE SA\u00daDE D. A. N\u00b0 317-2023 \u2013 PONTO FACULTATIVO \u2013 QUINTA-FEIRA SANTA D. A. N\u00b0 318-2023 \u2013 REGULAMENTO DA NOVA LEI DE LICITA\u00c7\u00d5ES D. A. N\u00b0 320-2023 \u2013 10\u00aa CONFER\u00caNCIA DA ASSISTENCIA&#8230;<\/p>\n","protected":false},"author":1,"featured_media":5381,"comment_status":"closed","ping_status":"open","sticky":false,"template":"","format":"standard","meta":{"footnotes":""},"categories":[62],"tags":[],"class_list":["post-5380","post","type-post","status-publish","format-standard","has-post-thumbnail","hentry","category-decretos"],"aioseo_notices":[],"_links":{"self":[{"href":"https:\/\/pocinhos.pb.gov.br\/site\/wp-json\/wp\/v2\/posts\/5380","targetHints":{"allow":["GET"]}}],"collection":[{"href":"https:\/\/pocinhos.pb.gov.br\/site\/wp-json\/wp\/v2\/posts"}],"about":[{"href":"https:\/\/pocinhos.pb.gov.br\/site\/wp-json\/wp\/v2\/types\/post"}],"author":[{"embeddable":true,"href":"https:\/\/pocinhos.pb.gov.br\/site\/wp-json\/wp\/v2\/users\/1"}],"replies":[{"embeddable":true,"href":"https:\/\/pocinhos.pb.gov.br\/site\/wp-json\/wp\/v2\/comments?post=5380"}],"version-history":[{"count":1,"href":"https:\/\/pocinhos.pb.gov.br\/site\/wp-json\/wp\/v2\/posts\/5380\/revisions"}],"predecessor-version":[{"id":5382,"href":"https:\/\/pocinhos.pb.gov.br\/site\/wp-json\/wp\/v2\/posts\/5380\/revisions\/5382"}],"wp:featuredmedia":[{"embeddable":true,"href":"https:\/\/pocinhos.pb.gov.br\/site\/wp-json\/wp\/v2\/media\/5381"}],"wp:attachment":[{"href":"https:\/\/pocinhos.pb.gov.br\/site\/wp-json\/wp\/v2\/media?parent=5380"}],"wp:term":[{"taxonomy":"category","embeddable":true,"href":"https:\/\/pocinhos.pb.gov.br\/site\/wp-json\/wp\/v2\/categories?post=5380"},{"taxonomy":"post_tag","embeddable":true,"href":"https:\/\/pocinhos.pb.gov.br\/site\/wp-json\/wp\/v2\/tags?post=5380"}],"curies":[{"name":"wp","href":"https:\/\/api.w.org\/{rel}","templated":true}]}}