{"id":5542,"date":"2025-02-01T22:11:10","date_gmt":"2025-02-01T22:11:10","guid":{"rendered":"https:\/\/pocinhos.pb.gov.br\/site\/?p=5542"},"modified":"2025-02-01T22:11:10","modified_gmt":"2025-02-01T22:11:10","slug":"leis-de-2004","status":"publish","type":"post","link":"https:\/\/pocinhos.pb.gov.br\/site\/leis-de-2004\/","title":{"rendered":"Leis de 2004"},"content":{"rendered":"<p><a href=\"http:\/\/pocinhos.pb.gov.br\/wp-content\/uploads\/2021\/07\/LEI-846-AUTORIZA-ABERTURA-DE-CR%C3%89DITO-ESPECIAL.pdf\">LEI 846 \u2013 AUTORIZA ABERTURA DE CR\u00c9DITO ESPECIAL<\/a><\/p>\n<p><a href=\"http:\/\/pocinhos.pb.gov.br\/wp-content\/uploads\/2021\/07\/LEI-847-AUTORIZA-ABERTURA-DE-CR%C3%89DITO-ESPECIAL.pdf\">LEI 847 \u2013 AUTORIZA ABERTURA DE CR\u00c9DITO ESPECIAL<\/a><\/p>\n<p><a href=\"http:\/\/pocinhos.pb.gov.br\/wp-content\/uploads\/2021\/07\/LEI-848-AUTORIZA-ABERTURA-DE-CR%C3%89DITO-ESPECIAL.pdf\">LEI 848 \u2013 AUTORIZA ABERTURA DE CR\u00c9DITO ESPECIAL<\/a><\/p>\n<p><a href=\"http:\/\/pocinhos.pb.gov.br\/wp-content\/uploads\/2021\/07\/LEI-849-INSTITUI-O-PLANO-DE-CARGOS-CARREIRA-E-REMUNERA%C3%87%C3%83O-DO-MAGIST%C3%89RIO.pdf\">LEI 849 \u2013 INSTITUI O PLANO DE CARGOS CARREIRA E REMUNERA\u00c7\u00c3O DO MAGIST\u00c9RIO<\/a><\/p>\n<p><a href=\"http:\/\/pocinhos.pb.gov.br\/wp-content\/uploads\/2021\/07\/LEI-850-AUTORIZA-ABERTURA-DE-CR%C3%89DITO-ESPECIAL.pdf\">LEI 850 \u2013 AUTORIZA ABERTURA DE CR\u00c9DITO ESPECIAL<\/a><\/p>\n<p><a href=\"http:\/\/pocinhos.pb.gov.br\/wp-content\/uploads\/2021\/07\/LEI-851-AUTORIZA-ABERTURA-DE-CR%C3%89DITO-ESPECIAL.pdf\">LEI 851 \u2013 AUTORIZA ABERTURA DE CR\u00c9DITO ESPECIAL<\/a><\/p>\n<p><a href=\"http:\/\/pocinhos.pb.gov.br\/wp-content\/uploads\/2021\/07\/LEI-852-AUTORIZA-ABERTURA-DE-CR%C3%89DITO-ESPECIAL.pdf\">LEI 852 \u2013 AUTORIZA ABERTURA DE CR\u00c9DITO ESPECIAL<\/a><\/p>\n<p><a href=\"http:\/\/pocinhos.pb.gov.br\/wp-content\/uploads\/2021\/07\/LEI-853-AUTORIZA-ABERTURA-DE-CR%C3%89DITO-ESPECIAL.pdf\">LEI 853 \u2013 AUTORIZA ABERTURA DE CR\u00c9DITO ESPECIAL<\/a><\/p>\n<p><a href=\"http:\/\/pocinhos.pb.gov.br\/wp-content\/uploads\/2021\/07\/LEI-854-AUTORIZA-O-PODER-EXECUTIVO-A-ALIENAR-BENS-M%C3%93VEIS-CONSIDERADOS-INSERVIVEIS.pdf\">LEI 854 \u2013 AUTORIZA O PODER EXECUTIVO A ALIENAR BENS M\u00d3VEIS CONSIDERADOS INSERVIVEIS<\/a><\/p>\n<p><a href=\"http:\/\/pocinhos.pb.gov.br\/wp-content\/uploads\/2021\/07\/LEI-855-AUTORIZA-ABERTURA-DE-CR%C3%89DITO-ESPECIAL.pdf\">LEI 855 \u2013 AUTORIZA ABERTURA DE CR\u00c9DITO ESPECIAL<\/a><\/p>\n<p><a href=\"http:\/\/pocinhos.pb.gov.br\/wp-content\/uploads\/2021\/07\/LEI-856-AUTORIZA-ABERTURA-DE-CR%C3%89DITO-ESPECIAL.pdf\">LEI 856 \u2013 AUTORIZA ABERTURA DE CR\u00c9DITO ESPECIAL<\/a><\/p>\n<p><a href=\"http:\/\/pocinhos.pb.gov.br\/wp-content\/uploads\/2021\/07\/LEI-857-AUTORIZA-ABERTURA-DE-CR%C3%89DITO-ESPECIAL.pdf\">LEI 857 \u2013 AUTORIZA ABERTURA DE CR\u00c9DITO ESPECIAL<\/a><\/p>\n<p><a href=\"http:\/\/pocinhos.pb.gov.br\/wp-content\/uploads\/2021\/07\/LEI-858-AUTORIZA-O-PODER-EXECUTIVO-PROCEDER-DOA%C3%87%C3%95ES-INDEP.-DA-EXISTENCIA-DE-ESTOQUE.pdf\">LEI 858 \u2013 AUTORIZA O PODER EXECUTIVO PROCEDER DOA\u00c7\u00d5ES INDEP. DA EXISTENCIA DE ESTOQUE<\/a><\/p>\n<p><a href=\"http:\/\/pocinhos.pb.gov.br\/wp-content\/uploads\/2021\/07\/LEI-859-AUTORIZA-ABERTURA-DE-CR%C3%89DITO-ESPECIAL.pdf\">LEI 859 \u2013 AUTORIZA ABERTURA DE CR\u00c9DITO ESPECIAL<\/a><\/p>\n<p><a href=\"http:\/\/pocinhos.pb.gov.br\/wp-content\/uploads\/2021\/07\/LEI-860-AUTORIZA-ABERTURA-DE-CR%C3%89DITO-ESPECIAL.pdf\">LEI 860 \u2013 AUTORIZA ABERTURA DE CR\u00c9DITO ESPECIAL<\/a><\/p>\n<p><a href=\"http:\/\/pocinhos.pb.gov.br\/wp-content\/uploads\/2021\/07\/LEI-861-AUTORIZA-ABERTURA-DE-CR%C3%89DITO-ESPECIAL.pdf\">LEI 861 \u2013 AUTORIZA ABERTURA DE CR\u00c9DITO ESPECIAL<\/a><\/p>\n<p><a href=\"http:\/\/pocinhos.pb.gov.br\/wp-content\/uploads\/2021\/07\/LEI-862-AUTORIZA-O-PODER-EXECUTIVO-A-DESENV.-A%C3%87%C3%95ES-PARA-IMPLEMENTAR-PROGRAMA-DE-SUBIDIO-A-HABITA%C3%87%C3%83O-DE-INTERESSE-SOCIAL.pdf\">LEI 862 \u2013 AUTORIZA O PODER EXECUTIVO A DESENV. A\u00c7\u00d5ES PARA IMPLEMENTAR PROGRAMA DE SUBIDIO A HABITA\u00c7\u00c3O DE INTERESSE SOCIAL<\/a><\/p>\n<p><a href=\"http:\/\/pocinhos.pb.gov.br\/wp-content\/uploads\/2021\/07\/LEI-863A-DISPOE-SOBRE-A-DIRETRIZES-OR%C3%87AMENT%C3%81RIAS-PARA-2005.pdf\">LEI 863A \u2013 DISPOE SOBRE A DIRETRIZES OR\u00c7AMENT\u00c1RIAS PARA 2005<\/a><\/p>\n<p><a href=\"http:\/\/pocinhos.pb.gov.br\/wp-content\/uploads\/2021\/07\/LEI-864-AESTIMA-RECEITA-E-FIXA-A-DESPESA-DA-CAMARA-DE-VEREADORES-PARA-2005.pdf\">LEI 864 \u2013 AESTIMA RECEITA E FIXA A DESPESA DA CAMARA DE VEREADORES PARA 2005<\/a><\/p>\n<p><a href=\"http:\/\/pocinhos.pb.gov.br\/wp-content\/uploads\/2021\/07\/LEI-865-FIXA-OS-SUBSIDIOS-DE-PREFEITO-E-VICE-PARA-2005.pdf\">LEI 865 \u2013 FIXA OS SUBSIDIOS DE PREFEITO E VICE PARA 2005<\/a><\/p>\n<p><a href=\"http:\/\/pocinhos.pb.gov.br\/wp-content\/uploads\/2021\/07\/LEI-866-FIXA-A-REMUNERA%C3%87%C3%83O-DOS-VEREADORES-PARA-O-INICIO-DE-2005-AO-TERMINO-2008.pdf\">LEI 866 \u2013 FIXA A REMUNERA\u00c7\u00c3O DOS VEREADORES PARA O INICIO DE 2005 AO TERMINO 2008<\/a><\/p>\n<p><a href=\"http:\/\/pocinhos.pb.gov.br\/wp-content\/uploads\/2021\/07\/LEI-867-ESTIMA-A-RECEITA-E-FIXA-A-DESPESAS-PARA-2005.pdf\">LEI 867 \u2013 ESTIMA A RECEITA E FIXA A DESPESAS PARA 2005<\/a><\/p>\n","protected":false},"excerpt":{"rendered":"<p>LEI 846 \u2013 AUTORIZA ABERTURA DE CR\u00c9DITO ESPECIAL LEI 847 \u2013 AUTORIZA ABERTURA DE CR\u00c9DITO ESPECIAL LEI 848 \u2013 AUTORIZA ABERTURA DE CR\u00c9DITO ESPECIAL LEI 849 \u2013 INSTITUI O PLANO DE CARGOS CARREIRA E REMUNERA\u00c7\u00c3O DO MAGIST\u00c9RIO LEI 850 \u2013 AUTORIZA ABERTURA DE CR\u00c9DITO ESPECIAL LEI 851 \u2013 AUTORIZA ABERTURA DE CR\u00c9DITO ESPECIAL LEI 852&#8230;<\/p>\n","protected":false},"author":1,"featured_media":5543,"comment_status":"closed","ping_status":"open","sticky":false,"template":"","format":"standard","meta":{"footnotes":""},"categories":[63],"tags":[],"class_list":["post-5542","post","type-post","status-publish","format-standard","has-post-thumbnail","hentry","category-arquivo-de-leis"],"aioseo_notices":[],"_links":{"self":[{"href":"https:\/\/pocinhos.pb.gov.br\/site\/wp-json\/wp\/v2\/posts\/5542","targetHints":{"allow":["GET"]}}],"collection":[{"href":"https:\/\/pocinhos.pb.gov.br\/site\/wp-json\/wp\/v2\/posts"}],"about":[{"href":"https:\/\/pocinhos.pb.gov.br\/site\/wp-json\/wp\/v2\/types\/post"}],"author":[{"embeddable":true,"href":"https:\/\/pocinhos.pb.gov.br\/site\/wp-json\/wp\/v2\/users\/1"}],"replies":[{"embeddable":true,"href":"https:\/\/pocinhos.pb.gov.br\/site\/wp-json\/wp\/v2\/comments?post=5542"}],"version-history":[{"count":1,"href":"https:\/\/pocinhos.pb.gov.br\/site\/wp-json\/wp\/v2\/posts\/5542\/revisions"}],"predecessor-version":[{"id":5544,"href":"https:\/\/pocinhos.pb.gov.br\/site\/wp-json\/wp\/v2\/posts\/5542\/revisions\/5544"}],"wp:featuredmedia":[{"embeddable":true,"href":"https:\/\/pocinhos.pb.gov.br\/site\/wp-json\/wp\/v2\/media\/5543"}],"wp:attachment":[{"href":"https:\/\/pocinhos.pb.gov.br\/site\/wp-json\/wp\/v2\/media?parent=5542"}],"wp:term":[{"taxonomy":"category","embeddable":true,"href":"https:\/\/pocinhos.pb.gov.br\/site\/wp-json\/wp\/v2\/categories?post=5542"},{"taxonomy":"post_tag","embeddable":true,"href":"https:\/\/pocinhos.pb.gov.br\/site\/wp-json\/wp\/v2\/tags?post=5542"}],"curies":[{"name":"wp","href":"https:\/\/api.w.org\/{rel}","templated":true}]}}