{"id":5593,"date":"2025-02-01T22:55:18","date_gmt":"2025-02-01T22:55:18","guid":{"rendered":"https:\/\/pocinhos.pb.gov.br\/site\/?p=5593"},"modified":"2025-02-01T22:55:18","modified_gmt":"2025-02-01T22:55:18","slug":"leis-de-2021","status":"publish","type":"post","link":"https:\/\/pocinhos.pb.gov.br\/site\/leis-de-2021\/","title":{"rendered":"Leis de 2021"},"content":{"rendered":"<p><a href=\"http:\/\/pocinhos.pb.gov.br\/wp-content\/uploads\/2021\/07\/LEI-N%C2%B0-1463-2021-ADEQUA%C3%87%C3%83O-DOS-VENCIMENTOS-DOS-SERVIDORES-P%C3%9ABLICOS-MUNICIPAL.pdf\">LEI N\u00b0 1463-2021 \u2013 ADEQUA\u00c7\u00c3O DOS VENCIMENTOS DOS SERVIDORES P\u00daBLICOS MUNICIPAL<\/a><\/p>\n<p><a href=\"http:\/\/pocinhos.pb.gov.br\/wp-content\/uploads\/2021\/07\/LEI-N%C2%B0-1464-2021-AUTORIZA-ABERTURA-DE-CR%C3%89DITO-ESPECIAL-AO-OR%C3%87AMENTO-GERAL-DO-MUNIC%C3%8DPIO-PR%C3%89-SAL.pdf\">LEI N\u00b0 1464-2021 \u2013 AUTORIZA ABERTURA DE CR\u00c9DITO ESPECIAL AO OR\u00c7AMENTO GERAL DO MUNIC\u00cdPIO \u2013 PR\u00c9-SAL<\/a><\/p>\n<p><a href=\"http:\/\/pocinhos.pb.gov.br\/wp-content\/uploads\/2021\/07\/LEI-N%C2%B0-1465-2021-ART%C3%89RIA-P%C3%9ABLICA-RUA-HELENO-EPIF%C3%82NIO-DE-OLIVEIRA.pdf\">LEI N\u00b0 1465-2021 \u2013 ART\u00c9RIA P\u00daBLICA \u2013 RUA HELENO EPIF\u00c2NIO DE OLIVEIRA<\/a><\/p>\n<p><a href=\"http:\/\/pocinhos.pb.gov.br\/wp-content\/uploads\/2021\/07\/LEI-N%C2%B0-1466-2021-DISP%C3%95E-ACERCA-DA-VEDA%C3%87%C3%83O-A-NOMEA%C3%87%C3%83O-PARA-FUN%C3%87%C3%95ES-E-CARGOS-P%C3%9ABLICOS-DE-PESSOAS-QUE-TENHAM-SIDO-CONDENADAS.pdf\">LEI N\u00b0 1466-2021 \u2013 DISP\u00d5E ACERCA DA VEDA\u00c7\u00c3O A NOMEA\u00c7\u00c3O PARA FUN\u00c7\u00d5ES E CARGOS P\u00daBLICOS DE PESSOAS QUE TENHAM SIDO CONDENADAS<\/a><\/p>\n<p><a href=\"http:\/\/pocinhos.pb.gov.br\/wp-content\/uploads\/2021\/07\/LEI-N%C2%B0-1467-2021-TORNA-OBRIGAT%C3%93RIA-A-AFIXA%C3%87%C3%83O-DE-CARTAZ-COM-TELEFONES-PARA-DEN%C3%9ANCIAS-DE-MAUS-TRATOS-CONTRA-ANIMAIS-2.pdf\">LEI N\u00b0 1467-2021 \u2013 TORNA OBRIGAT\u00d3RIA A AFIXA\u00c7\u00c3O DE CARTAZ COM TELEFONES PARA DEN\u00daNCIAS DE MAUS TRATOS CONTRA ANIMAIS<\/a><\/p>\n<p><a href=\"http:\/\/pocinhos.pb.gov.br\/wp-content\/uploads\/2021\/07\/LEI-N%C2%B0-1468-2021-AUTORIZA-O-PODER-EXECUTIVO-MUNICIPAL-A-PROCEDER-DOA%C3%87%C3%83O-DE-TERRENOS-E-D%C3%81-OUTRAS-PROVID%C3%8ANCIAS-CAGEPA.pdf\">LEI N\u00b0 1468-2021 \u2013 AUTORIZA O PODER EXECUTIVO MUNICIPAL A PROCEDER DOA\u00c7\u00c3O DE TERRENOS E D\u00c1 OUTRAS PROVID\u00caNCIAS \u2013 CAGEPA<\/a><\/p>\n<p><a href=\"http:\/\/pocinhos.pb.gov.br\/wp-content\/uploads\/2021\/07\/LEI-N%C2%B0-1469-2021-INSTITUI-O-PROGRAMA-DE-PROTE%C3%87%C3%83O-DE-ANIMAIS-DE-RUA-OU-ABANDONADOS.pdf\">LEI N\u00b0 1469-2021 \u2013 INSTITUI O PROGRAMA DE PROTE\u00c7\u00c3O DE ANIMAIS DE RUA OU ABANDONADOS<\/a><\/p>\n<p><a href=\"http:\/\/pocinhos.pb.gov.br\/wp-content\/uploads\/2021\/07\/LEI-N%C2%B0-1470-2021-ALTERA-A-LEI-MUNICIPAL-N%C2%BA-849-2004-QUE-INSTITUI-O-PLANO-DE-CARGOS-CARREIRA-E-REMUNERA%C3%87%C3%83O-DO-MAGIST%C3%89RIO-PCCR.pdf\">LEI N\u00b0 1470-2021 \u2013 ALTERA A LEI MUNICIPAL N\u00ba 849-2004, QUE INSTITUI O PLANO DE CARGOS, CARREIRA E REMUNERA\u00c7\u00c3O DO MAGIST\u00c9RIO \u2013 PCCR<\/a><\/p>\n<p><a href=\"http:\/\/pocinhos.pb.gov.br\/wp-content\/uploads\/2021\/07\/LEI-N%C2%B0-1471-2021-DOA%C3%87%C3%83O-PESSOA-CARENTE-JOELMA-DE-OLIVEIRA-LOPES.pdf\">LEI N\u00b0 1471-2021 \u2013 DOA\u00c7\u00c3O PESSOA CARENTE \u2013 JOELMA DE OLIVEIRA LOPES<\/a><\/p>\n<p><a href=\"http:\/\/pocinhos.pb.gov.br\/wp-content\/uploads\/2021\/07\/LEI-N%C2%B0-1472-2021-AUTORIZA-O-PODER-EXECUTIVO-A-PROCEDER-DOA%C3%87%C3%83O-PARA-PESSOA-CARENTE-PARA-PROMO%C3%87%C3%83O-DE-EXAME-M%C3%89DICO-E-D%C3%81-OUTRAS-PROVID%C3%8ANCIAS.pdf\">LEI N\u00b0 1472-2021 \u2013 AUTORIZA O PODER EXECUTIVO A PROCEDER DOA\u00c7\u00c3O PARA PESSOA CARENTE, PARA PROMO\u00c7\u00c3O DE EXAME M\u00c9DICO; E D\u00c1 OUTRAS PROVID\u00caNCIAS<\/a><\/p>\n<p><a href=\"http:\/\/pocinhos.pb.gov.br\/wp-content\/uploads\/2021\/07\/LEI-N%C2%B0-1473-2021-REVIS%C3%83O-ATUALIZA%C3%87%C3%83O-DA-LEI-DE-CRIA%C3%87%C3%83O-DO-FUNDEB-FUNDAMENTO-LEI-FEDERAL-N%C2%BA-14.113-ALTERANDO-LEI-MUNICIPAL.pdf\">LEI N\u00b0 1473-2021 \u2013 REVIS\u00c3O ATUALIZA\u00c7\u00c3O DA LEI DE CRIA\u00c7\u00c3O DO FUNDEB, FUNDAMENTO LEI FEDERAL N\u00ba 14.113 ALTERANDO LEI MUNICIPAL<\/a><\/p>\n<p><a href=\"http:\/\/pocinhos.pb.gov.br\/wp-content\/uploads\/2021\/07\/LEI-N%C2%B0-1474-2021-DOA%C3%87%C3%83O-PESSOA-CARENTE-SOLANGE-DANIEL-BERNARDINO-SILVA.pdf\">LEI N\u00b0 1474-2021 \u2013 DOA\u00c7\u00c3O PESSOA CARENTE \u2013 SOLANGE DANIEL BERNARDINO SILVA<\/a><\/p>\n<p><a href=\"http:\/\/pocinhos.pb.gov.br\/wp-content\/uploads\/2021\/07\/LEI-N%C2%B0-1475-2021-VACINAS-CONTRA-O-CORONAV%C3%8DRUS.pdf\">LEI N\u00b0 1475-2021 \u2013 VACINAS CONTRA O CORONAV\u00cdRUS<\/a><\/p>\n<p><a href=\"http:\/\/pocinhos.pb.gov.br\/wp-content\/uploads\/2021\/07\/LEI-N%C2%B0-1476-2021-APREENS%C3%83O__GUARDA_E_PENALIDADES_ANIMAIS.pdf\">LEI N\u00b0 1476-2021 \u2013 APREENS\u00c3O__GUARDA_E_PENALIDADES_ANIMAIS<\/a><\/p>\n<p><a href=\"http:\/\/pocinhos.pb.gov.br\/wp-content\/uploads\/2021\/07\/LEI-N%C2%B0-1477-2021-CONSELHO-MUNICIPAL-DA-MULHER.pdf\">LEI N\u00b0 1477-2021 \u2013 CONSELHO MUNICIPAL DA MULHER<\/a><\/p>\n<p><a href=\"http:\/\/pocinhos.pb.gov.br\/wp-content\/uploads\/2021\/07\/LEI-N%C2%B0-1478-2021-COMBATE-A-DEPRESS%C3%83O.pdf\">LEI N\u00b0 1478-2021 \u2013 COMBATE A DEPRESS\u00c3O<\/a><\/p>\n<p><a href=\"http:\/\/pocinhos.pb.gov.br\/wp-content\/uploads\/2021\/07\/LEI-N%C2%B0-1479-2021-ARTERIA_PUBLICA_SEBASTIAO_VASCONCELOS.pdf\">LEI N\u00b0 1479-2021 \u2013 ARTERIA_PUBLICA_SEBASTIAO_VASCONCELOS<\/a><\/p>\n<p><a href=\"http:\/\/pocinhos.pb.gov.br\/wp-content\/uploads\/2021\/07\/LEI-N%C2%B0-1480-2021-OBSERVATORIO-DA-VIOLENCIA-CONTRA-MULHER.pdf\">LEI N\u00b0 1480-2021 \u2013 OBSERVATORIO DA VIOLENCIA CONTRA MULHER<\/a><\/p>\n<p><a href=\"http:\/\/pocinhos.pb.gov.br\/wp-content\/uploads\/2021\/07\/LEI-N%C2%B0-1481-2021-DEZEMBRO-VERDE-ABANDONO-ANIMAIS.pdf\">LEI N\u00b0 1481-2021 \u2013 DEZEMBRO VERDE ABANDONO ANIMAIS<\/a><\/p>\n<p><a href=\"http:\/\/pocinhos.pb.gov.br\/wp-content\/uploads\/2021\/07\/LEI-N%C2%B0-1482-2021-DISCRIMINA%C3%87%C3%83O_SEXUAL.pdf\">LEI N\u00b0 1482-2021 \u2013 DISCRIMINA\u00c7\u00c3O_SEXUAL<\/a><\/p>\n<p><a href=\"http:\/\/pocinhos.pb.gov.br\/wp-content\/uploads\/2021\/07\/LEI-N%C2%B0-1483-2021-ARTERIA_PUBLICA_FRANCISCO_DOMICIANO.pdf\">LEI N\u00b0 1483-2021 \u2013 ARTERIA_PUBLICA_FRANCISCO_DOMICIANO<\/a><\/p>\n<p><a href=\"http:\/\/pocinhos.pb.gov.br\/wp-content\/uploads\/2021\/07\/LEI-N%C2%B0-1484-2021-ARTERIA-PUBLICA-RUA-DELEGADO-ERIBERTO-PAULINO-DA-COSTA-FILHO.pdf\">LEI N\u00b0 1484-2021 \u2013 ARTERIA PUBLICA \u2013 RUA DELEGADO ERIBERTO PAULINO DA COSTA FILHO<\/a><\/p>\n<p><a href=\"http:\/\/pocinhos.pb.gov.br\/wp-content\/uploads\/2021\/07\/LEI-N%C2%B0-1485-2021-ARTERIA-PUBLICA-RUA-SIMONE-DA-COSTA-RODRIGUES.pdf\">LEI N\u00b0 1485-2021 \u2013 ARTERIA PUBLICA \u2013 RUA SIMONE DA COSTA RODRIGUES<\/a><\/p>\n<p><a href=\"http:\/\/pocinhos.pb.gov.br\/wp-content\/uploads\/2021\/07\/LEI-N%C2%B0-1486-2021-VACINA_CONTRA_CINOMOSE.pdf\">LEI N\u00b0 1486-2021 \u2013 VACINA_CONTRA_CINOMOSE<\/a><\/p>\n<p><a href=\"http:\/\/pocinhos.pb.gov.br\/wp-content\/uploads\/2021\/07\/LEI-N%C2%B0-1487-2021-PROIBE-CORTE-DE-ENERGIA-E-AGUA.pdf\">LEI N\u00b0 1487-2021 \u2013 PROIBE CORTE DE ENERGIA E AGUA<\/a><\/p>\n<p><a href=\"http:\/\/pocinhos.pb.gov.br\/wp-content\/uploads\/2021\/07\/LEI-N%C2%B0-1488-2021-ACESSIBILIDADE-DE-SURDOS-A-CONCURSO-PUBLICO.pdf\">LEI N\u00b0 1488-2021 \u2013 ACESSIBILIDADE DE SURDOS A CONCURSO PUBLICO<\/a><\/p>\n<p><a href=\"http:\/\/pocinhos.pb.gov.br\/wp-content\/uploads\/2021\/07\/LEI-N%C2%B0-1489-2021-PROGRAMA_ANIMAL_LEGAL.pdf\">LEI N\u00b0 1489-2021 \u2013 PROGRAMA_ANIMAL_LEGAL<\/a><\/p>\n<p><a href=\"http:\/\/pocinhos.pb.gov.br\/wp-content\/uploads\/2021\/07\/LEI-N%C2%B0-1490-2021-SEMANA_ANTIABORTO.pdf\">LEI N\u00b0 1490-2021 \u2013 SEMANA_ANTIABORTO<\/a><\/p>\n<p><a href=\"http:\/\/pocinhos.pb.gov.br\/wp-content\/uploads\/2021\/07\/LEI-N%C2%B0-1491-2021-CRIA-FEIRA-LIVRE-DISTRITO-NAZARE.pdf\">LEI N\u00b0 1491-2021 \u2013 CRIA FEIRA LIVRE DISTRITO NAZARE<\/a><\/p>\n<p><a href=\"http:\/\/pocinhos.pb.gov.br\/wp-content\/uploads\/2021\/07\/LEI-N%C2%B0-1492-2021-DENOMINA-ARTERIA-PUBLICA-RUA-DELEGADO-HERIBERTO-PAULINO-DA-COSTA.pdf\">LEI N\u00b0 1492-2021 \u2013 DENOMINA ARTERIA PUBLICA \u2013 RUA DELEGADO HERIBERTO PAULINO DA COSTA<\/a><\/p>\n<p><a href=\"http:\/\/pocinhos.pb.gov.br\/wp-content\/uploads\/2021\/07\/LEI-N%C2%B0-1493-2021-DENOMINA-ARTERIA-PUBLICA-RUA-FRANCISCO-DOMICIANO-DOS-SANTOS.pdf\">LEI N\u00b0 1493-2021 \u2013 DENOMINA ARTERIA PUBLICA \u2013 RUA FRANCISCO DOMICIANO DOS SANTOS<\/a><\/p>\n<p><a href=\"http:\/\/pocinhos.pb.gov.br\/wp-content\/uploads\/2021\/07\/LEI-N%C2%B0-1494-2021-SEMANA-DE-CONCIENTIZA%C3%87%C3%83O-AO-RELACIONAMENTO-ABUSIVO.pdf\">LEI N\u00b0 1494-2021 \u2013 SEMANA DE CONSCIENTIZA\u00c7\u00c3O AO RELACIONAMENTO ABUSIVO<\/a><\/p>\n<p><a href=\"http:\/\/pocinhos.pb.gov.br\/wp-content\/uploads\/2021\/07\/LEI-N%C2%B0-1495-2021-INSTITUI-CONSELHO-MUNICIPAL-IDOSO.pdf\">LEI N\u00b0 1495-2021 \u2013 INSTITUI CONSELHO MUNICIPAL IDOSO<\/a><\/p>\n<p><a href=\"http:\/\/pocinhos.pb.gov.br\/wp-content\/uploads\/2021\/07\/LEI-N%C2%B0-1496-2021-DISPOE-SOBRE-LIMPEZA-DOS-TERRENOS-BALDIOS.pdf\">LEI N\u00b0 1496-2021 \u2013 DISPOE SOBRE LIMPEZA DOS TERRENOS BALDIOS<\/a><\/p>\n<p><a href=\"http:\/\/pocinhos.pb.gov.br\/wp-content\/uploads\/2021\/07\/LEI-N%C2%B0-1497-2021-CRIA-PROGRAMA-JUSTI%C3%87A-RESTAURATIVA-COMO-POLITICA-PUBLICA.pdf\">LEI N\u00b0 1497-2021 \u2013 CRIA PROGRAMA JUSTI\u00c7A RESTAURATIVA COMO POLITICA PUBLICA<\/a><\/p>\n<p><a href=\"http:\/\/pocinhos.pb.gov.br\/wp-content\/uploads\/2021\/07\/LEI-N%C2%B0-1498-2021-DOA%C3%87%C3%83O-PESSOA-CARENTE-FABIANA-PEREIRA-DA-SILVA.pdf\">LEI N\u00b0 1498-2021 \u2013 DOA\u00c7\u00c3O PESSOA CARENTE \u2013 FABIANA PEREIRA DA SILVA<\/a><\/p>\n<p><a href=\"http:\/\/pocinhos.pb.gov.br\/wp-content\/uploads\/2021\/07\/LEI-N%C2%B0-1499-2021-DISPOE-SOBRE-DIRETRIZES-OR%C3%87AMENTARIAS-EXERCICIO-FINANCEIRO-2022-LDO-1.pdf\">LEI N\u00b0 1499-2021 \u2013 DISPOE SOBRE DIRETRIZES OR\u00c7AMENTARIAS EXERCICIO FINANCEIRO 2022 \u2013 LDO<\/a><\/p>\n<p><a href=\"http:\/\/pocinhos.pb.gov.br\/wp-content\/uploads\/2021\/07\/LEI-N%C2%B0-1500-2021-DENOMINA-ARTERIA-PUBLICA-RUA-VEREADORA-MARIA-DE-FATIMA-COSTA-SILVA.pdf\">LEI N\u00b0 1500-2021 \u2013 DENOMINA ARTERIA PUBLICA \u2013 RUA VEREADORA MARIA DE FATIMA COSTA SILVA<\/a><\/p>\n<p><a href=\"http:\/\/pocinhos.pb.gov.br\/wp-content\/uploads\/2021\/07\/LEI-N%C2%B0-1501-2021-ESTABELECE-PRIORIDADE-ATENDIMENTO-PESSOAS-TRANSTORNO-AUTISTA.pdf\">LEI N\u00b0 1501-2021 \u2013 ESTABELECE PRIORIDADE ATENDIMENTO PESSOAS TRANSTORNO AUTISTA<\/a><\/p>\n<p><a href=\"http:\/\/pocinhos.pb.gov.br\/wp-content\/uploads\/2021\/07\/LEI-N%C2%B0-1502-2021-ABRE-CREDITO-ESPECIAL-CONVENIO-HOSPITAL.pdf\">LEI N\u00b0 1502-2021 \u2013 ABRE CREDITO ESPECIAL \u2013 CONVENIO HOSPITAL<\/a><\/p>\n<p><a href=\"http:\/\/pocinhos.pb.gov.br\/wp-content\/uploads\/2021\/07\/LEI-N%C2%B0-1503-2021-DENOMINA-ART%C3%89RIA-P%C3%9ABLICA-RUA-NORMANDO-CAVALCANTI-LEAL.pdf\">LEI N\u00b0 1503-2021 \u2013 DENOMINA ART\u00c9RIA P\u00daBLICA \u2013 RUA NORMANDO CAVALCANTI LEAL<\/a><\/p>\n<p><a href=\"http:\/\/pocinhos.pb.gov.br\/wp-content\/uploads\/2021\/07\/LEI-N%C2%B0-1504-2021-DECLARA-NORMANDO-CAVALCANTI-LEAL-PATRONO-GUARDA-MUNICIPAL.pdf\">LEI N\u00b0 1504-2021 \u2013 DECLARA NORMANDO CAVALCANTI LEAL PATRONO GUARDA MUNICIPAL<\/a><\/p>\n<p><a href=\"http:\/\/pocinhos.pb.gov.br\/wp-content\/uploads\/2021\/07\/LEI-N%C2%B0-1505-2021-CIRURGIA-EDILENE-TORRES.pdf\">LEI N\u00b0 1505-2021 \u2013 CIRURGIA EDILENE TORRES<\/a><\/p>\n<p><a href=\"http:\/\/pocinhos.pb.gov.br\/wp-content\/uploads\/2021\/07\/LEI-N%C2%B0-1506-2021-CIRURGIA-SOLANGE-DANIEL.pdf\">LEI N\u00b0 1506-2021 \u2013 CIRURGIA SOLANGE DANIEL<\/a><\/p>\n<p><a href=\"http:\/\/pocinhos.pb.gov.br\/wp-content\/uploads\/2021\/07\/LEI-N%C2%B0-1507-2021-COMPETENCIA-DOS-SECRETARIOS.pdf\">LEI N\u00b0 1507-2021 \u2013 COMPETENCIA DOS SECRETARIOS<\/a><\/p>\n<p><a href=\"http:\/\/pocinhos.pb.gov.br\/wp-content\/uploads\/2021\/07\/LEI-N%C2%B0-1508-2021-EXAME-ISAAC-COSTA.pdf\">LEI N\u00b0 1508-2021 \u2013 EXAME \u2013 ISAAC COSTA<\/a><\/p>\n<p><a href=\"http:\/\/pocinhos.pb.gov.br\/wp-content\/uploads\/2021\/07\/LEI-N%C2%B0-1509-2021-AUXILIO-EMERGENCIAL.pdf\">LEI N\u00b0 1509-2021 \u2013 AUXILIO EMERGENCIAL<\/a><\/p>\n<p><a href=\"http:\/\/pocinhos.pb.gov.br\/wp-content\/uploads\/2021\/07\/LEI-N%C2%B0-1510-2021-CRIA%C3%87%C3%83O-MEMORIAL-VIRTUAL-MORTOS-COVID-19.pdf\">LEI N\u00b0 1510-2021 \u2013 CRIA\u00c7\u00c3O MEMORIAL VIRTUAL MORTOS COVID-19<\/a><\/p>\n<p><a href=\"http:\/\/pocinhos.pb.gov.br\/wp-content\/uploads\/2021\/07\/LEI-N%C2%B0-1511-2021-PAGAMENTO-DESPESAS-ACIDENTE-AMBULANCIA-SAMU.pdf\">LEI N\u00b0 1511-2021 \u2013 PAGAMENTO DESPESAS ACIDENTE AMBULANCIA SAMU<\/a><\/p>\n<p><a href=\"http:\/\/pocinhos.pb.gov.br\/wp-content\/uploads\/2021\/07\/LEI-N%C2%B0-1512-2021-CONVENIO-COOPERA%C3%87%C3%83O-ASSOCIA%C3%87%C3%95ES.pdf\">LEI N\u00b0 1512-2021 \u2013 CONVENIO COOPERA\u00c7\u00c3O ASSOCIA\u00c7\u00d5ES<\/a><\/p>\n<p><a href=\"http:\/\/pocinhos.pb.gov.br\/wp-content\/uploads\/2021\/07\/LEI-N%C2%B0-1513-2021-A%C3%87%C3%83O-CULTURAL-JOVEM-POETA.pdf\">LEI N\u00b0 1513-2021 \u2013 A\u00c7\u00c3O CULTURAL JOVEM POETA<\/a><\/p>\n<p><a href=\"http:\/\/pocinhos.pb.gov.br\/wp-content\/uploads\/2021\/07\/LEI-N%C2%B0-1514-2021-FORNECIMENTO-DE-ALCOOL-NOS-ONIBUS-DE-ESTUDANTES.pdf\">LEI N\u00b0 1514-2021 \u2013 FORNECIMENTO DE ALCOOL NOS ONIBUS DE ESTUDANTES<\/a><\/p>\n<p><a href=\"http:\/\/pocinhos.pb.gov.br\/wp-content\/uploads\/2021\/07\/LEI-N%C2%B0-1515-2021-PROIBI%C3%87%C3%83O-DE-INCENTIVOS-FISCAIS-A-EMPRESAS-CONDENADAS-POR-CORRUP%C3%87%C3%83O.pdf\">LEI N\u00b0 1515-2021 \u2013 PROIBI\u00c7\u00c3O DE INCENTIVOS FISCAIS A EMPRESAS CONDENADAS POR CORRUP\u00c7\u00c3O<\/a><\/p>\n<p><a href=\"http:\/\/pocinhos.pb.gov.br\/wp-content\/uploads\/2021\/07\/LEI-N%C2%B0-1516-2021-ENSINO-DE-O%C3%87%C3%95ES-BASICAS-DA-LEI-MARIA-DA-PENHA.pdf\">LEI N\u00b0 1516-2021 \u2013 ENSINO DE O\u00c7\u00d5ES BASICAS DA LEI MARIA DA PENHA<\/a><\/p>\n<p><a href=\"http:\/\/pocinhos.pb.gov.br\/wp-content\/uploads\/2021\/07\/LEI-N%C2%B0-1517-2021-LEIL%C3%83O-BENS-INSERVIVEIS.pdf\">LEI N\u00b0 1517-2021 \u2013 LEIL\u00c3O BENS INSERVIVEIS<\/a><\/p>\n<p><a href=\"http:\/\/pocinhos.pb.gov.br\/wp-content\/uploads\/2021\/07\/LEI-N%C2%B0-1518-2021-ESTADUALIZA%C3%87%C3%83O-DE-ESTRADA-QUE-LIGA-ALGOD%C3%83O-DE-JANDAIRA-A-POCINHOS.pdf\">LEI N\u00b0 1518-2021 \u2013 ESTADUALIZA\u00c7\u00c3O DE ESTRADA QUE LIGA ALGOD\u00c3O DE JANDAIRA A POCINHOS<\/a><\/p>\n<p><a href=\"http:\/\/pocinhos.pb.gov.br\/wp-content\/uploads\/2021\/07\/LEI-N%C2%B0-1519-2021-ESTADUALIZA%C3%87%C3%83O-DE-ESTRADA-QUE-LIGA-OLIVEDOS-A-POCINHOS.pdf\">LEI N\u00b0 1519-2021 \u2013 ESTADUALIZA\u00c7\u00c3O DE ESTRADA QUE LIGA OLIVEDOS A POCINHOS<\/a><\/p>\n<p><a href=\"http:\/\/pocinhos.pb.gov.br\/wp-content\/uploads\/2021\/07\/LEI-N%C2%B0-1520-2021-REESTRUTURA%C3%87%C3%83O-DO-CONSELHO-DE-DESENVOLVIMENTO-SUSTENTAVEL.pdf\">LEI N\u00b0 1520-2021 \u2013 REESTRUTURA\u00c7\u00c3O DO CONSELHO DE DESENVOLVIMENTO SUSTENTAVEL<\/a><\/p>\n<p><a href=\"http:\/\/pocinhos.pb.gov.br\/wp-content\/uploads\/2021\/07\/LEI-N%C2%B0-1521-2021-PREDIOS-PINTADOS-COM-AS-CORES-OFICIAIS-DA-BANDEIRA.pdf\">LEI N\u00b0 1521-2021 \u2013 PREDIOS PINTADOS COM AS CORES OFICIAIS DA BANDEIRA<\/a><\/p>\n<p><a href=\"http:\/\/pocinhos.pb.gov.br\/wp-content\/uploads\/2021\/07\/LEI-N%C2%B0-1522-2021-ALTERA-LEI-MUNICIPAL-N%C2%BA-1318-2015-ATENDIMENTO-DA-CRIAN%C3%87A-E-DO-ADOLESCENTE.pdf\">LEI N\u00b0 1522-2021 \u2013 ALTERA LEI MUNICIPAL N\u00ba 1318-2015 ATENDIMENTO DA CRIAN\u00c7A E DO ADOLESCENTE<\/a><\/p>\n<p><a href=\"http:\/\/pocinhos.pb.gov.br\/wp-content\/uploads\/2021\/07\/LEI-N%C2%B0-1523-2021-DENOMINA-ARTERIA-PUBLICA-RUA-FABIO-MONTEIRO.pdf\">LEI N\u00b0 1523-2021 \u2013 DENOMINA ARTERIA PUBLICA \u2013 RUA FABIO MONTEIRO<\/a><\/p>\n<p><a href=\"http:\/\/pocinhos.pb.gov.br\/wp-content\/uploads\/2021\/07\/LEI-N%C2%B0-1524-2021-OBRIGATORIEDADE-DE-EXECU%C3%87%C3%83O-DE-HINOS-NAS-ESCOLAS.pdf\">LEI N\u00b0 1524-2021 \u2013 OBRIGATORIEDADE DE EXECU\u00c7\u00c3O DE HINOS NAS ESCOLAS<\/a><\/p>\n<p><a href=\"http:\/\/pocinhos.pb.gov.br\/wp-content\/uploads\/2021\/07\/LEI-N%C2%B0-1525-2021-INSTITUTO-MEMORIAL-DA-BORBOREMA.pdf\">LEI N\u00b0 1525-2021 \u2013 INSTITUTO MEMORIAL DA BORBOREMA<\/a><\/p>\n<p><a href=\"http:\/\/pocinhos.pb.gov.br\/wp-content\/uploads\/2021\/07\/LEI-N%C2%B0-1526-2021-TITULO-AMIGO-DO-MEIO-AMBIENTE.pdf\">LEI N\u00b0 1526-2021 \u2013 TITULO AMIGO DO MEIO AMBIENTE<\/a><\/p>\n<p><a href=\"http:\/\/pocinhos.pb.gov.br\/wp-content\/uploads\/2021\/07\/LEI-N%C2%B0-1527-2021-REDUZ-CARGA-HORARIA-SERVIDOR-PARA-CUIDAR-DE-PARENTE-DOENTE-GRAVE.pdf\">LEI N\u00b0 1527-2021 \u2013 REDUZ CARGA HORARIA SERVIDOR PARA CUIDAR DE PARENTE DOENTE GRAVE<\/a><\/p>\n<p><a href=\"http:\/\/pocinhos.pb.gov.br\/wp-content\/uploads\/2021\/07\/LEI-N%C2%B0-1528-2021-RATEIO-FUNDEB.pdf\">LEI N\u00b0 1528-2021 \u2013 RATEIO FUNDEB \u2013 \u2013 REVOGADA PELA LEI LEI N\u00ba 1731-2024<\/a><\/p>\n<p><a href=\"http:\/\/pocinhos.pb.gov.br\/wp-content\/uploads\/2021\/07\/LEI-N%C2%B0-1529-2021-RECURSO-FINANCEIRO-DOA%C3%87%C3%83O-PESSOA-CARENTE.pdf\">LEI N\u00b0 1529-2021 \u2013 RECURSO FINANCEIRO DOA\u00c7\u00c3O PESSOA CARENTE<\/a><\/p>\n<p><a href=\"http:\/\/pocinhos.pb.gov.br\/wp-content\/uploads\/2021\/07\/LEI-N%C2%B0-1530-2021-PROGRAMA-DE-AQUISI%C3%87%C3%83O-DE-AGRICULTURA-FAMILIAR.pdf\">LEI N\u00b0 1530-2021 \u2013 PROGRAMA DE AQUISI\u00c7\u00c3O DE AGRICULTURA FAMILIAR<\/a><\/p>\n<p><a href=\"http:\/\/pocinhos.pb.gov.br\/wp-content\/uploads\/2021\/07\/LEI-N%C2%B0-1531-2021-DISP%C3%95E-SOBRE-O-PLANO-PLURIANUAL-2022-2025-PPA.pdf\">LEI N\u00b0 1531-2021 \u2013 DISP\u00d5E SOBRE O PLANO PLURIANUAL 2022-2025 \u2013 PPA<\/a><\/p>\n<p><a href=\"http:\/\/pocinhos.pb.gov.br\/wp-content\/uploads\/2021\/07\/LEI-N%C2%B0-1532-2021-ESTIMA-A-RECEITA-E-FIXA-A-DESPESA-DO-MUNIC%C3%8DPIO-PARA-O-EXERC%C3%8DCIO-DE-2022-LEI-OR%C3%87AMENT%C3%81RIA-ANUAL-LOA.pdf\">LEI N\u00b0 1532-2021 \u2013 ESTIMA A RECEITA E FIXA A DESPESA DO MUNIC\u00cdPIO, PARA O EXERC\u00cdCIO DE 2022 \u2013 LEI OR\u00c7AMENT\u00c1RIA ANUAL \u2013 LOA<\/a><\/p>\n<p><a href=\"http:\/\/pocinhos.pb.gov.br\/wp-content\/uploads\/2021\/07\/LEI-N%C2%B0-1533-2021-DISP%C3%95E-SOBRE-A-CRIA%C3%87%C3%83O-DO-PROGRAMA-SOP%C3%83O-SOLID%C3%81RIO.pdf\">LEI N\u00b0 1533-2021 \u2013 DISP\u00d5E SOBRE A CRIA\u00c7\u00c3O DO PROGRAMA SOP\u00c3O SOLID\u00c1RIO<\/a><\/p>\n<p><a href=\"http:\/\/pocinhos.pb.gov.br\/wp-content\/uploads\/2021\/07\/LEI-N%C2%B0-1534-2021-AUTORIZA-A-REFORMA-DO-PR%C3%89DIO-EM-QUE-SER%C3%81-INSTALADO-UM-ABRIGO-DE-ANIMAIS.pdf\">LEI N\u00b0 1534 -2021- AUTORIZA A REFORMA DO PR\u00c9DIO EM QUE SER\u00c1 INSTALADO UM ABRIGO DE ANIMAIS<\/a><\/p>\n<p><a href=\"http:\/\/pocinhos.pb.gov.br\/wp-content\/uploads\/2021\/07\/LEI-N%C2%B0-1535-2021-DENOMINA-ART%C3%89RIA-P%C3%9ABLICA-CLAUDIO-TAVARES.pdf\">LEI N\u00b0 1535-2021 \u2013 DENOMINA ART\u00c9RIA P\u00daBLICA \u2013 CLAUDIO TAVARES<\/a><\/p>\n<p><a href=\"http:\/\/pocinhos.pb.gov.br\/wp-content\/uploads\/2021\/07\/LEI-N%C2%B0-1536-2021-INCLUI-NO-CALEND%C3%81RIO-OFICIAL-DE-EVENTOS-DO-MUNIC%C3%8DPIO-A-SEMANA-DO-FUTEBOL-AMADOR.pdf\">LEI N\u00b0 1536-2021 \u2013 INCLUI NO CALEND\u00c1RIO OFICIAL DE EVENTOS DO MUNIC\u00cdPIO, A SEMANA DO FUTEBOL AMADOR<\/a><\/p>\n<p><a href=\"http:\/\/pocinhos.pb.gov.br\/wp-content\/uploads\/2021\/07\/LEI-N%C2%B0-1537-2021-INCLUI-NO-CALEND%C3%81RIO-OFICIAL-DE-EVENTOS-DO-MUNIC%C3%8DPIO-A-SEMANA-DOS-CRIADORES-DE-CAPRINOS-OVINOS-E-SU%C3%8DNOS.pdf\">LEI N\u00b0 1537-2021 \u2013 INCLUI NO CALEND\u00c1RIO OFICIAL DE EVENTOS DO MUNIC\u00cdPIO, A SEMANA DOS CRIADORES DE CAPRINOS, OVINOS E SU\u00cdNOS<\/a><\/p>\n<p><a href=\"http:\/\/pocinhos.pb.gov.br\/wp-content\/uploads\/2021\/07\/LEI-N%C2%B0-1538-2021-INCLUI-NO-CALEND%C3%81RIO-OFICIAL-DE-EVENTOS-DO-MUNIC%C3%8DPIO-A-SEMANA-DO-AVICULTOR.pdf\">LEI N\u00b0 1538-2021 \u2013 INCLUI NO CALEND\u00c1RIO OFICIAL DE EVENTOS DO MUNIC\u00cdPIO, A SEMANA DO AVICULTOR<\/a><\/p>\n<p><a href=\"http:\/\/pocinhos.pb.gov.br\/wp-content\/uploads\/2021\/07\/LEI-N%C2%B0-1539-2021-INCLUI-NO-CALEND%C3%81RIO-OFICIAL-DE-EVENTOS-DO-MUNIC%C3%8DPIO-A-SEMANA-DO-ARTESANATO.pdf\">LEI N\u00b0 1539-2021 \u2013 INCLUI NO CALEND\u00c1RIO OFICIAL DE EVENTOS DO MUNIC\u00cdPIO, A SEMANA DO ARTESANATO<\/a><\/p>\n<p><a href=\"http:\/\/pocinhos.pb.gov.br\/wp-content\/uploads\/2021\/07\/LEI-N%C2%B0-1540-2021-CRIA%C3%87%C3%83O-DA-CADERNETA-DA-SAUDE-DA-MULHER.pdf\">LEI N\u00b0 1540-2021 \u2013 CRIA\u00c7\u00c3O DA CADERNETA DA SAUDE DA MULHER<\/a><\/p>\n<p><a href=\"http:\/\/pocinhos.pb.gov.br\/wp-content\/uploads\/2021\/07\/LEI-N%C2%B0-1541-2021-FESTA-DA-PADROEIRA-PATRIMONIO-CULTURAL.pdf\">LEI N\u00b0 1541-2021 \u2013 FESTA DA PADROEIRA PATRIMONIO CULTURAL<\/a><\/p>\n<p><a href=\"http:\/\/pocinhos.pb.gov.br\/wp-content\/uploads\/2021\/07\/LEI-N%C2%B0-1542-2021-INSPE%C3%87%C3%83O-MUNICIPAL-DE-PRODUTOS-DE-ORIGEM-VEGETAL-E-ANIMAL.pdf\">LEI N\u00b0 1542-2021 \u2013 INSPE\u00c7\u00c3O MUNICIPAL DE PRODUTOS DE ORIGEM VEGETAL E ANIMAL<\/a><\/p>\n<p><a href=\"http:\/\/pocinhos.pb.gov.br\/wp-content\/uploads\/2021\/07\/LEI-N%C2%B0-1543-2021-CRIA-PROGRAMA-EMPREENDEDOR.pdf\">LEI N\u00b0 1543-2021 \u2013 CRIA PROGRAMA EMPREENDEDOR<\/a><\/p>\n<p><a href=\"http:\/\/pocinhos.pb.gov.br\/wp-content\/uploads\/2021\/07\/LEI-N%C2%B0-1544-2021-PROGRAMA-RENDA-SOLID%C3%81RIA-BOLSA-AUX%C3%8DLIO.pdf\">LEI N\u00b0 1544-2021 \u2013 PROGRAMA RENDA SOLID\u00c1RIA \u2013 BOLSA AUX\u00cdLIO<\/a><\/p>\n<p><a href=\"http:\/\/pocinhos.pb.gov.br\/wp-content\/uploads\/2021\/07\/LEI-N%C2%B0-1545-2021-CR%C3%89DITO-ESPECIAL-PROFISSIONAIS-ENVOLVIDOS-VACINA%C3%87%C3%83O-COVID-19.pdf\">LEI N\u00b0 1545-2021 \u2013 CR\u00c9DITO ESPECIAL \u2013 PROFISSIONAIS ENVOLVIDOS VACINA\u00c7\u00c3O COVID-19<\/a><\/p>\n<p><a href=\"http:\/\/pocinhos.pb.gov.br\/wp-content\/uploads\/2021\/07\/LEI-N%C2%B0-1546-2021-POL%C3%8DTICA-DE-OR%C3%87AMENTO-DEMOCR%C3%81TICO-DO-MUNIC%C3%8DPIO.pdf\">LEI N\u00b0 1546-2021 \u2013 POL\u00cdTICA DE OR\u00c7AMENTO DEMOCR\u00c1TICO DO MUNIC\u00cdPIO<\/a><\/p>\n<p><a href=\"http:\/\/pocinhos.pb.gov.br\/wp-content\/uploads\/2021\/07\/LEI-N%C2%B0-1547-2021-BRAS%C3%83O-DA-GUARDA-CIVIL-MUNICIPAL.pdf\">LEI N\u00b0 1547-2021 \u2013 BRAS\u00c3O DA GUARDA CIVIL MUNICIPAL<\/a><\/p>\n<p><a href=\"http:\/\/pocinhos.pb.gov.br\/wp-content\/uploads\/2021\/07\/LEI-N%C2%BA-1548-2021-PROGRAMA-DE-INCENTIVO-TECNOL%C3%93GICO-ENERGIAS-RENOV%C3%81VEIS.pdf\">LEI N\u00ba 1548-2021 \u2013 PROGRAMA DE INCENTIVO TECNOL\u00d3GICO \u2013 ENERGIAS RENOV\u00c1VEIS<\/a><\/p>\n","protected":false},"excerpt":{"rendered":"<p>LEI N\u00b0 1463-2021 \u2013 ADEQUA\u00c7\u00c3O DOS VENCIMENTOS DOS SERVIDORES P\u00daBLICOS MUNICIPAL LEI N\u00b0 1464-2021 \u2013 AUTORIZA ABERTURA DE CR\u00c9DITO ESPECIAL AO OR\u00c7AMENTO GERAL DO MUNIC\u00cdPIO \u2013 PR\u00c9-SAL LEI N\u00b0 1465-2021 \u2013 ART\u00c9RIA P\u00daBLICA \u2013 RUA HELENO EPIF\u00c2NIO DE OLIVEIRA LEI N\u00b0 1466-2021 \u2013 DISP\u00d5E ACERCA DA VEDA\u00c7\u00c3O A NOMEA\u00c7\u00c3O PARA FUN\u00c7\u00d5ES E CARGOS P\u00daBLICOS DE&#8230;<\/p>\n","protected":false},"author":1,"featured_media":5594,"comment_status":"closed","ping_status":"open","sticky":false,"template":"","format":"standard","meta":{"footnotes":""},"categories":[63],"tags":[],"class_list":["post-5593","post","type-post","status-publish","format-standard","has-post-thumbnail","hentry","category-arquivo-de-leis"],"aioseo_notices":[],"_links":{"self":[{"href":"https:\/\/pocinhos.pb.gov.br\/site\/wp-json\/wp\/v2\/posts\/5593","targetHints":{"allow":["GET"]}}],"collection":[{"href":"https:\/\/pocinhos.pb.gov.br\/site\/wp-json\/wp\/v2\/posts"}],"about":[{"href":"https:\/\/pocinhos.pb.gov.br\/site\/wp-json\/wp\/v2\/types\/post"}],"author":[{"embeddable":true,"href":"https:\/\/pocinhos.pb.gov.br\/site\/wp-json\/wp\/v2\/users\/1"}],"replies":[{"embeddable":true,"href":"https:\/\/pocinhos.pb.gov.br\/site\/wp-json\/wp\/v2\/comments?post=5593"}],"version-history":[{"count":1,"href":"https:\/\/pocinhos.pb.gov.br\/site\/wp-json\/wp\/v2\/posts\/5593\/revisions"}],"predecessor-version":[{"id":5595,"href":"https:\/\/pocinhos.pb.gov.br\/site\/wp-json\/wp\/v2\/posts\/5593\/revisions\/5595"}],"wp:featuredmedia":[{"embeddable":true,"href":"https:\/\/pocinhos.pb.gov.br\/site\/wp-json\/wp\/v2\/media\/5594"}],"wp:attachment":[{"href":"https:\/\/pocinhos.pb.gov.br\/site\/wp-json\/wp\/v2\/media?parent=5593"}],"wp:term":[{"taxonomy":"category","embeddable":true,"href":"https:\/\/pocinhos.pb.gov.br\/site\/wp-json\/wp\/v2\/categories?post=5593"},{"taxonomy":"post_tag","embeddable":true,"href":"https:\/\/pocinhos.pb.gov.br\/site\/wp-json\/wp\/v2\/tags?post=5593"}],"curies":[{"name":"wp","href":"https:\/\/api.w.org\/{rel}","templated":true}]}}