{"id":5599,"date":"2025-02-01T22:56:20","date_gmt":"2025-02-01T22:56:20","guid":{"rendered":"https:\/\/pocinhos.pb.gov.br\/site\/?p=5599"},"modified":"2025-12-03T11:43:32","modified_gmt":"2025-12-03T11:43:32","slug":"leis-de-2023","status":"publish","type":"post","link":"https:\/\/pocinhos.pb.gov.br\/site\/leis-de-2023\/","title":{"rendered":"Leis de 2023"},"content":{"rendered":"<p><a href=\"http:\/\/pocinhos.pb.gov.br\/wp-content\/uploads\/2023\/02\/LEI-N%C2%BA-1614-2023-ADEQUA%C3%87%C3%83O-VENCIMENTOS-SERVIDORES.pdf\" target=\"_blank\" rel=\"noopener noreferrer\">LEI N\u00ba 1614-2023 \u2013 ADEQUA\u00c7\u00c3O VENCIMENTOS SERVIDORES<\/a><\/p>\n<p><a href=\"http:\/\/pocinhos.pb.gov.br\/wp-content\/uploads\/2023\/02\/LEI-N%C2%BA-1615-2023-ADEQUAR-PISO-SALARIAL-PROFISSIONAL-MAGISTERIO.pdf\" target=\"_blank\" rel=\"noopener noreferrer\">LEI N\u00ba 1615-2023 \u2013 ADEQUAR PISO SALARIAL PROFISSIONAL MAGISTERIO<\/a><\/p>\n<p><a href=\"http:\/\/pocinhos.pb.gov.br\/wp-content\/uploads\/2023\/02\/LEI-N%C2%BA-1616-2023-CREDITO-ESPECIAL-CASAS-POPULARES-AREA-DE-RISCO-CAJUEIRO.pdf\" target=\"_blank\" rel=\"noopener noreferrer\">LEI N\u00ba 1616-2023 \u2013 CREDITO ESPECIAL \u2013 CASAS POPULARES AREA DE RISCO \u2013 CAJUEIRO<\/a><\/p>\n<p><a href=\"http:\/\/pocinhos.pb.gov.br\/wp-content\/uploads\/2023\/02\/LEI-N%C2%BA-1617-2023-PROGRAMA-DE-BUSCA-ATIVA-ESCOLAR-E-O-PROGRAMA-DE-RECUPERA%C3%87%C3%83O-DAS-APRENDIZAGENS-PARA-ESTUDANTES-DA-EDUCA%C3%87%C3%83O-B%C3%81SICA.pdf\" target=\"_blank\" rel=\"noopener noreferrer\">LEI N\u00ba 1617-2023 \u2013 PROGRAMA DE BUSCA ATIVA ESCOLAR E O PROGRAMA DE RECUPERA\u00c7\u00c3O DAS APRENDIZAGENS PARA ESTUDANTES DA EDUCA\u00c7\u00c3O B\u00c1SICA<\/a><\/p>\n<p><a href=\"http:\/\/pocinhos.pb.gov.br\/wp-content\/uploads\/2023\/02\/LEI-N%C2%BA-1618-2023-CREDITO-ESPECIAL-03011-FUNDO-MUNICIPAL-DE-SA%C3%9ADE.pdf\" target=\"_blank\" rel=\"noopener noreferrer\">LEI N\u00ba 1618-2023 \u2013 CREDITO ESPECIAL \u2013 03011 \u2013 FUNDO MUNICIPAL DE SA\u00daDE<\/a><\/p>\n<p><a href=\"http:\/\/pocinhos.pb.gov.br\/wp-content\/uploads\/2023\/02\/LEI-N%C2%BA-1619-2023-SEMANA-DO-FISIOTERAPEUTA-E-DO-TERAPEUTA-OCUPACIONAL.pdf\" target=\"_blank\" rel=\"noopener noreferrer\">LEI N\u00ba 1619-2023 \u2013 SEMANA DO FISIOTERAPEUTA E DO TERAPEUTA OCUPACIONAL<\/a><\/p>\n<p><a href=\"http:\/\/pocinhos.pb.gov.br\/wp-content\/uploads\/2023\/02\/LEI-N%C2%BA-1620-2023-REGULAMENTA-ART-70-DA-LEI-990-ESTATUTO-DOS-SERVIDORES-P%C3%9ABLICOS-PERICULOSIDADE-VIGIAS.pdf\" target=\"_blank\" rel=\"noopener noreferrer\">LEI N\u00ba 1620-2023 \u2013 REGULAMENTA ART 70 DA LEI 990 ESTATUTO DOS SERVIDORES P\u00daBLICOS \u2013 PERICULOSIDADE VIGIAS<\/a><\/p>\n<p><a href=\"http:\/\/pocinhos.pb.gov.br\/wp-content\/uploads\/2023\/02\/LEI-N%C2%BA-1617-2023-PROGRAMA-DE-BUSCA-ATIVA-ESCOLAR-E-O-PROGRAMA-DE-RECUPERA%C3%87%C3%83O-DAS-APRENDIZAGENS-PARA-ESTUDANTES-DA-EDUCA%C3%87%C3%83O-B%C3%81SICA.pdf\" target=\"_blank\" rel=\"noopener noreferrer\">LEI N\u00ba 1621-2023 \u2013 TRANSFORMA CARGO COORDENADOR DE EVENTOS EM CHEFE DE TRANSPORTES<\/a><\/p>\n<p><a href=\"http:\/\/pocinhos.pb.gov.br\/wp-content\/uploads\/2023\/02\/LEI-N%C2%B0-1622-2023-ASSEGURA-AOS-ALUNOS-COM-S%C3%8DNDROME-DE-DOWN-ASSENTOS-PREFERENCIAIS-NA-PRIMEIRA-FILA-DAS-SALAS-DE-AULA-DAS-INSTITUI%C3%87%C3%95ES-P%C3%9ABLICAS-E-PRIVADAS-DE.pdf\" target=\"_blank\" rel=\"noopener noreferrer\">LEI N\u00b0 1622-2023 \u2013 ASSEGURA AOS ALUNOS COM S\u00cdNDROME DE DOWN ASSENTOS PREFERENCIAIS NA PRIMEIRA FILA DAS SALAS DE AULA DAS INSTITUI\u00c7\u00d5ES P\u00daBLICAS E PRIVADAS DE ENSINO<\/a><\/p>\n<p><a href=\"http:\/\/pocinhos.pb.gov.br\/wp-content\/uploads\/2023\/02\/LEI-N%C2%B0-1623-2023-ASSEGURA-A-MULHER-O-DIREITO-%C3%80-PRESEN%C3%87A-DE-ACOMPANHANTE-DE-SUA-ESCOLHA-DURANTE-AS-CONSULTAS-E-EXAMES.pdf\" target=\"_blank\" rel=\"noopener noreferrer\">LEI N\u00b0 1623-2023 \u2013 ASSEGURA A MULHER O DIREITO \u00c0 PRESEN\u00c7A DE ACOMPANHANTE DE SUA ESCOLHA, DURANTE AS CONSULTAS E EXAMES<\/a><\/p>\n<p><a href=\"http:\/\/pocinhos.pb.gov.br\/wp-content\/uploads\/2023\/02\/LEI-N%C2%B0-1624-2023-CRIA-CARGO-DE-AGENTE-DE-CONTRATA%C3%87%C3%83O-EXTINGUE-CARGO-PREGOEIRO-ALTERA-LEI-1316-2015.pdf\" target=\"_blank\" rel=\"noopener noreferrer\">LEI N\u00b0 1624-2023 \u2013 CRIA CARGO DE AGENTE DE CONTRATA\u00c7\u00c3O; EXTINGUE CARGO PREGOEIRO; ALTERA LEI 1316-2015<\/a><\/p>\n<p><a href=\"http:\/\/pocinhos.pb.gov.br\/wp-content\/uploads\/2023\/02\/LEI-N%C2%B0-1625-2023-CONSELHO-DIREITO-PESSOA-COM-DEFICIENCIA.pdf\" target=\"_blank\" rel=\"noopener noreferrer\">LEI N\u00b0 1625-2023 \u2013 CONSELHO DIREITO PESSOA COM DEFICIENCIA<\/a><\/p>\n<p><a href=\"http:\/\/pocinhos.pb.gov.br\/wp-content\/uploads\/2023\/02\/LEI-N%C2%B0-1626-2023-CAMPANHA-CONTRA-ASSEDIO-OU-IMPORTUNA%C3%87%C3%83O-SEXUAL.pdf\" target=\"_blank\" rel=\"noopener noreferrer\">LEI N\u00b0 1626-2023 \u2013 CAMPANHA CONTRA ASSEDIO OU IMPORTUNA\u00c7\u00c3O SEXUAL<\/a><\/p>\n<p><a href=\"http:\/\/pocinhos.pb.gov.br\/wp-content\/uploads\/2023\/02\/LEI-N%C2%B0-1627-2023-CR%C3%89DITO-ESPECIAL-HOSPITAL-LABORAT%C3%93RIO-E-POLICL%C3%8DNICA.pdf\" target=\"_blank\" rel=\"noopener noreferrer\">LEI N\u00b0 1627-2023 \u2013 CR\u00c9DITO ESPECIAL \u2013 HOSPITAL, LABORAT\u00d3RIO E POLICL\u00cdNICA<\/a><\/p>\n<p><a href=\"http:\/\/pocinhos.pb.gov.br\/wp-content\/uploads\/2023\/02\/LEI-N%C2%B0-1628-2023-CRIA%C3%87%C3%83O-DA-PATRULHA-ESCOLAR.pdf\" target=\"_blank\" rel=\"noopener noreferrer\">LEI N\u00b0 1628-2023 \u2013 CRIA\u00c7\u00c3O DA PATRULHA ESCOLAR<\/a><\/p>\n<p><a href=\"http:\/\/pocinhos.pb.gov.br\/wp-content\/uploads\/2023\/02\/LEI-N%C2%B0-1629-2023-ALTERA-LEI-1620-REGULAMENTA-ART.-70-DA-LEI-990-AGENTES-DE-VIGIL%C3%82NCIA-PATRIMONIAL-PERICULOSIDADE.pdf\" target=\"_blank\" rel=\"noopener noreferrer\">LEI N\u00b0 1629-2023 \u2013 ALTERA LEI 1620 REGULAMENTA ART. 70 DA LEI 990 \u2013 AGENTES DE VIGIL\u00c2NCIA PATRIMONIAL \u2013 PERICULOSIDADE<\/a><\/p>\n<p><a href=\"http:\/\/pocinhos.pb.gov.br\/wp-content\/uploads\/2023\/02\/LEI-N%C2%B0-1630-2023-DIRETRIZES-OR%C3%87AMENT%C3%81RIAS-LDO-2024.pdf\" target=\"_blank\" rel=\"noopener noreferrer\">LEI N\u00b0 1630-2023 \u2013 DIRETRIZES OR\u00c7AMENT\u00c1RIAS \u2013 LDO 2024<\/a><\/p>\n<p><a href=\"http:\/\/pocinhos.pb.gov.br\/wp-content\/uploads\/2023\/02\/LEI-N%C2%B0-1631-2023-ADEQUA-VENCIMENTO-SERVIDORES.pdf\" target=\"_blank\" rel=\"noopener noreferrer\">LEI N\u00b0 1631-2023 \u2013 ADEQUA VENCIMENTO SERVIDORES<\/a><\/p>\n<p><a href=\"http:\/\/pocinhos.pb.gov.br\/wp-content\/uploads\/2023\/02\/LEI-N%C2%B0-1632-2023-CRIA-PATRULHA-AMBIENTAL-E-RURAL.pdf\" target=\"_blank\" rel=\"noopener noreferrer\">LEI N\u00b0 1632-2023 \u2013 CRIA PATRULHA AMBIENTAL E RURAL<\/a><\/p>\n<p><a href=\"http:\/\/pocinhos.pb.gov.br\/wp-content\/uploads\/2023\/02\/LEI-N%C2%B0-1633-2023-REGULAMENTA-ORGANIZA%C3%87%C3%83O-PROCURADORIA.pdf\" target=\"_blank\" rel=\"noopener noreferrer\">LEI N\u00b0 1633-2023 \u2013 REGULAMENTA ORGANIZA\u00c7\u00c3O PROCURADORIA<\/a><\/p>\n<p><a href=\"http:\/\/pocinhos.pb.gov.br\/wp-content\/uploads\/2023\/02\/LEI-N%C2%B0-1634-2023-NOTIFICA%C3%87%C3%83O-COMPULSORIA-VIOLENCIA-CONTRA-MULHER-SERVI%C3%87O-SAUDE.pdf\" target=\"_blank\" rel=\"noopener noreferrer\">LEI N\u00b0 1634-2023 \u2013 NOTIFICA\u00c7\u00c3O COMPULSORIA VIOLENCIA CONTRA MULHER SERVI\u00c7O SAUDE<\/a><\/p>\n<p><a href=\"http:\/\/pocinhos.pb.gov.br\/wp-content\/uploads\/2023\/02\/LEI-N%C2%BA-1635-2023-INCENTIVO-FINANCEIRO-CAVALGADA-ECOLOGICA.pdf\" target=\"_blank\" rel=\"noopener noreferrer\">LEI N\u00ba 1635-2023 \u2013 INCENTIVO FINANCEIRO CAVALGADA ECOLOGICA<\/a><\/p>\n<p><a href=\"http:\/\/pocinhos.pb.gov.br\/wp-content\/uploads\/2023\/02\/LEI-N%C2%BA-1636-2023-CREDITO-ESPECIAL-CULTURA-LEI-PAULO-GUSTAVO.pdf\" target=\"_blank\" rel=\"noopener noreferrer\">LEI N\u00ba 1636-2023 \u2013 CREDITO ESPECIAL \u2013 CULTURA LEI PAULO GUSTAVO<\/a><\/p>\n<p><a href=\"http:\/\/pocinhos.pb.gov.br\/wp-content\/uploads\/2023\/02\/LEI-N%C2%BA-1637-2023-CREDITO-ESPECIAL-CULTURA-ARRAIAL-DO-CARIRI.pdf\" target=\"_blank\" rel=\"noopener noreferrer\">LEI N\u00ba 1637-2023 \u2013 CREDITO ESPECIAL \u2013 CULTURA ARRAIAL DO CARIRI<\/a><\/p>\n<p><a href=\"http:\/\/pocinhos.pb.gov.br\/wp-content\/uploads\/2023\/02\/LEI-N%C2%BA-1638-2023-DOA%C3%87%C3%83O-ANA-VIT%C3%93RIA-JACINTO-ARA%C3%9AJO-CANDIDATA-MISS-PARAIBA.pdf\" target=\"_blank\" rel=\"noopener noreferrer\">LEI N\u00ba 1638-2023 \u2013 DOA\u00c7\u00c3O \u2013 ANA VIT\u00d3RIA JACINTO ARA\u00daJO \u2013 CANDIDATA MISS PARAIBA<\/a><\/p>\n<p><a href=\"http:\/\/pocinhos.pb.gov.br\/wp-content\/uploads\/2023\/02\/LEI-N%C2%BA-1639-2023-CR%C3%89DITO-ESPECIAL-PRA%C3%87AS.pdf\" target=\"_blank\" rel=\"noopener noreferrer\">LEI N\u00ba 1639-2023 \u2013 CR\u00c9DITO ESPECIAL \u2013 PRA\u00c7AS<\/a><\/p>\n<p><a href=\"http:\/\/pocinhos.pb.gov.br\/wp-content\/uploads\/2023\/02\/LEI-N%C2%BA-1640-2023-PMPI-PLANO-MUNICIPAL-PELA-PRIMEIRA-INFANCIA.pdf\" target=\"_blank\" rel=\"noopener noreferrer\">LEI N\u00ba 1640-2023 \u2013 PMPI \u2013 PLANO MUNICIPAL PELA PRIMEIRA INFANCIA<\/a><\/p>\n<p><a href=\"http:\/\/pocinhos.pb.gov.br\/wp-content\/uploads\/2023\/02\/LEI-N%C2%BA-1641-2023-OBRIGATORIEDADE-DIVULGA%C3%87%C3%83O-CVV-CENTRO-DE-VALORIZA%C3%87%C3%83O-DA-VIDA.pdf\" target=\"_blank\" rel=\"noopener noreferrer\">LEI N\u00ba 1641-2023 \u2013 OBRIGATORIEDADE DIVULGA\u00c7\u00c3O CVV \u2013 CENTRO DE VALORIZA\u00c7\u00c3O DA VIDA<\/a><\/p>\n<p><a href=\"http:\/\/pocinhos.pb.gov.br\/wp-content\/uploads\/2023\/02\/LEI-N%C2%BA-1642-2023-CENTRO-INTEGRADO-DE-COMANDO-E-CONTROLE-CICC-NORMANDO-CAVALCANTI-LEAL.pdf\" target=\"_blank\" rel=\"noopener noreferrer\">LEI N\u00ba 1642-2023 \u2013 CENTRO INTEGRADO DE COMANDO E CONTROLE \u2013 CICC \u2013 NORMANDO CAVALCANTI LEAL<\/a><\/p>\n<p><a href=\"http:\/\/pocinhos.pb.gov.br\/wp-content\/uploads\/2023\/02\/LEI-N%C2%BA-1643-2023-EMENDA-%C3%80-LEI-N%C2%BA-1.190-2011.pdf\" target=\"_blank\" rel=\"noopener noreferrer\">LEI N\u00ba 1643-2023 \u2013 EMENDA \u00c0 LEI N\u00ba 1.190-2011 \u2013 GRATIFICA\u00c7\u00c3O ASSIDUIDADE MAGIST\u00c9RIO \u2013 AJUDA DE CUSTO MOTORISTAS<\/a><\/p>\n<p><a href=\"http:\/\/pocinhos.pb.gov.br\/wp-content\/uploads\/2023\/02\/LEI-N%C2%BA-1644-2023-DOA%C3%87%C3%83O-PATINHAS-SEM-LAR.pdf\" target=\"_blank\" rel=\"noopener noreferrer\">LEI N\u00ba 1644-2023 \u2013 DOA\u00c7\u00c3O \u2013 PATINHAS SEM LAR<\/a><\/p>\n<p><a href=\"http:\/\/pocinhos.pb.gov.br\/wp-content\/uploads\/2023\/02\/LEI-N%C2%BA-1645-2023-PISO-DA-ENFERMAGEM.pdf\" target=\"_blank\" rel=\"noopener noreferrer\">LEI N\u00ba 1645-2023 \u2013 PISO DA ENFERMAGEM<\/a><\/p>\n<p><a href=\"http:\/\/pocinhos.pb.gov.br\/wp-content\/uploads\/2023\/02\/LEI-N%C2%BA-1646-2023-CONTRATA%C3%87%C3%83O-POR-EXCEPCIONAL-INTERESSE-P%C3%9ABLICO.pdf\" target=\"_blank\" rel=\"noopener\">LEI N\u00ba 1646-2023 \u2013 CONTRATA\u00c7\u00c3O POR EXCEPCIONAL INTERESSE P\u00daBLICO_REVOGADA PELA LEI 1805-2025<\/a><\/p>\n<p><a href=\"http:\/\/pocinhos.pb.gov.br\/wp-content\/uploads\/2023\/02\/LEI-N%C2%BA-1647-2023-ARTERIA-PUBLICA-RUA-EDSON-GUIMARAES-OTTONI-BARRETO.pdf\" target=\"_blank\" rel=\"noopener noreferrer\">LEI N\u00ba 1647-2023 \u2013 ARTERIA PUBLICA \u2013 RUA EDSON GUIMARAES \u2013 OTTONI BARRETO<\/a><\/p>\n<p><a href=\"http:\/\/pocinhos.pb.gov.br\/wp-content\/uploads\/2023\/02\/LEI-N%C2%BA-1648-2023-ESTIMA-A-RECEITA-E-FIXA-A-DESPESA-DO-MUNIC%C3%8DPIO-PARA-O-EXERC%C3%8DCIO-DE-2024-LOA-2024.pdf\" target=\"_blank\" rel=\"noopener noreferrer\">LEI N\u00ba 1648-2023 \u2013 ESTIMA A RECEITA E FIXA A DESPESA DO MUNIC\u00cdPIO, PARA O EXERC\u00cdCIO DE 2024 \u2013 LOA 2024<\/a><\/p>\n<p><a href=\"http:\/\/pocinhos.pb.gov.br\/wp-content\/uploads\/2023\/02\/LEI-N%C2%BA-1649-2023-CR%C3%89DITO-ESPECIAL-C%C3%82MARA.pdf\" target=\"_blank\" rel=\"noopener noreferrer\">LEI N\u00ba 1649-2023 \u2013 CR\u00c9DITO ESPECIAL \u2013 C\u00c2MARA<\/a><\/p>\n<p><a href=\"http:\/\/pocinhos.pb.gov.br\/wp-content\/uploads\/2023\/02\/LEI-N%C2%BA-1650-2023-CR%C3%89DITO-ESPECIAL-ENFERMAGEM.pdf\" target=\"_blank\" rel=\"noopener noreferrer\">LEI N\u00ba 1650-2023 \u2013 CR\u00c9DITO ESPECIAL \u2013 ENFERMAGEM<\/a><\/p>\n<p><a href=\"http:\/\/pocinhos.pb.gov.br\/wp-content\/uploads\/2023\/02\/LEI-N%C2%BA-1651-2023-CR%C3%89DITO-ESPECIAL-EMENDA-ESPECIAL-INFRAESTRUTURA.pdf\" target=\"_blank\" rel=\"noopener noreferrer\">LEI N\u00ba 1651-2023 \u2013 CR\u00c9DITO ESPECIAL \u2013 EMENDA ESPECIAL \u2013 INFRAESTRUTURA<\/a><\/p>\n<p><a href=\"http:\/\/pocinhos.pb.gov.br\/wp-content\/uploads\/2023\/02\/LEI-N%C2%BA-1652-2023-DOA%C3%87%C3%83O-TERRENO-GILSON.pdf\" target=\"_blank\" rel=\"noopener noreferrer\">LEI N\u00ba 1652-2023 \u2013 DOA\u00c7\u00c3O TERRENO \u2013 GILSON<\/a><\/p>\n<p><a href=\"http:\/\/pocinhos.pb.gov.br\/wp-content\/uploads\/2023\/02\/LEI-N%C2%BA-1653-2023-CR%C3%89DITO-ESPECIAL-EDUCA%C3%87%C3%83O-INFRAESTRUTURA.pdf\" target=\"_blank\" rel=\"noopener noreferrer\">LEI N\u00ba 1653-2023 \u2013 CR\u00c9DITO ESPECIAL \u2013 EDUCA\u00c7\u00c3O \u2013 INFRAESTRUTURA<\/a><\/p>\n<p><a href=\"http:\/\/pocinhos.pb.gov.br\/wp-content\/uploads\/2023\/02\/LEI-N%C2%BA-1654-2023-CR%C3%89DITO-ESPECIAL-EDUCA%C3%87%C3%83O-INFRAESTRUTURA_2.pdf\" target=\"_blank\" rel=\"noopener noreferrer\">LEI N\u00ba 1654-2023 \u2013 CR\u00c9DITO ESPECIAL \u2013 EDUCA\u00c7\u00c3O \u2013 INFRAESTRUTURA_2<\/a><\/p>\n<p><a href=\"http:\/\/pocinhos.pb.gov.br\/wp-content\/uploads\/2023\/02\/LEI-N%C2%BA-1655-2023-CR%C3%89DITO-ESPECIAL-PRA%C3%87AS.pdf\" target=\"_blank\" rel=\"noopener noreferrer\">LEI N\u00ba 1655-2023 \u2013 CR\u00c9DITO ESPECIAL \u2013 PRA\u00c7AS<\/a><\/p>\n<p><a href=\"http:\/\/pocinhos.pb.gov.br\/wp-content\/uploads\/2023\/02\/LEI-N%C2%BA-1656-2023-CR%C3%89DITO-ESPECIAL-ANFITEATRO-PRA%C3%87A-CAGEPA.pdf\" target=\"_blank\" rel=\"noopener noreferrer\">LEI N\u00ba 1656-2023 \u2013 CR\u00c9DITO ESPECIAL \u2013 ANFITEATRO \u2013 PRA\u00c7A CAGEPA<\/a><\/p>\n<p><a href=\"http:\/\/pocinhos.pb.gov.br\/wp-content\/uploads\/2023\/02\/LEI-N%C2%BA-1657-2023-PLANO-MUNICIPAL-DE-SANEAMENTO-BASICO.pdf\" target=\"_blank\" rel=\"noopener noreferrer\">LEI N\u00ba 1657-2023 \u2013 PLANO MUNICIPAL DE SANEAMENTO BASICO<\/a><\/p>\n<p><a href=\"http:\/\/pocinhos.pb.gov.br\/wp-content\/uploads\/2023\/02\/LEI-N%C2%BA-1658-2023-ELEVA-A-VAQUEJADA-%C3%80-CONDI%C3%87%C3%83O-DE-PATRIM%C3%94NIO-CULTURAL.pdf\" target=\"_blank\" rel=\"noopener noreferrer\">LEI N\u00ba 1658-2023 \u2013 ELEVA A VAQUEJADA \u00c0 CONDI\u00c7\u00c3O DE PATRIM\u00d4NIO CULTURAL<\/a><\/p>\n<p><a href=\"http:\/\/pocinhos.pb.gov.br\/wp-content\/uploads\/2023\/02\/LEI-N%C2%BA-1659-2023-DETERMINA-ANISTIA-TRIBUT%C3%81RIA-DE-JURUS-E-MULTAS-REFERENTES-A-TRIBUTOS-EM-ATRASO.pdf\" target=\"_blank\" rel=\"noopener noreferrer\">LEI N\u00ba 1659-2023 \u2013 DETERMINA ANISTIA TRIBUT\u00c1RIA DE JUROS E MULTAS REFERENTES A TRIBUTOS EM ATRASO<\/a><\/p>\n<p><a href=\"http:\/\/pocinhos.pb.gov.br\/wp-content\/uploads\/2023\/02\/LEI-N%C2%BA-1660-2023-ARTERIA-PUBLICA-RUA-CRISTINO-GALDINO-CACIMBA-NOVA.pdf\" target=\"_blank\" rel=\"noopener noreferrer\">LEI N\u00ba 1660-2023 \u2013 ARTERIA PUBLICA \u2013 RUA CRISTINO GALDINO \u2013 CACIMBA NOVA<\/a><\/p>\n<p><a href=\"http:\/\/pocinhos.pb.gov.br\/wp-content\/uploads\/2023\/02\/LEI-N%C2%BA-1661-2023-DIA-MUNICIPAL-DO-ACS-E-ACE.pdf\" target=\"_blank\" rel=\"noopener noreferrer\">LEI N\u00ba 1661-2023 \u2013 DIA MUNICIPAL DO ACS E ACE<\/a><\/p>\n<p><a href=\"http:\/\/pocinhos.pb.gov.br\/wp-content\/uploads\/2023\/02\/LEI-N%C2%BA-1662-2023-POLITICA-PUBLICA-MULHER-E-DIVERSIDADE-HUMANA.pdf\" target=\"_blank\" rel=\"noopener noreferrer\">LEI N\u00ba 1662-2023 \u2013 POLITICA PUBLICA MULHER E DIVERSIDADE HUMANA<\/a><\/p>\n<p><a href=\"http:\/\/pocinhos.pb.gov.br\/wp-content\/uploads\/2023\/02\/LEI-N%C2%BA-1663-2023-DENOMINA-PREDIO-PUBLICO-ANTONIO-ADRIAO-TOINHO-DE-ZUZA-JARDIM-ETELVINA.pdf\" target=\"_blank\" rel=\"noopener noreferrer\">LEI N\u00ba 1663-2023 \u2013 DENOMINA PREDIO PUBLICO \u2013 ANTONIO ADRIAO \u2013 TOINHO DE ZUZA \u2013 JARDIM ETELVINA<\/a><\/p>\n<p><a href=\"http:\/\/pocinhos.pb.gov.br\/wp-content\/uploads\/2023\/02\/LEI-N%C2%BA-1664-2023-ARTERIA-PUBLICA-PRA%C3%87A-JOSEFA-ARAUJO-DA-SILVA.pdf\" target=\"_blank\" rel=\"noopener noreferrer\">LEI N\u00ba 1664-2023 \u2013 PRA\u00c7A JOSEFA ARAUJO DA SILVA<\/a><\/p>\n<p><a href=\"http:\/\/pocinhos.pb.gov.br\/wp-content\/uploads\/2023\/02\/LEI-N%C2%BA-1665-2023-INCENTIVO-ACE-PQAVS.pdf\" target=\"_blank\" rel=\"noopener noreferrer\">LEI N\u00ba 1665-2023 \u2013 INCENTIVO ACE \u2013 PQAVS<\/a><\/p>\n<p><a href=\"http:\/\/pocinhos.pb.gov.br\/wp-content\/uploads\/2023\/02\/LEI-N%C2%BA-1666-2023-RATEIO-INCENTIVO-AOS-ACS-E-ACE.pdf\" target=\"_blank\" rel=\"noopener noreferrer\">LEI N\u00ba 1666-2023 \u2013 RATEIO INCENTIVO AOS ACS E ACE<\/a><\/p>\n<p><a href=\"http:\/\/pocinhos.pb.gov.br\/wp-content\/uploads\/2023\/02\/LEI-N%C2%BA-1667-2023-TERRENO-COMPLEXO-ESPORTIVO-CACIMBA-NOVA.pdf\" target=\"_blank\" rel=\"noopener noreferrer\">LEI N\u00ba 1667-2023 \u2013 TERRENO \u2013 COMPLEXO ESPORTIVO \u2013 CACIMBA NOVA<\/a><\/p>\n<p><a href=\"http:\/\/pocinhos.pb.gov.br\/wp-content\/uploads\/2023\/02\/LEI-N%C2%BA-1668-2023-INCENTIVO-FINANCEIRO-DESEMPENHO-SAUDE-BUCAL-APS.pdf\" target=\"_blank\" rel=\"noopener noreferrer\">LEI N\u00ba 1668-2023 \u2013 INCENTIVO FINANCEIRO DESEMPENHO SAUDE BUCAL \u2013 APS<\/a><\/p>\n<p><a href=\"http:\/\/pocinhos.pb.gov.br\/wp-content\/uploads\/2023\/02\/LEI-N%C2%BA-1669-2023-DISP%C3%95E-SOBRE-A-FUN%C3%87%C3%83O-DE-GESTOR-DE-CONTRATOS-E-DE-FISCAL-DE-CONTRATOS-CRIA-A-FUN%C3%87%C3%83O-DE-GERENTE-DE-COMPRAS.pdf\" target=\"_blank\" rel=\"noopener noreferrer\">LEI N\u00ba 1669-2023 \u2013 DISP\u00d5E SOBRE A FUN\u00c7\u00c3O DE GESTOR DE CONTRATOS E DE FISCAL DE CONTRATOS; CRIA A FUN\u00c7\u00c3O DE GERENTE DE COMPRAS<\/a><\/p>\n<p><a href=\"http:\/\/pocinhos.pb.gov.br\/wp-content\/uploads\/2023\/02\/LEI-N%C2%BA-1670-2023-CR%C3%89DITO-ESPECIAL-PO%C3%87OS.pdf\" target=\"_blank\" rel=\"noopener noreferrer\">LEI N\u00ba 1670-2023 \u2013 CR\u00c9DITO ESPECIAL \u2013 PO\u00c7OS<\/a><\/p>\n<p><a href=\"http:\/\/pocinhos.pb.gov.br\/wp-content\/uploads\/2023\/02\/LEI-N%C2%BA-1671-2023-CR%C3%89DITO-ESPECIAL-CR%C3%89DITO-ESPECIAL-SEDUC.pdf\" target=\"_blank\" rel=\"noopener noreferrer\">LEI N\u00ba 1671-2023 \u2013 CR\u00c9DITO ESPECIAL \u2013 CR\u00c9DITO ESPECIAL \u2013 SEDUC<\/a><\/p>\n","protected":false},"excerpt":{"rendered":"<p>LEI N\u00ba 1614-2023 \u2013 ADEQUA\u00c7\u00c3O VENCIMENTOS SERVIDORES LEI N\u00ba 1615-2023 \u2013 ADEQUAR PISO SALARIAL PROFISSIONAL MAGISTERIO LEI N\u00ba 1616-2023 \u2013 CREDITO ESPECIAL \u2013 CASAS POPULARES AREA DE RISCO \u2013 CAJUEIRO LEI N\u00ba 1617-2023 \u2013 PROGRAMA DE BUSCA ATIVA ESCOLAR E O PROGRAMA DE RECUPERA\u00c7\u00c3O DAS APRENDIZAGENS PARA ESTUDANTES DA EDUCA\u00c7\u00c3O B\u00c1SICA LEI N\u00ba 1618-2023 \u2013&#8230;<\/p>\n","protected":false},"author":1,"featured_media":5600,"comment_status":"closed","ping_status":"open","sticky":false,"template":"","format":"standard","meta":{"footnotes":""},"categories":[63],"tags":[],"class_list":["post-5599","post","type-post","status-publish","format-standard","has-post-thumbnail","hentry","category-arquivo-de-leis"],"aioseo_notices":[],"_links":{"self":[{"href":"https:\/\/pocinhos.pb.gov.br\/site\/wp-json\/wp\/v2\/posts\/5599","targetHints":{"allow":["GET"]}}],"collection":[{"href":"https:\/\/pocinhos.pb.gov.br\/site\/wp-json\/wp\/v2\/posts"}],"about":[{"href":"https:\/\/pocinhos.pb.gov.br\/site\/wp-json\/wp\/v2\/types\/post"}],"author":[{"embeddable":true,"href":"https:\/\/pocinhos.pb.gov.br\/site\/wp-json\/wp\/v2\/users\/1"}],"replies":[{"embeddable":true,"href":"https:\/\/pocinhos.pb.gov.br\/site\/wp-json\/wp\/v2\/comments?post=5599"}],"version-history":[{"count":2,"href":"https:\/\/pocinhos.pb.gov.br\/site\/wp-json\/wp\/v2\/posts\/5599\/revisions"}],"predecessor-version":[{"id":7307,"href":"https:\/\/pocinhos.pb.gov.br\/site\/wp-json\/wp\/v2\/posts\/5599\/revisions\/7307"}],"wp:featuredmedia":[{"embeddable":true,"href":"https:\/\/pocinhos.pb.gov.br\/site\/wp-json\/wp\/v2\/media\/5600"}],"wp:attachment":[{"href":"https:\/\/pocinhos.pb.gov.br\/site\/wp-json\/wp\/v2\/media?parent=5599"}],"wp:term":[{"taxonomy":"category","embeddable":true,"href":"https:\/\/pocinhos.pb.gov.br\/site\/wp-json\/wp\/v2\/categories?post=5599"},{"taxonomy":"post_tag","embeddable":true,"href":"https:\/\/pocinhos.pb.gov.br\/site\/wp-json\/wp\/v2\/tags?post=5599"}],"curies":[{"name":"wp","href":"https:\/\/api.w.org\/{rel}","templated":true}]}}