{"id":5929,"date":"2025-02-02T22:55:54","date_gmt":"2025-02-02T22:55:54","guid":{"rendered":"https:\/\/pocinhos.pb.gov.br\/site\/?p=5929"},"modified":"2025-02-02T22:55:54","modified_gmt":"2025-02-02T22:55:54","slug":"posse-dos-poderes-executivo-e-legislativo-marca-inicio-dos-trabalhos-em-pocinhos","status":"publish","type":"post","link":"https:\/\/pocinhos.pb.gov.br\/site\/posse-dos-poderes-executivo-e-legislativo-marca-inicio-dos-trabalhos-em-pocinhos\/","title":{"rendered":"Posse dos poderes Executivo e Legislativo marca in\u00edcio dos trabalhos em Pocinhos"},"content":{"rendered":"<p>No dia 1\u00ba de janeiro de 2025, o Teatro Municipal Sebasti\u00e3o Vasconcelos foi palco da cerim\u00f4nia de posse dos poderes Executivo e Legislativo de Pocinhos. O evento, que reuniu lideran\u00e7as pol\u00edticas, familiares e cidad\u00e3os, oficializou o in\u00edcio do novo mandato da prefeita Eliane Galdino, do vice-prefeito S\u00f3stenes Murilo, e dos 11 vereadores eleitos para a legislatura 2025-2028.<\/p>\n<p>Al\u00e9m da posse, a solenidade incluiu a sess\u00e3o solene da C\u00e2mara de Vereadores para a elei\u00e7\u00e3o da mesa diretora que comandar\u00e1 a Casa Jos\u00e9 Odilon de Brito durante o primeiro bi\u00eanio do mandato. O vereador reeleito Jo\u00e3o Batista Vasconcelos foi eleito presidente por unanimidade, recebendo o reconhecimento de seus pares.<\/p>\n<p>Em discurso, a prefeita Eliane Galdino parabenizou os vereadores empossados e destacou a import\u00e2ncia da harmonia entre os poderes para o desenvolvimento de Pocinhos. \u201cHoje celebramos a democracia e a renova\u00e7\u00e3o dos compromissos com nossa cidade. Parabenizo cada vereador aqui presente e, em especial, Batista por sua elei\u00e7\u00e3o como presidente da C\u00e2mara. Tenho certeza de que, juntos, trabalharemos para construir uma Pocinhos ainda melhor,\u201d afirmou.<\/p>\n<p>O vice-prefeito S\u00f3stenes Murilo tamb\u00e9m cumprimentou os eleitos e ressaltou o papel do Legislativo na constru\u00e7\u00e3o de pol\u00edticas p\u00fablicas eficientes e justas. \u201cO trabalho em parceria entre Executivo e Legislativo ser\u00e1 essencial para alcan\u00e7armos nossas metas. Parab\u00e9ns aos vereadores e \u00e0 nova mesa diretora pelo compromisso assumido,\u201d declarou.<\/p>\n<p>A coliga\u00e7\u00e3o liderada por Eliane Galdino, \u201cAvan\u00e7a Mais Pocinhos\u201d, alcan\u00e7ou ampla maioria na C\u00e2mara Municipal, elegendo 10 dos 11 vereadores que comp\u00f5em o Legislativo. Essa representatividade refor\u00e7a a base de apoio da gest\u00e3o e reflete a confian\u00e7a depositada pela popula\u00e7\u00e3o no projeto pol\u00edtico liderado pela prefeita reeleita.<\/p>\n<p>A cerim\u00f4nia, marcada por discursos emocionados e votos de comprometimento, abre um novo cap\u00edtulo na gest\u00e3o municipal, com foco no fortalecimento das \u00e1reas priorit\u00e1rias e na promo\u00e7\u00e3o de melhorias que beneficiem todos os cidad\u00e3os de Pocinhos.<\/p>\n","protected":false},"excerpt":{"rendered":"<p>No dia 1\u00ba de janeiro de 2025, o Teatro Municipal Sebasti\u00e3o Vasconcelos foi palco da cerim\u00f4nia de posse dos poderes Executivo e Legislativo de Pocinhos. O evento, que reuniu lideran\u00e7as pol\u00edticas, familiares e cidad\u00e3os, oficializou o in\u00edcio do novo mandato da prefeita Eliane Galdino, do vice-prefeito S\u00f3stenes Murilo, e dos 11 vereadores eleitos para a&#8230;<\/p>\n","protected":false},"author":1,"featured_media":5930,"comment_status":"closed","ping_status":"open","sticky":false,"template":"","format":"standard","meta":{"footnotes":""},"categories":[2],"tags":[],"class_list":["post-5929","post","type-post","status-publish","format-standard","has-post-thumbnail","hentry","category-noticias"],"aioseo_notices":[],"_links":{"self":[{"href":"https:\/\/pocinhos.pb.gov.br\/site\/wp-json\/wp\/v2\/posts\/5929","targetHints":{"allow":["GET"]}}],"collection":[{"href":"https:\/\/pocinhos.pb.gov.br\/site\/wp-json\/wp\/v2\/posts"}],"about":[{"href":"https:\/\/pocinhos.pb.gov.br\/site\/wp-json\/wp\/v2\/types\/post"}],"author":[{"embeddable":true,"href":"https:\/\/pocinhos.pb.gov.br\/site\/wp-json\/wp\/v2\/users\/1"}],"replies":[{"embeddable":true,"href":"https:\/\/pocinhos.pb.gov.br\/site\/wp-json\/wp\/v2\/comments?post=5929"}],"version-history":[{"count":1,"href":"https:\/\/pocinhos.pb.gov.br\/site\/wp-json\/wp\/v2\/posts\/5929\/revisions"}],"predecessor-version":[{"id":5931,"href":"https:\/\/pocinhos.pb.gov.br\/site\/wp-json\/wp\/v2\/posts\/5929\/revisions\/5931"}],"wp:featuredmedia":[{"embeddable":true,"href":"https:\/\/pocinhos.pb.gov.br\/site\/wp-json\/wp\/v2\/media\/5930"}],"wp:attachment":[{"href":"https:\/\/pocinhos.pb.gov.br\/site\/wp-json\/wp\/v2\/media?parent=5929"}],"wp:term":[{"taxonomy":"category","embeddable":true,"href":"https:\/\/pocinhos.pb.gov.br\/site\/wp-json\/wp\/v2\/categories?post=5929"},{"taxonomy":"post_tag","embeddable":true,"href":"https:\/\/pocinhos.pb.gov.br\/site\/wp-json\/wp\/v2\/tags?post=5929"}],"curies":[{"name":"wp","href":"https:\/\/api.w.org\/{rel}","templated":true}]}}