{"id":5938,"date":"2025-02-02T22:58:37","date_gmt":"2025-02-02T22:58:37","guid":{"rendered":"https:\/\/pocinhos.pb.gov.br\/site\/?p=5938"},"modified":"2025-02-03T00:44:39","modified_gmt":"2025-02-03T00:44:39","slug":"pocinhos-sera-beneficiada-com-nova-rodovia-intermunicipal-no-programa-paraiba-2025-202","status":"publish","type":"post","link":"https:\/\/pocinhos.pb.gov.br\/site\/pocinhos-sera-beneficiada-com-nova-rodovia-intermunicipal-no-programa-paraiba-2025-202\/","title":{"rendered":"Pocinhos ser\u00e1 beneficiada com nova rodovia intermunicipal no programa Para\u00edba 2025-2026"},"content":{"rendered":"<div class=\"post-content-bd\">\n<p>A Prefeitura de Pocinhos celebra mais uma conquista para o munic\u00edpio! O governador Jo\u00e3o Azev\u00eado anunciou nesta segunda-feira (13\/01) a constru\u00e7\u00e3o de uma nova rodovia que conectar\u00e1 Pocinhos aos munic\u00edpios de Olivedos e Cubati. Com 47 quil\u00f4metros de extens\u00e3o e investimento superior a R$ 80 milh\u00f5es, a obra promete transformar a mobilidade e impulsionar o desenvolvimento econ\u00f4mico da regi\u00e3o.<\/p>\n<p>O projeto foi viabilizado gra\u00e7as ao esfor\u00e7o conjunto da prefeita Eliane Galdino e do presidente da Assembleia Legislativa, deputado Adriano Galdino, que t\u00eam trabalhado incansavelmente para garantir melhorias significativas para a popula\u00e7\u00e3o.<\/p>\n<p>A nova estrada integrar\u00e1 os tr\u00eas munic\u00edpios, facilitando o escoamento da produ\u00e7\u00e3o local, promovendo mais seguran\u00e7a e agilizando o deslocamento na regi\u00e3o.<\/p>\n<p>Essa obra faz parte do programa estadual\u00a0<strong>Para\u00edba 2025-2026<\/strong>, que prev\u00ea investimentos de R$ 11,5 bilh\u00f5es em \u00e1reas estrat\u00e9gicas como infraestrutura, sa\u00fade, educa\u00e7\u00e3o e seguran\u00e7a h\u00eddrica, reafirmando o compromisso com o progresso e a qualidade de vida da popula\u00e7\u00e3o paraibana.<\/p>\n<p>A Prefeitura de Pocinhos agradece ao Governo do Estado por esta importante parceria e refor\u00e7a seu compromisso em trabalhar pelo futuro de nossa cidade.<\/p>\n<\/div>\n<footer>\n<div class=\"cf\"><\/div>\n<div class=\"post-sharing-bd\">\n<ul>\n<li class=\"ps-title\"><\/li>\n<\/ul>\n<\/div>\n<\/footer>\n","protected":false},"excerpt":{"rendered":"<p>A Prefeitura de Pocinhos celebra mais uma conquista para o munic\u00edpio! O governador Jo\u00e3o Azev\u00eado anunciou nesta segunda-feira (13\/01) a constru\u00e7\u00e3o de uma nova rodovia que conectar\u00e1 Pocinhos aos munic\u00edpios de Olivedos e Cubati. Com 47 quil\u00f4metros de extens\u00e3o e investimento superior a R$ 80 milh\u00f5es, a obra promete transformar a mobilidade e impulsionar o&#8230;<\/p>\n","protected":false},"author":1,"featured_media":5939,"comment_status":"closed","ping_status":"open","sticky":false,"template":"","format":"standard","meta":{"footnotes":""},"categories":[2],"tags":[],"class_list":["post-5938","post","type-post","status-publish","format-standard","has-post-thumbnail","hentry","category-noticias"],"aioseo_notices":[],"_links":{"self":[{"href":"https:\/\/pocinhos.pb.gov.br\/site\/wp-json\/wp\/v2\/posts\/5938","targetHints":{"allow":["GET"]}}],"collection":[{"href":"https:\/\/pocinhos.pb.gov.br\/site\/wp-json\/wp\/v2\/posts"}],"about":[{"href":"https:\/\/pocinhos.pb.gov.br\/site\/wp-json\/wp\/v2\/types\/post"}],"author":[{"embeddable":true,"href":"https:\/\/pocinhos.pb.gov.br\/site\/wp-json\/wp\/v2\/users\/1"}],"replies":[{"embeddable":true,"href":"https:\/\/pocinhos.pb.gov.br\/site\/wp-json\/wp\/v2\/comments?post=5938"}],"version-history":[{"count":2,"href":"https:\/\/pocinhos.pb.gov.br\/site\/wp-json\/wp\/v2\/posts\/5938\/revisions"}],"predecessor-version":[{"id":6009,"href":"https:\/\/pocinhos.pb.gov.br\/site\/wp-json\/wp\/v2\/posts\/5938\/revisions\/6009"}],"wp:featuredmedia":[{"embeddable":true,"href":"https:\/\/pocinhos.pb.gov.br\/site\/wp-json\/wp\/v2\/media\/5939"}],"wp:attachment":[{"href":"https:\/\/pocinhos.pb.gov.br\/site\/wp-json\/wp\/v2\/media?parent=5938"}],"wp:term":[{"taxonomy":"category","embeddable":true,"href":"https:\/\/pocinhos.pb.gov.br\/site\/wp-json\/wp\/v2\/categories?post=5938"},{"taxonomy":"post_tag","embeddable":true,"href":"https:\/\/pocinhos.pb.gov.br\/site\/wp-json\/wp\/v2\/tags?post=5938"}],"curies":[{"name":"wp","href":"https:\/\/api.w.org\/{rel}","templated":true}]}}