{"id":5947,"date":"2025-02-02T23:00:19","date_gmt":"2025-02-02T23:00:19","guid":{"rendered":"https:\/\/pocinhos.pb.gov.br\/site\/?p=5947"},"modified":"2025-02-02T23:00:19","modified_gmt":"2025-02-02T23:00:19","slug":"prefeitura-de-pocinhos-anuncia-aumento-salarial-de-8-para-professores-municipais","status":"publish","type":"post","link":"https:\/\/pocinhos.pb.gov.br\/site\/prefeitura-de-pocinhos-anuncia-aumento-salarial-de-8-para-professores-municipais\/","title":{"rendered":"Prefeitura de Pocinhos anuncia aumento salarial de 8% para professores municipais"},"content":{"rendered":"<p>A Prefeitura de Pocinhos, sob a lideran\u00e7a da prefeita Eliane Galdino, deu mais um importante passo na valoriza\u00e7\u00e3o da educa\u00e7\u00e3o municipal. Nesta quinta-feira (data), foi aprovado um reajuste salarial de\u00a0<strong>8%<\/strong>\u00a0para os professores da rede municipal de ensino, superando o \u00edndice nacional de\u00a0<strong>6,27%<\/strong>\u00a0estabelecido para 2025.<\/p>\n<p>A medida foi votada em\u00a0<strong>sess\u00e3o extraordin\u00e1ria da C\u00e2mara Municipal<\/strong>\u00a0e recebeu aprova\u00e7\u00e3o\u00a0<strong>un\u00e2nime<\/strong>\u00a0dos vereadores, evidenciando o alinhamento entre Executivo e Legislativo em prol da valoriza\u00e7\u00e3o dos educadores. O aumento ser\u00e1 retroativo a\u00a0<strong>1\u00ba de janeiro de 2025<\/strong>, garantindo que os professores recebam os valores ajustados desde o in\u00edcio do ano.<\/p>\n<p><strong>Compromisso com a educa\u00e7\u00e3o<\/strong><\/p>\n<p>Para a prefeita Eliane Galdino, a valoriza\u00e7\u00e3o dos professores \u00e9 essencial para o avan\u00e7o da educa\u00e7\u00e3o em Pocinhos. \u201cNosso compromisso \u00e9 reconhecer o trabalho fundamental desses profissionais que dedicam suas vidas \u00e0 forma\u00e7\u00e3o das nossas crian\u00e7as e jovens. Este reajuste reflete nosso respeito e a prioridade que damos \u00e0 educa\u00e7\u00e3o na nossa gest\u00e3o\u201d, afirmou a gestora.<\/p>\n<p>O reajuste refor\u00e7a a posi\u00e7\u00e3o de Pocinhos como refer\u00eancia em pol\u00edticas p\u00fablicas de valoriza\u00e7\u00e3o da educa\u00e7\u00e3o, mesmo diante dos desafios econ\u00f4micos enfrentados pelos munic\u00edpios brasileiros.<\/p>\n<p><strong>Investimentos cont\u00ednuos<\/strong><\/p>\n<p>Al\u00e9m do aumento salarial, a Prefeitura de Pocinhos segue investindo na educa\u00e7\u00e3o por meio da reforma e amplia\u00e7\u00e3o de escolas, aquisi\u00e7\u00e3o de equipamentos e qualifica\u00e7\u00e3o profissional dos educadores. Essas a\u00e7\u00f5es integram um conjunto de iniciativas voltadas para garantir um ensino de qualidade e transformar a realidade educacional do munic\u00edpio.<\/p>\n","protected":false},"excerpt":{"rendered":"<p>A Prefeitura de Pocinhos, sob a lideran\u00e7a da prefeita Eliane Galdino, deu mais um importante passo na valoriza\u00e7\u00e3o da educa\u00e7\u00e3o municipal. Nesta quinta-feira (data), foi aprovado um reajuste salarial de\u00a08%\u00a0para os professores da rede municipal de ensino, superando o \u00edndice nacional de\u00a06,27%\u00a0estabelecido para 2025. A medida foi votada em\u00a0sess\u00e3o extraordin\u00e1ria da C\u00e2mara Municipal\u00a0e recebeu aprova\u00e7\u00e3o\u00a0un\u00e2nime\u00a0dos&#8230;<\/p>\n","protected":false},"author":1,"featured_media":5948,"comment_status":"closed","ping_status":"open","sticky":false,"template":"","format":"standard","meta":{"footnotes":""},"categories":[2],"tags":[],"class_list":["post-5947","post","type-post","status-publish","format-standard","has-post-thumbnail","hentry","category-noticias"],"aioseo_notices":[],"_links":{"self":[{"href":"https:\/\/pocinhos.pb.gov.br\/site\/wp-json\/wp\/v2\/posts\/5947","targetHints":{"allow":["GET"]}}],"collection":[{"href":"https:\/\/pocinhos.pb.gov.br\/site\/wp-json\/wp\/v2\/posts"}],"about":[{"href":"https:\/\/pocinhos.pb.gov.br\/site\/wp-json\/wp\/v2\/types\/post"}],"author":[{"embeddable":true,"href":"https:\/\/pocinhos.pb.gov.br\/site\/wp-json\/wp\/v2\/users\/1"}],"replies":[{"embeddable":true,"href":"https:\/\/pocinhos.pb.gov.br\/site\/wp-json\/wp\/v2\/comments?post=5947"}],"version-history":[{"count":1,"href":"https:\/\/pocinhos.pb.gov.br\/site\/wp-json\/wp\/v2\/posts\/5947\/revisions"}],"predecessor-version":[{"id":5949,"href":"https:\/\/pocinhos.pb.gov.br\/site\/wp-json\/wp\/v2\/posts\/5947\/revisions\/5949"}],"wp:featuredmedia":[{"embeddable":true,"href":"https:\/\/pocinhos.pb.gov.br\/site\/wp-json\/wp\/v2\/media\/5948"}],"wp:attachment":[{"href":"https:\/\/pocinhos.pb.gov.br\/site\/wp-json\/wp\/v2\/media?parent=5947"}],"wp:term":[{"taxonomy":"category","embeddable":true,"href":"https:\/\/pocinhos.pb.gov.br\/site\/wp-json\/wp\/v2\/categories?post=5947"},{"taxonomy":"post_tag","embeddable":true,"href":"https:\/\/pocinhos.pb.gov.br\/site\/wp-json\/wp\/v2\/tags?post=5947"}],"curies":[{"name":"wp","href":"https:\/\/api.w.org\/{rel}","templated":true}]}}