{"id":5950,"date":"2025-02-02T23:00:53","date_gmt":"2025-02-02T23:00:53","guid":{"rendered":"https:\/\/pocinhos.pb.gov.br\/site\/?p=5950"},"modified":"2025-02-02T23:00:53","modified_gmt":"2025-02-02T23:00:53","slug":"prefeitura-de-pocinhos-anuncia-pagamento-de-janeiro-e-calendario-anual-de-2025","status":"publish","type":"post","link":"https:\/\/pocinhos.pb.gov.br\/site\/prefeitura-de-pocinhos-anuncia-pagamento-de-janeiro-e-calendario-anual-de-2025\/","title":{"rendered":"Prefeitura de Pocinhos anuncia pagamento de janeiro e calend\u00e1rio anual de 2025"},"content":{"rendered":"<p>A gest\u00e3o da Prefeitura de Pocinhos, reafirmando seu compromisso com a valoriza\u00e7\u00e3o dos servidores municipais, informa que o pagamento do sal\u00e1rio referente ao m\u00eas de janeiro foi realizado nessa sexta-feira (24). Esse \u00e9 um importante passo na valoriza\u00e7\u00e3o dos colaboradores, assegurando que os vencimentos sejam pagos dentro do m\u00eas trabalhado.<\/p>\n<p>Al\u00e9m disso, a Prefeitura disponibiliza o calend\u00e1rio anual de pagamentos para 2025, garantindo transpar\u00eancia e previsibilidade financeira para todos os servidores. A gest\u00e3o municipal, com essa medida, visa facilitar o planejamento financeiro dos servidores, proporcionando maior seguran\u00e7a e estabilidade.<\/p>\n<p>Confira as datas de pagamento:<\/p>\n<p>\u2013 Janeiro: 24 de janeiro<br \/>\n\u2013 Fevereiro: 27 de fevereiro<br \/>\n\u2013 Mar\u00e7o: 28 de mar\u00e7o<br \/>\n\u2013 Abril: 30 de abril<br \/>\n\u2013 Maio: 30 de maio<br \/>\n\u2013 Junho (Antecipa\u00e7\u00e3o da 1\u00aa parcela do 13\u00b0 sal\u00e1rio): 20 de junho<br \/>\n\u2013 Junho: 27 de junho<br \/>\n\u2013 Julho: 31 de julho<br \/>\n\u2013 Agosto: 29 de agosto<br \/>\n\u2013 Setembro: 30 de setembro<br \/>\n\u2013 Outubro: 31 de outubro<br \/>\n\u2013 Novembro: 28 de novembro<br \/>\n\u2013 Dezembro (2\u00aa parcela do 13\u00b0 sal\u00e1rio): 19 de dezembro<br \/>\n\u2013 Dezembro: 30 de dezembro<\/p>\n<p data-pm-slice=\"1 1 []\">A Prefeitura de Pocinhos segue trabalhando para oferecer melhores condi\u00e7\u00f5es de trabalho, valorizar os servidores e garantir uma gest\u00e3o p\u00fablica eficiente e transparente. Esse \u00e9 mais um passo rumo ao fortalecimento do munic\u00edpio e ao bem-estar de sua popula\u00e7\u00e3o.<\/p>\n","protected":false},"excerpt":{"rendered":"<p>A gest\u00e3o da Prefeitura de Pocinhos, reafirmando seu compromisso com a valoriza\u00e7\u00e3o dos servidores municipais, informa que o pagamento do sal\u00e1rio referente ao m\u00eas de janeiro foi realizado nessa sexta-feira (24). Esse \u00e9 um importante passo na valoriza\u00e7\u00e3o dos colaboradores, assegurando que os vencimentos sejam pagos dentro do m\u00eas trabalhado. Al\u00e9m disso, a Prefeitura disponibiliza&#8230;<\/p>\n","protected":false},"author":1,"featured_media":5951,"comment_status":"closed","ping_status":"open","sticky":false,"template":"","format":"standard","meta":{"footnotes":""},"categories":[2],"tags":[],"class_list":["post-5950","post","type-post","status-publish","format-standard","has-post-thumbnail","hentry","category-noticias"],"aioseo_notices":[],"_links":{"self":[{"href":"https:\/\/pocinhos.pb.gov.br\/site\/wp-json\/wp\/v2\/posts\/5950","targetHints":{"allow":["GET"]}}],"collection":[{"href":"https:\/\/pocinhos.pb.gov.br\/site\/wp-json\/wp\/v2\/posts"}],"about":[{"href":"https:\/\/pocinhos.pb.gov.br\/site\/wp-json\/wp\/v2\/types\/post"}],"author":[{"embeddable":true,"href":"https:\/\/pocinhos.pb.gov.br\/site\/wp-json\/wp\/v2\/users\/1"}],"replies":[{"embeddable":true,"href":"https:\/\/pocinhos.pb.gov.br\/site\/wp-json\/wp\/v2\/comments?post=5950"}],"version-history":[{"count":1,"href":"https:\/\/pocinhos.pb.gov.br\/site\/wp-json\/wp\/v2\/posts\/5950\/revisions"}],"predecessor-version":[{"id":5952,"href":"https:\/\/pocinhos.pb.gov.br\/site\/wp-json\/wp\/v2\/posts\/5950\/revisions\/5952"}],"wp:featuredmedia":[{"embeddable":true,"href":"https:\/\/pocinhos.pb.gov.br\/site\/wp-json\/wp\/v2\/media\/5951"}],"wp:attachment":[{"href":"https:\/\/pocinhos.pb.gov.br\/site\/wp-json\/wp\/v2\/media?parent=5950"}],"wp:term":[{"taxonomy":"category","embeddable":true,"href":"https:\/\/pocinhos.pb.gov.br\/site\/wp-json\/wp\/v2\/categories?post=5950"},{"taxonomy":"post_tag","embeddable":true,"href":"https:\/\/pocinhos.pb.gov.br\/site\/wp-json\/wp\/v2\/tags?post=5950"}],"curies":[{"name":"wp","href":"https:\/\/api.w.org\/{rel}","templated":true}]}}