{"id":5953,"date":"2025-02-02T23:01:29","date_gmt":"2025-02-02T23:01:29","guid":{"rendered":"https:\/\/pocinhos.pb.gov.br\/site\/?p=5953"},"modified":"2025-02-02T23:01:29","modified_gmt":"2025-02-02T23:01:29","slug":"prefeitura-de-pocinhos-assina-ordens-de-servico-para-grandes-obras-na-cidade","status":"publish","type":"post","link":"https:\/\/pocinhos.pb.gov.br\/site\/prefeitura-de-pocinhos-assina-ordens-de-servico-para-grandes-obras-na-cidade\/","title":{"rendered":"Prefeitura de Pocinhos assina ordens de servi\u00e7o para grandes obras na cidade"},"content":{"rendered":"<p data-pm-slice=\"1 1 []\">Na \u00faltima sexta-feira, 24 de janeiro, a Prefeitura de Pocinhos realizou uma solenidade hist\u00f3rica para a assinatura da ordem de servi\u00e7o de importantes obras que v\u00e3o transformar a infraestrutura e a qualidade de vida no munic\u00edpio. O evento, que contou com a presen\u00e7a de autoridades locais, lideran\u00e7as comunit\u00e1rias e moradores, marcou o in\u00edcio de tr\u00eas grandes projetos: a reforma do Cine S\u00e3o Jos\u00e9, a pavimenta\u00e7\u00e3o de ruas estrat\u00e9gicas e a constru\u00e7\u00e3o de uma moderna arena esportiva.<\/p>\n<p>A revitaliza\u00e7\u00e3o do Cine S\u00e3o Jos\u00e9 representa um compromisso com a preserva\u00e7\u00e3o cultural e hist\u00f3rica de Pocinhos. Este espa\u00e7o ic\u00f4nico, que faz parte da mem\u00f3ria afetiva de gera\u00e7\u00f5es, ser\u00e1 totalmente reformado para se tornar um centro educacional e cultural com um moderno rooftop. Este \u00faltimo promete transformar o local em um ponto tur\u00edstico para toda a regi\u00e3o, destacando ainda mais o potencial cultural e hist\u00f3rico da cidade. O projeto arquitet\u00f4nico est\u00e1 sob a responsabilidade de Henrique Porto, filho de Pocinhos, que traz sua expertise para valorizar ainda mais este marco da cidade.<\/p>\n<p>J\u00e1 as obras de pavimenta\u00e7\u00e3o v\u00e3o beneficiar diversas ruas, garantindo melhores condi\u00e7\u00f5es de mobilidade urbana e proporcionando mais seguran\u00e7a e conforto para motoristas e pedestres. Al\u00e9m disso, a constru\u00e7\u00e3o de uma arena esportiva moderna \u00e9 uma conquista significativa para o esporte local, oferecendo um espa\u00e7o adequado para atividades esportivas e de lazer para a juventude e toda a comunidade.<\/p>\n<p>Essas iniciativas refor\u00e7am o compromisso da gest\u00e3o municipal com o desenvolvimento de Pocinhos, promovendo avan\u00e7os em infraestrutura, cultura e esporte. A Prefeitura agradece a todos os envolvidos na realiza\u00e7\u00e3o desses projetos e reafirma sua dedica\u00e7\u00e3o em trabalhar por uma cidade cada vez melhor para todos os seus cidad\u00e3os.<\/p>\n<p>Fique ligado em nossas redes sociais e acompanhe as atualiza\u00e7\u00f5es sobre o andamento dessas obras que j\u00e1 est\u00e3o mudando a hist\u00f3ria de Pocinhos!<\/p>\n","protected":false},"excerpt":{"rendered":"<p>Na \u00faltima sexta-feira, 24 de janeiro, a Prefeitura de Pocinhos realizou uma solenidade hist\u00f3rica para a assinatura da ordem de servi\u00e7o de importantes obras que v\u00e3o transformar a infraestrutura e a qualidade de vida no munic\u00edpio. O evento, que contou com a presen\u00e7a de autoridades locais, lideran\u00e7as comunit\u00e1rias e moradores, marcou o in\u00edcio de tr\u00eas&#8230;<\/p>\n","protected":false},"author":1,"featured_media":5954,"comment_status":"closed","ping_status":"open","sticky":false,"template":"","format":"standard","meta":{"footnotes":""},"categories":[2],"tags":[],"class_list":["post-5953","post","type-post","status-publish","format-standard","has-post-thumbnail","hentry","category-noticias"],"aioseo_notices":[],"_links":{"self":[{"href":"https:\/\/pocinhos.pb.gov.br\/site\/wp-json\/wp\/v2\/posts\/5953","targetHints":{"allow":["GET"]}}],"collection":[{"href":"https:\/\/pocinhos.pb.gov.br\/site\/wp-json\/wp\/v2\/posts"}],"about":[{"href":"https:\/\/pocinhos.pb.gov.br\/site\/wp-json\/wp\/v2\/types\/post"}],"author":[{"embeddable":true,"href":"https:\/\/pocinhos.pb.gov.br\/site\/wp-json\/wp\/v2\/users\/1"}],"replies":[{"embeddable":true,"href":"https:\/\/pocinhos.pb.gov.br\/site\/wp-json\/wp\/v2\/comments?post=5953"}],"version-history":[{"count":1,"href":"https:\/\/pocinhos.pb.gov.br\/site\/wp-json\/wp\/v2\/posts\/5953\/revisions"}],"predecessor-version":[{"id":5955,"href":"https:\/\/pocinhos.pb.gov.br\/site\/wp-json\/wp\/v2\/posts\/5953\/revisions\/5955"}],"wp:featuredmedia":[{"embeddable":true,"href":"https:\/\/pocinhos.pb.gov.br\/site\/wp-json\/wp\/v2\/media\/5954"}],"wp:attachment":[{"href":"https:\/\/pocinhos.pb.gov.br\/site\/wp-json\/wp\/v2\/media?parent=5953"}],"wp:term":[{"taxonomy":"category","embeddable":true,"href":"https:\/\/pocinhos.pb.gov.br\/site\/wp-json\/wp\/v2\/categories?post=5953"},{"taxonomy":"post_tag","embeddable":true,"href":"https:\/\/pocinhos.pb.gov.br\/site\/wp-json\/wp\/v2\/tags?post=5953"}],"curies":[{"name":"wp","href":"https:\/\/api.w.org\/{rel}","templated":true}]}}