{"id":6046,"date":"2025-02-04T13:58:36","date_gmt":"2025-02-04T13:58:36","guid":{"rendered":"https:\/\/pocinhos.pb.gov.br\/site\/?p=6046"},"modified":"2025-02-17T14:00:52","modified_gmt":"2025-02-17T14:00:52","slug":"horta-organica-vovo-socorro-oliveira-e-premiada-como-melhor-projeto-do-nordeste","status":"publish","type":"post","link":"https:\/\/pocinhos.pb.gov.br\/site\/horta-organica-vovo-socorro-oliveira-e-premiada-como-melhor-projeto-do-nordeste\/","title":{"rendered":"Horta Org\u00e2nica \u201cVov\u00f3 Socorro Oliveira\u201d \u00e9 Premiada como Melhor Projeto do Nordeste"},"content":{"rendered":"<p data-start=\"177\" data-end=\"573\">O Encontro Nacional do Programa Nacional de Alimenta\u00e7\u00e3o Escolar (PNAE) celebrou a premia\u00e7\u00e3o da Quinta Jornada de Educa\u00e7\u00e3o Alimentar e Nutricional de 2023, reunindo educadores, nutricionistas e profissionais da \u00e1rea. Entre os projetos premiados, a Horta Org\u00e2nica \u201cVov\u00f3 Socorro Oliveira\u201d, desenvolvida no munic\u00edpio de Pocinhos-PB, foi reconhecida como o Melhor Projeto do Nordeste na tem\u00e1tica II.<\/p>\n<p data-start=\"575\" data-end=\"896\">Com mais de 1.500 projetos inscritos, essa conquista destaca o comprometimento da equipe envolvida na iniciativa, que promove a alimenta\u00e7\u00e3o saud\u00e1vel e sustent\u00e1vel nas escolas. O projeto \u00e9 fruto do esfor\u00e7o coletivo das Secretarias Municipais e da Escola Maria da Guia Sales Herm\u00ednio, sob a gest\u00e3o dedicada de sua equipe.<\/p>\n<p data-start=\"898\" data-end=\"1071\" data-is-last-node=\"\">A Prefeitura de Pocinhos parabeniza todos os envolvidos e refor\u00e7a o compromisso com a\u00e7\u00f5es que fortale\u00e7am a seguran\u00e7a alimentar e a qualidade da merenda escolar no munic\u00edpio<\/p>\n","protected":false},"excerpt":{"rendered":"<p>O Encontro Nacional do Programa Nacional de Alimenta\u00e7\u00e3o Escolar (PNAE) celebrou a premia\u00e7\u00e3o da Quinta Jornada de Educa\u00e7\u00e3o Alimentar e Nutricional de 2023, reunindo educadores, nutricionistas e profissionais da \u00e1rea. Entre os projetos premiados, a Horta Org\u00e2nica \u201cVov\u00f3 Socorro Oliveira\u201d, desenvolvida no munic\u00edpio de Pocinhos-PB, foi reconhecida como o Melhor Projeto do Nordeste na tem\u00e1tica&#8230;<\/p>\n","protected":false},"author":4,"featured_media":6047,"comment_status":"closed","ping_status":"open","sticky":false,"template":"","format":"standard","meta":{"footnotes":""},"categories":[2],"tags":[],"class_list":["post-6046","post","type-post","status-publish","format-standard","has-post-thumbnail","hentry","category-noticias"],"aioseo_notices":[],"_links":{"self":[{"href":"https:\/\/pocinhos.pb.gov.br\/site\/wp-json\/wp\/v2\/posts\/6046","targetHints":{"allow":["GET"]}}],"collection":[{"href":"https:\/\/pocinhos.pb.gov.br\/site\/wp-json\/wp\/v2\/posts"}],"about":[{"href":"https:\/\/pocinhos.pb.gov.br\/site\/wp-json\/wp\/v2\/types\/post"}],"author":[{"embeddable":true,"href":"https:\/\/pocinhos.pb.gov.br\/site\/wp-json\/wp\/v2\/users\/4"}],"replies":[{"embeddable":true,"href":"https:\/\/pocinhos.pb.gov.br\/site\/wp-json\/wp\/v2\/comments?post=6046"}],"version-history":[{"count":1,"href":"https:\/\/pocinhos.pb.gov.br\/site\/wp-json\/wp\/v2\/posts\/6046\/revisions"}],"predecessor-version":[{"id":6048,"href":"https:\/\/pocinhos.pb.gov.br\/site\/wp-json\/wp\/v2\/posts\/6046\/revisions\/6048"}],"wp:featuredmedia":[{"embeddable":true,"href":"https:\/\/pocinhos.pb.gov.br\/site\/wp-json\/wp\/v2\/media\/6047"}],"wp:attachment":[{"href":"https:\/\/pocinhos.pb.gov.br\/site\/wp-json\/wp\/v2\/media?parent=6046"}],"wp:term":[{"taxonomy":"category","embeddable":true,"href":"https:\/\/pocinhos.pb.gov.br\/site\/wp-json\/wp\/v2\/categories?post=6046"},{"taxonomy":"post_tag","embeddable":true,"href":"https:\/\/pocinhos.pb.gov.br\/site\/wp-json\/wp\/v2\/tags?post=6046"}],"curies":[{"name":"wp","href":"https:\/\/api.w.org\/{rel}","templated":true}]}}