{"id":6050,"date":"2025-02-09T14:01:00","date_gmt":"2025-02-09T14:01:00","guid":{"rendered":"https:\/\/pocinhos.pb.gov.br\/site\/?p=6050"},"modified":"2025-02-20T14:45:20","modified_gmt":"2025-02-20T14:45:20","slug":"inauguracao-da-praca-de-convivencia-geraldo-galdino-em-cacimba-nova","status":"publish","type":"post","link":"https:\/\/pocinhos.pb.gov.br\/site\/inauguracao-da-praca-de-convivencia-geraldo-galdino-em-cacimba-nova\/","title":{"rendered":"Inaugura\u00e7\u00e3o da Pra\u00e7a de Conviv\u00eancia Geraldo Galdino em Cacimba Nova"},"content":{"rendered":"<p>O domingo (9) foi marcado por um momento especial para a comunidade de Cacimba Nova, com a inaugura\u00e7\u00e3o da Pra\u00e7a de Conviv\u00eancia Geraldo Galdino. O novo espa\u00e7o, conhecido como \u201cPra\u00e7a dos Cruzeiros\u201d, \u00e9 um dos maiores j\u00e1 constru\u00eddos no munic\u00edpio e chega para proporcionar lazer, divers\u00e3o e bem-estar a todos os moradores do bairro.<\/p>\n<p>Durante a cerim\u00f4nia, a prefeita Eliane Galdino destacou a import\u00e2ncia do novo equipamento p\u00fablico e reafirmou o compromisso da gest\u00e3o municipal com a valoriza\u00e7\u00e3o dos espa\u00e7os de conviv\u00eancia. &#8220;Estamos entregando um local que n\u00e3o apenas embeleza a cidade, mas tamb\u00e9m fortalece o sentimento de comunidade e oferece um ambiente adequado para momentos de lazer e integra\u00e7\u00e3o&#8221;, afirmou.<\/p>\n<p>Al\u00e9m da entrega da pra\u00e7a, a prefeita assinou a autoriza\u00e7\u00e3o para a pavimenta\u00e7\u00e3o das ruas Z\u00e9 de M\u00eddio e Artur Porto de Ara\u00fajo, ambas localizadas em Cacimba Nova, garantindo mais infraestrutura e qualidade de vida para a popula\u00e7\u00e3o.<\/p>\n<p>A Prefeitura de Pocinhos segue investindo no desenvolvimento urbano e na melhoria dos espa\u00e7os p\u00fablicos, promovendo a\u00e7\u00f5es que beneficiam diretamente a popula\u00e7\u00e3o.<\/p>\n","protected":false},"excerpt":{"rendered":"<p>O domingo (9) foi marcado por um momento especial para a comunidade de Cacimba Nova, com a inaugura\u00e7\u00e3o da Pra\u00e7a de Conviv\u00eancia Geraldo Galdino. O novo espa\u00e7o, conhecido como \u201cPra\u00e7a dos Cruzeiros\u201d, \u00e9 um dos maiores j\u00e1 constru\u00eddos no munic\u00edpio e chega para proporcionar lazer, divers\u00e3o e bem-estar a todos os moradores do bairro. Durante&#8230;<\/p>\n","protected":false},"author":4,"featured_media":6051,"comment_status":"closed","ping_status":"open","sticky":false,"template":"","format":"standard","meta":{"footnotes":""},"categories":[2],"tags":[],"class_list":["post-6050","post","type-post","status-publish","format-standard","has-post-thumbnail","hentry","category-noticias"],"aioseo_notices":[],"_links":{"self":[{"href":"https:\/\/pocinhos.pb.gov.br\/site\/wp-json\/wp\/v2\/posts\/6050","targetHints":{"allow":["GET"]}}],"collection":[{"href":"https:\/\/pocinhos.pb.gov.br\/site\/wp-json\/wp\/v2\/posts"}],"about":[{"href":"https:\/\/pocinhos.pb.gov.br\/site\/wp-json\/wp\/v2\/types\/post"}],"author":[{"embeddable":true,"href":"https:\/\/pocinhos.pb.gov.br\/site\/wp-json\/wp\/v2\/users\/4"}],"replies":[{"embeddable":true,"href":"https:\/\/pocinhos.pb.gov.br\/site\/wp-json\/wp\/v2\/comments?post=6050"}],"version-history":[{"count":1,"href":"https:\/\/pocinhos.pb.gov.br\/site\/wp-json\/wp\/v2\/posts\/6050\/revisions"}],"predecessor-version":[{"id":6052,"href":"https:\/\/pocinhos.pb.gov.br\/site\/wp-json\/wp\/v2\/posts\/6050\/revisions\/6052"}],"wp:featuredmedia":[{"embeddable":true,"href":"https:\/\/pocinhos.pb.gov.br\/site\/wp-json\/wp\/v2\/media\/6051"}],"wp:attachment":[{"href":"https:\/\/pocinhos.pb.gov.br\/site\/wp-json\/wp\/v2\/media?parent=6050"}],"wp:term":[{"taxonomy":"category","embeddable":true,"href":"https:\/\/pocinhos.pb.gov.br\/site\/wp-json\/wp\/v2\/categories?post=6050"},{"taxonomy":"post_tag","embeddable":true,"href":"https:\/\/pocinhos.pb.gov.br\/site\/wp-json\/wp\/v2\/tags?post=6050"}],"curies":[{"name":"wp","href":"https:\/\/api.w.org\/{rel}","templated":true}]}}