{"id":6066,"date":"2025-02-17T13:30:51","date_gmt":"2025-02-17T13:30:51","guid":{"rendered":"https:\/\/pocinhos.pb.gov.br\/site\/?p=6066"},"modified":"2025-02-20T14:12:54","modified_gmt":"2025-02-20T14:12:54","slug":"prefeitura-de-pocinhos-entrega-praca-antonio-adriao-no-bairro-santa-terezinha","status":"publish","type":"post","link":"https:\/\/pocinhos.pb.gov.br\/site\/prefeitura-de-pocinhos-entrega-praca-antonio-adriao-no-bairro-santa-terezinha\/","title":{"rendered":"Prefeitura de Pocinhos entrega Pra\u00e7a Ant\u00f4nio Adri\u00e3o no bairro Santa Terezinha"},"content":{"rendered":"<p>A comunidade do bairro Santa Terezinha recebeu, neste domingo (16), um novo espa\u00e7o de lazer e conviv\u00eancia com a inaugura\u00e7\u00e3o da Pra\u00e7a Ant\u00f4nio Adri\u00e3o. O equipamento p\u00fablico foi projetado para oferecer mais qualidade de vida aos moradores, proporcionando um ambiente seguro e acolhedor para momentos de lazer, encontros familiares e pr\u00e1tica de atividades ao ar livre.<\/p>\n<p>A cerim\u00f4nia de inaugura\u00e7\u00e3o contou com a presen\u00e7a da prefeita Eliane Galdino, que ressaltou a import\u00e2ncia de investir em espa\u00e7os p\u00fablicos para garantir mais bem-estar \u00e0 popula\u00e7\u00e3o. Em seu discurso, a prefeita destacou o compromisso da gest\u00e3o municipal com o desenvolvimento urbano e a valoriza\u00e7\u00e3o das \u00e1reas de conviv\u00eancia.<\/p>\n<p>O evento tamb\u00e9m teve a participa\u00e7\u00e3o do deputado estadual Adriano Galdino, que fez um discurso saudosista sobre a trajet\u00f3ria de Ant\u00f4nio Adri\u00e3o. Ele relembrou o legado do homenageado, destacando que Ant\u00f4nio Adri\u00e3o foi um grande pol\u00edtico, sempre disposto a trabalhar pelo povo de Pocinhos e a lutar por melhorias para a cidade.<\/p>\n<p>A nova pra\u00e7a conta com infraestrutura moderna, ilumina\u00e7\u00e3o adequada e \u00e1reas destinadas ao conv\u00edvio social, refor\u00e7ando o compromisso da gest\u00e3o municipal com o bem-estar da popula\u00e7\u00e3o. Al\u00e9m disso, a entrega da Pra\u00e7a Ant\u00f4nio Adri\u00e3o representa mais um passo na valoriza\u00e7\u00e3o do bairro Santa Terezinha, que no passado era conhecido como &#8220;o lix\u00e3o&#8221;. A transforma\u00e7\u00e3o da \u00e1rea em um espa\u00e7o de lazer e conviv\u00eancia reflete o compromisso da Prefeitura de Pocinhos em resgatar e revitalizar locais antes esquecidos, proporcionando mais dignidade aos moradores.<\/p>\n<p>A Prefeitura de Pocinhos segue investindo em melhorias urbanas e na valoriza\u00e7\u00e3o dos espa\u00e7os p\u00fablicos, garantindo mais qualidade de vida para todos os cidad\u00e3os. Com a entrega da Pra\u00e7a Ant\u00f4nio Adri\u00e3o, o bairro Santa Terezinha passa a contar com um local planejado para o lazer e o fortalecimento dos la\u00e7os comunit\u00e1rios.<\/p>\n","protected":false},"excerpt":{"rendered":"<p>A comunidade do bairro Santa Terezinha recebeu, neste domingo (16), um novo espa\u00e7o de lazer e conviv\u00eancia com a inaugura\u00e7\u00e3o da Pra\u00e7a Ant\u00f4nio Adri\u00e3o. O equipamento p\u00fablico foi projetado para oferecer mais qualidade de vida aos moradores, proporcionando um ambiente seguro e acolhedor para momentos de lazer, encontros familiares e pr\u00e1tica de atividades ao ar&#8230;<\/p>\n","protected":false},"author":4,"featured_media":6068,"comment_status":"closed","ping_status":"open","sticky":false,"template":"","format":"standard","meta":{"footnotes":""},"categories":[2],"tags":[],"class_list":["post-6066","post","type-post","status-publish","format-standard","has-post-thumbnail","hentry","category-noticias"],"aioseo_notices":[],"_links":{"self":[{"href":"https:\/\/pocinhos.pb.gov.br\/site\/wp-json\/wp\/v2\/posts\/6066","targetHints":{"allow":["GET"]}}],"collection":[{"href":"https:\/\/pocinhos.pb.gov.br\/site\/wp-json\/wp\/v2\/posts"}],"about":[{"href":"https:\/\/pocinhos.pb.gov.br\/site\/wp-json\/wp\/v2\/types\/post"}],"author":[{"embeddable":true,"href":"https:\/\/pocinhos.pb.gov.br\/site\/wp-json\/wp\/v2\/users\/4"}],"replies":[{"embeddable":true,"href":"https:\/\/pocinhos.pb.gov.br\/site\/wp-json\/wp\/v2\/comments?post=6066"}],"version-history":[{"count":3,"href":"https:\/\/pocinhos.pb.gov.br\/site\/wp-json\/wp\/v2\/posts\/6066\/revisions"}],"predecessor-version":[{"id":6071,"href":"https:\/\/pocinhos.pb.gov.br\/site\/wp-json\/wp\/v2\/posts\/6066\/revisions\/6071"}],"wp:featuredmedia":[{"embeddable":true,"href":"https:\/\/pocinhos.pb.gov.br\/site\/wp-json\/wp\/v2\/media\/6068"}],"wp:attachment":[{"href":"https:\/\/pocinhos.pb.gov.br\/site\/wp-json\/wp\/v2\/media?parent=6066"}],"wp:term":[{"taxonomy":"category","embeddable":true,"href":"https:\/\/pocinhos.pb.gov.br\/site\/wp-json\/wp\/v2\/categories?post=6066"},{"taxonomy":"post_tag","embeddable":true,"href":"https:\/\/pocinhos.pb.gov.br\/site\/wp-json\/wp\/v2\/tags?post=6066"}],"curies":[{"name":"wp","href":"https:\/\/api.w.org\/{rel}","templated":true}]}}