{"id":6072,"date":"2025-02-17T14:16:29","date_gmt":"2025-02-17T14:16:29","guid":{"rendered":"https:\/\/pocinhos.pb.gov.br\/site\/?p=6072"},"modified":"2025-02-20T14:45:06","modified_gmt":"2025-02-20T14:45:06","slug":"prefeitura-de-pocinhos-entrega-praca-zezito-dos-santos-no-bairro-da-conpel","status":"publish","type":"post","link":"https:\/\/pocinhos.pb.gov.br\/site\/prefeitura-de-pocinhos-entrega-praca-zezito-dos-santos-no-bairro-da-conpel\/","title":{"rendered":"Prefeitura de Pocinhos entrega Pra\u00e7a Zezito dos Santos no bairro da CONPEL"},"content":{"rendered":"<p>Os moradores do bairro da CONPEL celebraram, neste domingo (16), a inaugura\u00e7\u00e3o da Pra\u00e7a Zezito dos Santos, um novo espa\u00e7o de lazer e conviv\u00eancia que chega para transformar a realidade da comunidade. O equipamento p\u00fablico, planejado com infraestrutura moderna e \u00e1reas de socializa\u00e7\u00e3o, reflete o compromisso da gest\u00e3o municipal em oferecer mais qualidade de vida \u00e0 popula\u00e7\u00e3o.<\/p>\n<p>A prefeita Eliane Galdino esteve presente na solenidade e destacou a import\u00e2ncia da nova pra\u00e7a para a comunidade, enfatizando que espa\u00e7os como esse s\u00e3o essenciais para fortalecer os la\u00e7os sociais e garantir mais bem-estar aos cidad\u00e3os. A cerim\u00f4nia foi marcada pela emo\u00e7\u00e3o e pela celebra\u00e7\u00e3o do legado de Zezito dos Santos, um homem de grande valor para a popula\u00e7\u00e3o pocinhense.<\/p>\n<p>Durante o evento, o deputado estadual Adriano Galdino ressaltou em seu discurso a relev\u00e2ncia de Zezito dos Santos para a hist\u00f3ria local, lembrando seu papel ativo na comunidade e sua contribui\u00e7\u00e3o para o desenvolvimento da regi\u00e3o. Para ele, essa homenagem simboliza o reconhecimento de algu\u00e9m que fez a diferen\u00e7a na vida dos moradores e deixa um exemplo de dedica\u00e7\u00e3o e trabalho.<\/p>\n<p>Al\u00e9m de ser um espa\u00e7o de lazer, a entrega da Pra\u00e7a Zezito dos Santos representa um passo significativo na valoriza\u00e7\u00e3o do bairro da CONPEL, que recebe mais uma obra estruturante para fortalecer sua identidade e proporcionar melhores condi\u00e7\u00f5es de vida aos moradores. A revitaliza\u00e7\u00e3o do espa\u00e7o refor\u00e7a o compromisso da Prefeitura de Pocinhos em investir no desenvolvimento urbano e na cria\u00e7\u00e3o de ambientes que promovam o conv\u00edvio e a integra\u00e7\u00e3o comunit\u00e1ria.<\/p>\n<p>A Prefeitura segue avan\u00e7ando com a\u00e7\u00f5es que priorizam o bem-estar da popula\u00e7\u00e3o e a valoriza\u00e7\u00e3o dos espa\u00e7os p\u00fablicos. Com a entrega da Pra\u00e7a Zezito dos Santos, o bairro da CONPEL ganha um novo ponto de encontro, reafirmando o compromisso da gest\u00e3o municipal com o desenvolvimento e a qualidade de vida dos pocinhenses.<\/p>\n<p>&nbsp;<\/p>\n","protected":false},"excerpt":{"rendered":"<p>Os moradores do bairro da CONPEL celebraram, neste domingo (16), a inaugura\u00e7\u00e3o da Pra\u00e7a Zezito dos Santos, um novo espa\u00e7o de lazer e conviv\u00eancia que chega para transformar a realidade da comunidade. O equipamento p\u00fablico, planejado com infraestrutura moderna e \u00e1reas de socializa\u00e7\u00e3o, reflete o compromisso da gest\u00e3o municipal em oferecer mais qualidade de vida&#8230;<\/p>\n","protected":false},"author":4,"featured_media":6073,"comment_status":"closed","ping_status":"open","sticky":false,"template":"","format":"standard","meta":{"footnotes":""},"categories":[2],"tags":[],"class_list":["post-6072","post","type-post","status-publish","format-standard","has-post-thumbnail","hentry","category-noticias"],"aioseo_notices":[],"_links":{"self":[{"href":"https:\/\/pocinhos.pb.gov.br\/site\/wp-json\/wp\/v2\/posts\/6072","targetHints":{"allow":["GET"]}}],"collection":[{"href":"https:\/\/pocinhos.pb.gov.br\/site\/wp-json\/wp\/v2\/posts"}],"about":[{"href":"https:\/\/pocinhos.pb.gov.br\/site\/wp-json\/wp\/v2\/types\/post"}],"author":[{"embeddable":true,"href":"https:\/\/pocinhos.pb.gov.br\/site\/wp-json\/wp\/v2\/users\/4"}],"replies":[{"embeddable":true,"href":"https:\/\/pocinhos.pb.gov.br\/site\/wp-json\/wp\/v2\/comments?post=6072"}],"version-history":[{"count":1,"href":"https:\/\/pocinhos.pb.gov.br\/site\/wp-json\/wp\/v2\/posts\/6072\/revisions"}],"predecessor-version":[{"id":6074,"href":"https:\/\/pocinhos.pb.gov.br\/site\/wp-json\/wp\/v2\/posts\/6072\/revisions\/6074"}],"wp:featuredmedia":[{"embeddable":true,"href":"https:\/\/pocinhos.pb.gov.br\/site\/wp-json\/wp\/v2\/media\/6073"}],"wp:attachment":[{"href":"https:\/\/pocinhos.pb.gov.br\/site\/wp-json\/wp\/v2\/media?parent=6072"}],"wp:term":[{"taxonomy":"category","embeddable":true,"href":"https:\/\/pocinhos.pb.gov.br\/site\/wp-json\/wp\/v2\/categories?post=6072"},{"taxonomy":"post_tag","embeddable":true,"href":"https:\/\/pocinhos.pb.gov.br\/site\/wp-json\/wp\/v2\/tags?post=6072"}],"curies":[{"name":"wp","href":"https:\/\/api.w.org\/{rel}","templated":true}]}}