{"id":6079,"date":"2025-02-18T14:38:10","date_gmt":"2025-02-18T14:38:10","guid":{"rendered":"https:\/\/pocinhos.pb.gov.br\/site\/?p=6079"},"modified":"2025-02-20T14:44:13","modified_gmt":"2025-02-20T14:44:13","slug":"jornada-pedagogica-de-2025-e-encerrada-com-sucesso-em-pocinhos","status":"publish","type":"post","link":"https:\/\/pocinhos.pb.gov.br\/site\/jornada-pedagogica-de-2025-e-encerrada-com-sucesso-em-pocinhos\/","title":{"rendered":"Jornada Pedag\u00f3gica de 2025 \u00e9 encerrada com sucesso em Pocinhos"},"content":{"rendered":"<p data-start=\"70\" data-end=\"417\">A Jornada Pedag\u00f3gica de 2025 em Pocinhos foi conclu\u00edda com sucesso, no ultimo s\u00e1bado (15), reunindo educadores e gestores em uma s\u00e9rie de atividades voltadas para o aprimoramento da educa\u00e7\u00e3o no munic\u00edpio. O evento, promovido pela Secretaria Municipal de Educa\u00e7\u00e3o, teve como objetivo principal alinhar estrat\u00e9gias e pr\u00e1ticas pedag\u00f3gicas para o ano letivo que se inicia.<\/p>\n<p data-start=\"419\" data-end=\"797\">Durante a jornada, foram realizadas palestras, oficinas e debates que abordaram temas relevantes para o contexto educacional atual, incluindo metodologias ativas, uso de tecnologias em sala de aula e estrat\u00e9gias para a inclus\u00e3o escolar. Os participantes tiveram a oportunidade de compartilhar experi\u00eancias e discutir solu\u00e7\u00f5es para os desafios enfrentados no dia a dia escolar.<\/p>\n<p data-start=\"799\" data-end=\"1165\">A prefeita Eliane Galdino esteve presente no encerramento do evento, destacando a import\u00e2ncia da capacita\u00e7\u00e3o cont\u00ednua dos profissionais da educa\u00e7\u00e3o. Em seu discurso, ela enfatizou o compromisso da gest\u00e3o municipal em investir na qualidade do ensino e na valoriza\u00e7\u00e3o dos educadores, reconhecendo o papel fundamental que desempenham na forma\u00e7\u00e3o das futuras gera\u00e7\u00f5es.<\/p>\n<p data-start=\"1167\" data-end=\"1525\">O secret\u00e1rio de Educa\u00e7\u00e3o, Afonso, ressaltou a relev\u00e2ncia da Jornada Pedag\u00f3gica como um espa\u00e7o de constru\u00e7\u00e3o coletiva do conhecimento e de fortalecimento das pr\u00e1ticas educativas no munic\u00edpio. Ele agradeceu o empenho de todos os envolvidos e refor\u00e7ou a disposi\u00e7\u00e3o da secretaria em apoiar as escolas e os profissionais em suas demandas ao longo do ano letivo.<\/p>\n<p data-start=\"1527\" data-end=\"1722\">A ex-secret\u00e1ria de Educa\u00e7\u00e3o, Jordana, tamb\u00e9m esteve presente no evento, demonstrando seu compromisso cont\u00ednuo com a educa\u00e7\u00e3o do munic\u00edpio e reconhecendo os avan\u00e7os alcan\u00e7ados ao longo dos anos.<\/p>\n","protected":false},"excerpt":{"rendered":"<p>A Jornada Pedag\u00f3gica de 2025 em Pocinhos foi conclu\u00edda com sucesso, no ultimo s\u00e1bado (15), reunindo educadores e gestores em uma s\u00e9rie de atividades voltadas para o aprimoramento da educa\u00e7\u00e3o no munic\u00edpio. O evento, promovido pela Secretaria Municipal de Educa\u00e7\u00e3o, teve como objetivo principal alinhar estrat\u00e9gias e pr\u00e1ticas pedag\u00f3gicas para o ano letivo que se&#8230;<\/p>\n","protected":false},"author":4,"featured_media":6080,"comment_status":"closed","ping_status":"open","sticky":false,"template":"","format":"standard","meta":{"footnotes":""},"categories":[2],"tags":[],"class_list":["post-6079","post","type-post","status-publish","format-standard","has-post-thumbnail","hentry","category-noticias"],"aioseo_notices":[],"_links":{"self":[{"href":"https:\/\/pocinhos.pb.gov.br\/site\/wp-json\/wp\/v2\/posts\/6079","targetHints":{"allow":["GET"]}}],"collection":[{"href":"https:\/\/pocinhos.pb.gov.br\/site\/wp-json\/wp\/v2\/posts"}],"about":[{"href":"https:\/\/pocinhos.pb.gov.br\/site\/wp-json\/wp\/v2\/types\/post"}],"author":[{"embeddable":true,"href":"https:\/\/pocinhos.pb.gov.br\/site\/wp-json\/wp\/v2\/users\/4"}],"replies":[{"embeddable":true,"href":"https:\/\/pocinhos.pb.gov.br\/site\/wp-json\/wp\/v2\/comments?post=6079"}],"version-history":[{"count":1,"href":"https:\/\/pocinhos.pb.gov.br\/site\/wp-json\/wp\/v2\/posts\/6079\/revisions"}],"predecessor-version":[{"id":6081,"href":"https:\/\/pocinhos.pb.gov.br\/site\/wp-json\/wp\/v2\/posts\/6079\/revisions\/6081"}],"wp:featuredmedia":[{"embeddable":true,"href":"https:\/\/pocinhos.pb.gov.br\/site\/wp-json\/wp\/v2\/media\/6080"}],"wp:attachment":[{"href":"https:\/\/pocinhos.pb.gov.br\/site\/wp-json\/wp\/v2\/media?parent=6079"}],"wp:term":[{"taxonomy":"category","embeddable":true,"href":"https:\/\/pocinhos.pb.gov.br\/site\/wp-json\/wp\/v2\/categories?post=6079"},{"taxonomy":"post_tag","embeddable":true,"href":"https:\/\/pocinhos.pb.gov.br\/site\/wp-json\/wp\/v2\/tags?post=6079"}],"curies":[{"name":"wp","href":"https:\/\/api.w.org\/{rel}","templated":true}]}}