{"id":6108,"date":"2025-02-26T18:32:35","date_gmt":"2025-02-26T18:32:35","guid":{"rendered":"https:\/\/pocinhos.pb.gov.br\/site\/?p=6108"},"modified":"2025-02-26T18:33:59","modified_gmt":"2025-02-26T18:33:59","slug":"prefeita-eliane-galdino-decreta-ponto-facultativo-no-carnaval","status":"publish","type":"post","link":"https:\/\/pocinhos.pb.gov.br\/site\/prefeita-eliane-galdino-decreta-ponto-facultativo-no-carnaval\/","title":{"rendered":"Prefeita Eliane Galdino decreta Ponto Facultativo no Carnaval"},"content":{"rendered":"<p data-start=\"88\" data-end=\"394\">A prefeita de Pocinhos, Eliane Galdino, regulamentou em decreto administrativo o ponto facultativo nos dias 3, 4 e 5 de mar\u00e7o, em raz\u00e3o das festividades de Carnaval. A medida abrange todas as reparti\u00e7\u00f5es p\u00fablicas municipais, exceto os servi\u00e7os essenciais, como sa\u00fade, seguran\u00e7a e limpeza urbana, que funcionar\u00e3o normalmente.<\/p>\n<p data-start=\"396\" data-end=\"609\">O expediente ser\u00e1 retomado na quinta-feira, 6 de mar\u00e7o. A Prefeitura refor\u00e7a a import\u00e2ncia de um Carnaval seguro e organizado, garantindo que a popula\u00e7\u00e3o possa aproveitar o per\u00edodo festivo com tranquilidade.<\/p>\n<p data-start=\"396\" data-end=\"609\">Confira abaixo um trecho do decreto para entender melhor:<\/p>\n<p data-start=\"396\" data-end=\"609\"><strong> ELIANE MOURA DOS SANTOS GALDINO, PREFEITA CONSTITUCIONAL DO <\/strong><br \/>\n<strong>MUNIC\u00cdPIO DE POCINHOS, ESTADO DA PARA\u00cdBA&#8230;<\/strong><\/p>\n<p data-start=\"396\" data-end=\"609\"><strong>&#8230;D E C R E T A: <\/strong><\/p>\n<p><strong>Art. 1\u00b0 &#8211; Fica decretado Ponto Facultativo nas Reparti\u00e7\u00f5es P\u00fablicas da Administra\u00e7\u00e3o <\/strong><br \/>\n<strong>Municipal de Pocinhos durante os dias 03, 04 e 05 de mar\u00e7o de 2025.<\/strong><\/p>\n","protected":false},"excerpt":{"rendered":"<p>A prefeita de Pocinhos, Eliane Galdino, regulamentou em decreto administrativo o ponto facultativo nos dias 3, 4 e 5 de mar\u00e7o, em raz\u00e3o das festividades de Carnaval. A medida abrange todas as reparti\u00e7\u00f5es p\u00fablicas municipais, exceto os servi\u00e7os essenciais, como sa\u00fade, seguran\u00e7a e limpeza urbana, que funcionar\u00e3o normalmente. O expediente ser\u00e1 retomado na quinta-feira, 6&#8230;<\/p>\n","protected":false},"author":4,"featured_media":6111,"comment_status":"closed","ping_status":"open","sticky":false,"template":"","format":"standard","meta":{"footnotes":""},"categories":[2],"tags":[],"class_list":["post-6108","post","type-post","status-publish","format-standard","has-post-thumbnail","hentry","category-noticias"],"aioseo_notices":[],"_links":{"self":[{"href":"https:\/\/pocinhos.pb.gov.br\/site\/wp-json\/wp\/v2\/posts\/6108","targetHints":{"allow":["GET"]}}],"collection":[{"href":"https:\/\/pocinhos.pb.gov.br\/site\/wp-json\/wp\/v2\/posts"}],"about":[{"href":"https:\/\/pocinhos.pb.gov.br\/site\/wp-json\/wp\/v2\/types\/post"}],"author":[{"embeddable":true,"href":"https:\/\/pocinhos.pb.gov.br\/site\/wp-json\/wp\/v2\/users\/4"}],"replies":[{"embeddable":true,"href":"https:\/\/pocinhos.pb.gov.br\/site\/wp-json\/wp\/v2\/comments?post=6108"}],"version-history":[{"count":2,"href":"https:\/\/pocinhos.pb.gov.br\/site\/wp-json\/wp\/v2\/posts\/6108\/revisions"}],"predecessor-version":[{"id":6112,"href":"https:\/\/pocinhos.pb.gov.br\/site\/wp-json\/wp\/v2\/posts\/6108\/revisions\/6112"}],"wp:featuredmedia":[{"embeddable":true,"href":"https:\/\/pocinhos.pb.gov.br\/site\/wp-json\/wp\/v2\/media\/6111"}],"wp:attachment":[{"href":"https:\/\/pocinhos.pb.gov.br\/site\/wp-json\/wp\/v2\/media?parent=6108"}],"wp:term":[{"taxonomy":"category","embeddable":true,"href":"https:\/\/pocinhos.pb.gov.br\/site\/wp-json\/wp\/v2\/categories?post=6108"},{"taxonomy":"post_tag","embeddable":true,"href":"https:\/\/pocinhos.pb.gov.br\/site\/wp-json\/wp\/v2\/tags?post=6108"}],"curies":[{"name":"wp","href":"https:\/\/api.w.org\/{rel}","templated":true}]}}