{"id":6159,"date":"2025-03-05T14:20:05","date_gmt":"2025-03-05T14:20:05","guid":{"rendered":"https:\/\/pocinhos.pb.gov.br\/site\/?p=6159"},"modified":"2025-03-26T18:19:00","modified_gmt":"2025-03-26T18:19:00","slug":"pocinhos-folia-2025-uma-festa-de-resgate-e-alegria-para-todos","status":"publish","type":"post","link":"https:\/\/pocinhos.pb.gov.br\/site\/pocinhos-folia-2025-uma-festa-de-resgate-e-alegria-para-todos\/","title":{"rendered":"Pocinhos Folia 2025: Uma Festa de Resgate e Alegria para Todos"},"content":{"rendered":"<p data-start=\"137\" data-end=\"503\">Nos dias 1, 2, 3 e 4 de mar\u00e7o, Pocinhos viveu a magia do Carnaval com a realiza\u00e7\u00e3o do <strong data-start=\"223\" data-end=\"246\">Pocinhos Folia 2025<\/strong>, evento promovido pela Prefeitura de Pocinhos, com o objetivo de resgatar e celebrar a tradi\u00e7\u00e3o carnavalesca da cidade. Em sua segunda edi\u00e7\u00e3o, a festa trouxe alegria e divers\u00e3o para os foli\u00f5es de todas as idades, com atra\u00e7\u00f5es diversificadas e de qualidade.<\/p>\n<p data-start=\"505\" data-end=\"710\">Nos dias 1 e 2, a festa come\u00e7ou mais cedo com o <strong data-start=\"553\" data-end=\"575\">Esquenta MELA MELA<\/strong>, realizado \u00e0s 12h na Pra\u00e7a C\u00f4nego Pequeno, comandado pela Orquestra Frevo Mania, aquecendo os foli\u00f5es para a noite que estava por vir.<\/p>\n<p data-start=\"712\" data-end=\"763\">Confira as atra\u00e7\u00f5es que agitaram cada dia de festa:<\/p>\n<p data-start=\"765\" data-end=\"775\"><strong data-start=\"765\" data-end=\"775\">Dia 1:<\/strong><\/p>\n<ul data-start=\"776\" data-end=\"820\">\n<li data-start=\"776\" data-end=\"789\">Diogo Cirne<\/li>\n<li data-start=\"790\" data-end=\"806\">F\u00e1bio e Eliana<\/li>\n<li data-start=\"807\" data-end=\"820\">Cana Baiana<\/li>\n<\/ul>\n<p data-start=\"822\" data-end=\"832\"><strong data-start=\"822\" data-end=\"832\">Dia 2:<\/strong><\/p>\n<ul data-start=\"833\" data-end=\"876\">\n<li data-start=\"833\" data-end=\"847\">Stella Alves<\/li>\n<li data-start=\"848\" data-end=\"860\">O Sombrero<\/li>\n<li data-start=\"861\" data-end=\"876\">Fernanda Lima<\/li>\n<\/ul>\n<p data-start=\"878\" data-end=\"888\"><strong data-start=\"878\" data-end=\"888\">Dia 3:<\/strong><\/p>\n<ul data-start=\"889\" data-end=\"937\">\n<li data-start=\"889\" data-end=\"904\">Emerson Reall<\/li>\n<li data-start=\"905\" data-end=\"921\">Nic\u00e1cia Brasil<\/li>\n<li data-start=\"922\" data-end=\"937\">William Farra<\/li>\n<\/ul>\n<p data-start=\"939\" data-end=\"949\"><strong data-start=\"939\" data-end=\"949\">Dia 4:<\/strong><\/p>\n<ul data-start=\"950\" data-end=\"1010\">\n<li data-start=\"950\" data-end=\"965\">Sensualizarth<\/li>\n<li data-start=\"966\" data-end=\"991\">Barbosinha Batida Massa<\/li>\n<li data-start=\"992\" data-end=\"1010\">Farra Estilizada<\/li>\n<\/ul>\n<p data-start=\"1012\" data-end=\"1356\">Al\u00e9m de resgatar as tradi\u00e7\u00f5es carnavalescas, o Pocinhos Folia 2025 tamb\u00e9m foi uma excelente oportunidade para reunir amigos e fam\u00edlias em um evento seguro e de muita divers\u00e3o. A festa foi um sucesso e j\u00e1 est\u00e1 marcada como um dos maiores destaques do calend\u00e1rio cultural de Pocinhos, se consolidando como um evento imperd\u00edvel para o pr\u00f3ximo ano.<\/p>\n<p data-start=\"1358\" data-end=\"1486\">A Prefeitura de Pocinhos agradece a todos que participaram, colaboraram e tornaram o Pocinhos Folia 2025 um evento inesquec\u00edvel!<\/p>\n","protected":false},"excerpt":{"rendered":"<p>Nos dias 1, 2, 3 e 4 de mar\u00e7o, Pocinhos viveu a magia do Carnaval com a realiza\u00e7\u00e3o do Pocinhos Folia 2025, evento promovido pela Prefeitura de Pocinhos, com o objetivo de resgatar e celebrar a tradi\u00e7\u00e3o carnavalesca da cidade. Em sua segunda edi\u00e7\u00e3o, a festa trouxe alegria e divers\u00e3o para os foli\u00f5es de todas&#8230;<\/p>\n","protected":false},"author":4,"featured_media":6160,"comment_status":"closed","ping_status":"open","sticky":false,"template":"","format":"standard","meta":{"footnotes":""},"categories":[2,1],"tags":[],"class_list":["post-6159","post","type-post","status-publish","format-standard","has-post-thumbnail","hentry","category-noticias","category-uncategorized"],"aioseo_notices":[],"_links":{"self":[{"href":"https:\/\/pocinhos.pb.gov.br\/site\/wp-json\/wp\/v2\/posts\/6159","targetHints":{"allow":["GET"]}}],"collection":[{"href":"https:\/\/pocinhos.pb.gov.br\/site\/wp-json\/wp\/v2\/posts"}],"about":[{"href":"https:\/\/pocinhos.pb.gov.br\/site\/wp-json\/wp\/v2\/types\/post"}],"author":[{"embeddable":true,"href":"https:\/\/pocinhos.pb.gov.br\/site\/wp-json\/wp\/v2\/users\/4"}],"replies":[{"embeddable":true,"href":"https:\/\/pocinhos.pb.gov.br\/site\/wp-json\/wp\/v2\/comments?post=6159"}],"version-history":[{"count":2,"href":"https:\/\/pocinhos.pb.gov.br\/site\/wp-json\/wp\/v2\/posts\/6159\/revisions"}],"predecessor-version":[{"id":6180,"href":"https:\/\/pocinhos.pb.gov.br\/site\/wp-json\/wp\/v2\/posts\/6159\/revisions\/6180"}],"wp:featuredmedia":[{"embeddable":true,"href":"https:\/\/pocinhos.pb.gov.br\/site\/wp-json\/wp\/v2\/media\/6160"}],"wp:attachment":[{"href":"https:\/\/pocinhos.pb.gov.br\/site\/wp-json\/wp\/v2\/media?parent=6159"}],"wp:term":[{"taxonomy":"category","embeddable":true,"href":"https:\/\/pocinhos.pb.gov.br\/site\/wp-json\/wp\/v2\/categories?post=6159"},{"taxonomy":"post_tag","embeddable":true,"href":"https:\/\/pocinhos.pb.gov.br\/site\/wp-json\/wp\/v2\/tags?post=6159"}],"curies":[{"name":"wp","href":"https:\/\/api.w.org\/{rel}","templated":true}]}}