{"id":6181,"date":"2025-03-24T18:11:31","date_gmt":"2025-03-24T18:11:31","guid":{"rendered":"https:\/\/pocinhos.pb.gov.br\/site\/?p=6181"},"modified":"2025-03-26T18:18:15","modified_gmt":"2025-03-26T18:18:15","slug":"inauguracao-das-pracas-do-sitio-raposa-e-sitio-tanques-celebra-convivencia-e-qualidade-de-vida","status":"publish","type":"post","link":"https:\/\/pocinhos.pb.gov.br\/site\/inauguracao-das-pracas-do-sitio-raposa-e-sitio-tanques-celebra-convivencia-e-qualidade-de-vida\/","title":{"rendered":"Inaugura\u00e7\u00e3o das Pra\u00e7as do S\u00edtio Raposa e S\u00edtio Tanques celebra conviv\u00eancia e qualidade de vida"},"content":{"rendered":"<p data-start=\"173\" data-end=\"571\">No \u00faltimo domingo (23), a Prefeitura de Pocinhos realizou a inaugura\u00e7\u00e3o oficial das pra\u00e7as dos <strong data-start=\"268\" data-end=\"295\">S\u00edtios Raposa e Tanques<\/strong>, consolidando esses espa\u00e7os como verdadeiros pontos de encontro e lazer para a comunidade. O evento contou com a presen\u00e7a da prefeita <strong data-start=\"430\" data-end=\"448\">Eliane Galdino<\/strong>, do deputado estadual <strong data-start=\"471\" data-end=\"490\">Adriano Galdino<\/strong>, al\u00e9m de <strong data-start=\"500\" data-end=\"548\">secret\u00e1rios da gest\u00e3o municipal e vereadores<\/strong> da C\u00e2mara Municipal.<\/p>\n<p data-start=\"573\" data-end=\"887\">As pra\u00e7as, que h\u00e1 tempos j\u00e1 v\u00eam sendo utilizadas pela popula\u00e7\u00e3o, foram exaltadas pelos moradores como <strong data-start=\"675\" data-end=\"701\">\u201crealiza\u00e7\u00e3o de sonhos\u201d<\/strong> e <strong data-start=\"704\" data-end=\"733\">\u201cpequenos peda\u00e7os do c\u00e9u\u201d<\/strong> dentro das comunidades. Elas refor\u00e7am o compromisso da gest\u00e3o municipal em levar mais qualidade de vida, bem-estar e espa\u00e7os de conviv\u00eancia para todos.<\/p>\n<h3 data-start=\"889\" data-end=\"945\"><strong data-start=\"893\" data-end=\"943\">S\u00edtio Raposa: um espa\u00e7o de lazer e aprendizado<\/strong><\/h3>\n<p data-start=\"946\" data-end=\"1327\">Al\u00e9m de ser um local de encontro e socializa\u00e7\u00e3o, a pra\u00e7a do <strong data-start=\"1006\" data-end=\"1022\">S\u00edtio Raposa<\/strong> j\u00e1 se tornou um ponto de incentivo ao esporte e ao desenvolvimento intelectual. Jovens da comunidade v\u00eam utilizando o espa\u00e7o para treinar para o <strong data-start=\"1168\" data-end=\"1201\">Campeonato Estadual de Xadrez<\/strong>, que acontecer\u00e1 em Jo\u00e3o Pessoa, demonstrando como a infraestrutura p\u00fablica pode transformar vidas e abrir novos horizontes.<\/p>\n<h3 data-start=\"1329\" data-end=\"1391\"><strong data-start=\"1333\" data-end=\"1389\">S\u00edtio Tanques: homenagem e emo\u00e7\u00e3o marcam inaugura\u00e7\u00e3o<\/strong><\/h3>\n<p data-start=\"1392\" data-end=\"1713\">A pra\u00e7a do <strong data-start=\"1403\" data-end=\"1420\">S\u00edtio Tanques<\/strong> foi inaugurada com uma emocionante homenagem \u00e0 <strong data-start=\"1468\" data-end=\"1484\">Dona Vaninha<\/strong>, uma mulher doce e de cora\u00e7\u00e3o gigante, que dedicou sua vida a cuidar do pr\u00f3ximo e levar a palavra de Deus ao mundo. Seu nome agora eterniza um espa\u00e7o de acolhimento e uni\u00e3o, simbolizando os valores que sempre defendeu em vida.<\/p>\n<h3 data-start=\"1715\" data-end=\"1748\"><strong data-start=\"1719\" data-end=\"1746\">\u201cA prefeita das pra\u00e7as\u201d<\/strong><\/h3>\n<p data-start=\"1749\" data-end=\"1891\">Em seu discurso, a prefeita <strong data-start=\"1777\" data-end=\"1795\">Eliane Galdino<\/strong> destacou o orgulho de ver Pocinhos se tornando uma cidade cada vez mais estruturada e humana.<\/p>\n<p data-start=\"1893\" data-end=\"2196\"><em data-start=\"1893\" data-end=\"2184\">&#8220;Se ser chamada de prefeita das pra\u00e7as significa entregar espa\u00e7os que representam qualidade de vida, sa\u00fade f\u00edsica e mental para a popula\u00e7\u00e3o, ent\u00e3o eu recebo esse t\u00edtulo com muita honra. Cada pra\u00e7a inaugurada \u00e9 um presente para nossa cidade e um compromisso cumprido com o povo de Pocinhos\u201d<\/em>, afirmou.<\/p>\n<p data-start=\"2198\" data-end=\"2426\">Com mais essa entrega, a gest\u00e3o municipal reafirma sua miss\u00e3o de promover o desenvolvimento das comunidades rurais e urbanas, garantindo que cada morador tenha acesso a espa\u00e7os p\u00fablicos dignos, seguros e cheios de significado.<\/p>\n<p data-start=\"2428\" data-end=\"2504\"><strong data-start=\"2428\" data-end=\"2502\">Prefeitura de Pocinhos \u2013 Trabalho e compromisso por uma cidade melhor!<\/strong><\/p>\n","protected":false},"excerpt":{"rendered":"<p>No \u00faltimo domingo (23), a Prefeitura de Pocinhos realizou a inaugura\u00e7\u00e3o oficial das pra\u00e7as dos S\u00edtios Raposa e Tanques, consolidando esses espa\u00e7os como verdadeiros pontos de encontro e lazer para a comunidade. O evento contou com a presen\u00e7a da prefeita Eliane Galdino, do deputado estadual Adriano Galdino, al\u00e9m de secret\u00e1rios da gest\u00e3o municipal e vereadores&#8230;<\/p>\n","protected":false},"author":4,"featured_media":6182,"comment_status":"closed","ping_status":"open","sticky":false,"template":"","format":"standard","meta":{"footnotes":""},"categories":[2],"tags":[],"class_list":["post-6181","post","type-post","status-publish","format-standard","has-post-thumbnail","hentry","category-noticias"],"aioseo_notices":[],"_links":{"self":[{"href":"https:\/\/pocinhos.pb.gov.br\/site\/wp-json\/wp\/v2\/posts\/6181","targetHints":{"allow":["GET"]}}],"collection":[{"href":"https:\/\/pocinhos.pb.gov.br\/site\/wp-json\/wp\/v2\/posts"}],"about":[{"href":"https:\/\/pocinhos.pb.gov.br\/site\/wp-json\/wp\/v2\/types\/post"}],"author":[{"embeddable":true,"href":"https:\/\/pocinhos.pb.gov.br\/site\/wp-json\/wp\/v2\/users\/4"}],"replies":[{"embeddable":true,"href":"https:\/\/pocinhos.pb.gov.br\/site\/wp-json\/wp\/v2\/comments?post=6181"}],"version-history":[{"count":1,"href":"https:\/\/pocinhos.pb.gov.br\/site\/wp-json\/wp\/v2\/posts\/6181\/revisions"}],"predecessor-version":[{"id":6183,"href":"https:\/\/pocinhos.pb.gov.br\/site\/wp-json\/wp\/v2\/posts\/6181\/revisions\/6183"}],"wp:featuredmedia":[{"embeddable":true,"href":"https:\/\/pocinhos.pb.gov.br\/site\/wp-json\/wp\/v2\/media\/6182"}],"wp:attachment":[{"href":"https:\/\/pocinhos.pb.gov.br\/site\/wp-json\/wp\/v2\/media?parent=6181"}],"wp:term":[{"taxonomy":"category","embeddable":true,"href":"https:\/\/pocinhos.pb.gov.br\/site\/wp-json\/wp\/v2\/categories?post=6181"},{"taxonomy":"post_tag","embeddable":true,"href":"https:\/\/pocinhos.pb.gov.br\/site\/wp-json\/wp\/v2\/tags?post=6181"}],"curies":[{"name":"wp","href":"https:\/\/api.w.org\/{rel}","templated":true}]}}