{"id":6208,"date":"2025-04-04T14:49:58","date_gmt":"2025-04-04T14:49:58","guid":{"rendered":"https:\/\/pocinhos.pb.gov.br\/site\/?p=6208"},"modified":"2025-04-04T14:51:58","modified_gmt":"2025-04-04T14:51:58","slug":"pocinhos-celebra-o-cinema-com-a-1a-edicao-do-festcine-pocinhos","status":"publish","type":"post","link":"https:\/\/pocinhos.pb.gov.br\/site\/pocinhos-celebra-o-cinema-com-a-1a-edicao-do-festcine-pocinhos\/","title":{"rendered":"Pocinhos celebra o cinema com a 1\u00aa edi\u00e7\u00e3o do Festcine Pocinhos"},"content":{"rendered":"<p><img fetchpriority=\"high\" decoding=\"async\" class=\"alignnone size-medium wp-image-6211\" src=\"https:\/\/pocinhos.pb.gov.br\/site\/wp-content\/uploads\/2025\/04\/IMG-20250404-WA0073-200x300.jpg\" alt=\"\" width=\"200\" height=\"300\" srcset=\"https:\/\/pocinhos.pb.gov.br\/site\/wp-content\/uploads\/2025\/04\/IMG-20250404-WA0073-200x300.jpg 200w, https:\/\/pocinhos.pb.gov.br\/site\/wp-content\/uploads\/2025\/04\/IMG-20250404-WA0073.jpg 428w\" sizes=\"(max-width: 200px) 100vw, 200px\" \/> <img decoding=\"async\" class=\"alignnone size-medium wp-image-6212\" src=\"https:\/\/pocinhos.pb.gov.br\/site\/wp-content\/uploads\/2025\/04\/IMG-20250404-WA0069-200x300.jpg\" alt=\"\" width=\"200\" height=\"300\" srcset=\"https:\/\/pocinhos.pb.gov.br\/site\/wp-content\/uploads\/2025\/04\/IMG-20250404-WA0069-200x300.jpg 200w, https:\/\/pocinhos.pb.gov.br\/site\/wp-content\/uploads\/2025\/04\/IMG-20250404-WA0069.jpg 428w\" sizes=\"(max-width: 200px) 100vw, 200px\" \/> <img decoding=\"async\" class=\"alignnone size-medium wp-image-6213\" src=\"https:\/\/pocinhos.pb.gov.br\/site\/wp-content\/uploads\/2025\/04\/IMG-20250404-WA0070-200x300.jpg\" alt=\"\" width=\"200\" height=\"300\" srcset=\"https:\/\/pocinhos.pb.gov.br\/site\/wp-content\/uploads\/2025\/04\/IMG-20250404-WA0070-200x300.jpg 200w, https:\/\/pocinhos.pb.gov.br\/site\/wp-content\/uploads\/2025\/04\/IMG-20250404-WA0070.jpg 428w\" sizes=\"(max-width: 200px) 100vw, 200px\" \/> <img loading=\"lazy\" decoding=\"async\" class=\"alignnone size-medium wp-image-6214\" src=\"https:\/\/pocinhos.pb.gov.br\/site\/wp-content\/uploads\/2025\/04\/IMG-20250404-WA0071-200x300.jpg\" alt=\"\" width=\"200\" height=\"300\" srcset=\"https:\/\/pocinhos.pb.gov.br\/site\/wp-content\/uploads\/2025\/04\/IMG-20250404-WA0071-200x300.jpg 200w, https:\/\/pocinhos.pb.gov.br\/site\/wp-content\/uploads\/2025\/04\/IMG-20250404-WA0071.jpg 428w\" sizes=\"(max-width: 200px) 100vw, 200px\" \/> <img loading=\"lazy\" decoding=\"async\" class=\"alignnone size-medium wp-image-6215\" src=\"https:\/\/pocinhos.pb.gov.br\/site\/wp-content\/uploads\/2025\/04\/IMG-20250404-WA0072-200x300.jpg\" alt=\"\" width=\"200\" height=\"300\" srcset=\"https:\/\/pocinhos.pb.gov.br\/site\/wp-content\/uploads\/2025\/04\/IMG-20250404-WA0072-200x300.jpg 200w, https:\/\/pocinhos.pb.gov.br\/site\/wp-content\/uploads\/2025\/04\/IMG-20250404-WA0072.jpg 428w\" sizes=\"(max-width: 200px) 100vw, 200px\" \/>De 07 a 12 de abril, a cidade de Pocinhos-PB ser\u00e1 palco da 1\u00aa edi\u00e7\u00e3o do Festcine Pocinhos, um festival totalmente dedicado \u00e0 s\u00e9tima arte, que promete movimentar a cena cultural local e valorizar os talentos da terra. Realizado pela A2 Multim\u00eddia, sob coordena\u00e7\u00e3o de Eduardo Ara\u00fajo, e com Co-Produ\u00e7\u00e3o da Carcar\u00e1 Produ\u00e7\u00f5es Culturais, o evento traz uma programa\u00e7\u00e3o intensa e diversificada.<\/p>\n<p>Ao longo dos seis dias de festival, o p\u00fablico poder\u00e1 participar de oficinas, debates e mostras cinematogr\u00e1ficas, com destaque para a Mostra Para\u00edba, que homenageia a produ\u00e7\u00e3o audiovisual do estado. Um dos momentos mais esperados ser\u00e1 o debate com importantes nomes do cinema paraibano: Torquato Joel, Ed. J\u00fanior e Ismael Moura, que compartilhar\u00e3o suas experi\u00eancias e vis\u00f5es sobre o cinema contempor\u00e2neo.<\/p>\n<p>A culmin\u00e2ncia do festival acontece com a exibi\u00e7\u00e3o de cinco produ\u00e7\u00f5es in\u00e9ditas de cineastas pocinhenses, todas realizadas com recursos da Lei Paulo Gustavo, do Governo Federal, sob gest\u00e3o da Prefeitura de Pocinhos, atrav\u00e9s da Secretaria de Cultura e Esporte de Pocinhos.<\/p>\n<p>&#8211; Vamos vivendo como Deus quer, de Danilo Agripino<br \/>\n&#8211; Indel\u00e9vel Mem\u00f3ria de Ant\u00f4nio Adri\u00e3o, de Dem\u00e9trio Soares<br \/>\n&#8211; Fatos e Boatos, de V\u00edtor Emanoel<br \/>\n&#8211; Maria Monteiro, de Ian Tavares<br \/>\n&#8211; Cine S\u00e3o Jos\u00e9, de Eduardo Ara\u00fajo<\/p>\n<p>As obras revelam a for\u00e7a e sensibilidade do olhar art\u00edstico local, abordando temas diversos e relevantes para a hist\u00f3ria, a mem\u00f3ria e o imagin\u00e1rio do povo pocinhense.<\/p>\n<p>O Festcine Pocinhos \u00e9 mais do que um festival de cinema: \u00e9 um espa\u00e7o de encontro, forma\u00e7\u00e3o, troca de saberes e valoriza\u00e7\u00e3o da identidade cultural do munic\u00edpio.<\/p>\n<p>Mais informa\u00e7\u00f5es e atualiza\u00e7\u00f5es sobre a programa\u00e7\u00e3o est\u00e3o dispon\u00edveis no Instagram oficial: [@festcinepocinhos]<\/p>\n<p>&nbsp;<\/p>\n","protected":false},"excerpt":{"rendered":"<p>De 07 a 12 de abril, a cidade de Pocinhos-PB ser\u00e1 palco da 1\u00aa edi\u00e7\u00e3o do Festcine Pocinhos, um festival totalmente dedicado \u00e0 s\u00e9tima arte, que promete movimentar a cena cultural local e valorizar os talentos da terra. Realizado pela A2 Multim\u00eddia, sob coordena\u00e7\u00e3o de Eduardo Ara\u00fajo, e com Co-Produ\u00e7\u00e3o da Carcar\u00e1 Produ\u00e7\u00f5es Culturais, o&#8230;<\/p>\n","protected":false},"author":4,"featured_media":6209,"comment_status":"closed","ping_status":"open","sticky":false,"template":"","format":"standard","meta":{"footnotes":""},"categories":[2],"tags":[],"class_list":["post-6208","post","type-post","status-publish","format-standard","has-post-thumbnail","hentry","category-noticias"],"aioseo_notices":[],"_links":{"self":[{"href":"https:\/\/pocinhos.pb.gov.br\/site\/wp-json\/wp\/v2\/posts\/6208","targetHints":{"allow":["GET"]}}],"collection":[{"href":"https:\/\/pocinhos.pb.gov.br\/site\/wp-json\/wp\/v2\/posts"}],"about":[{"href":"https:\/\/pocinhos.pb.gov.br\/site\/wp-json\/wp\/v2\/types\/post"}],"author":[{"embeddable":true,"href":"https:\/\/pocinhos.pb.gov.br\/site\/wp-json\/wp\/v2\/users\/4"}],"replies":[{"embeddable":true,"href":"https:\/\/pocinhos.pb.gov.br\/site\/wp-json\/wp\/v2\/comments?post=6208"}],"version-history":[{"count":2,"href":"https:\/\/pocinhos.pb.gov.br\/site\/wp-json\/wp\/v2\/posts\/6208\/revisions"}],"predecessor-version":[{"id":6216,"href":"https:\/\/pocinhos.pb.gov.br\/site\/wp-json\/wp\/v2\/posts\/6208\/revisions\/6216"}],"wp:featuredmedia":[{"embeddable":true,"href":"https:\/\/pocinhos.pb.gov.br\/site\/wp-json\/wp\/v2\/media\/6209"}],"wp:attachment":[{"href":"https:\/\/pocinhos.pb.gov.br\/site\/wp-json\/wp\/v2\/media?parent=6208"}],"wp:term":[{"taxonomy":"category","embeddable":true,"href":"https:\/\/pocinhos.pb.gov.br\/site\/wp-json\/wp\/v2\/categories?post=6208"},{"taxonomy":"post_tag","embeddable":true,"href":"https:\/\/pocinhos.pb.gov.br\/site\/wp-json\/wp\/v2\/tags?post=6208"}],"curies":[{"name":"wp","href":"https:\/\/api.w.org\/{rel}","templated":true}]}}