{"id":6365,"date":"2025-05-23T18:21:07","date_gmt":"2025-05-23T18:21:07","guid":{"rendered":"https:\/\/pocinhos.pb.gov.br\/site\/?p=6365"},"modified":"2025-05-26T18:23:33","modified_gmt":"2025-05-26T18:23:33","slug":"prefeitura-de-pocinhos-assina-construcao-de-27-casas-pelo-programa-minha-casa-minha-vida-rural","status":"publish","type":"post","link":"https:\/\/pocinhos.pb.gov.br\/site\/prefeitura-de-pocinhos-assina-construcao-de-27-casas-pelo-programa-minha-casa-minha-vida-rural\/","title":{"rendered":"Prefeitura de Pocinhos assina constru\u00e7\u00e3o de 27 casas pelo programa Minha Casa Minha Vida Rural"},"content":{"rendered":"<p data-start=\"216\" data-end=\"490\">Na \u00faltima sexta-feira (16), a Prefeitura de Pocinhos deu mais um importante passo em dire\u00e7\u00e3o \u00e0 garantia do direito \u00e0 moradia para a popula\u00e7\u00e3o rural do munic\u00edpio. Foi assinada a ordem de servi\u00e7o para a constru\u00e7\u00e3o de 27 casas, por meio do programa Minha Casa Minha Vida Rural.<\/p>\n<p data-start=\"492\" data-end=\"843\">A a\u00e7\u00e3o representa uma grande conquista para as fam\u00edlias beneficiadas, levando mais dignidade, seguran\u00e7a e qualidade de vida a quem mais precisa. O projeto \u00e9 fruto do empenho da gest\u00e3o municipal, por meio da Secretaria de Assist\u00eancia Social, em parceria com a Uni\u00e3o Popular, que tem atuado ativamente na luta por moradia para os trabalhadores do campo.<\/p>\n<p data-start=\"845\" data-end=\"1098\">Com a assinatura da ordem de servi\u00e7o, o sonho da casa pr\u00f3pria come\u00e7a a se tornar realidade para dezenas de pocinhenses. A iniciativa reafirma o compromisso da gest\u00e3o em promover justi\u00e7a social e transformar vidas por meio de pol\u00edticas p\u00fablicas efetivas.<\/p>\n<p data-start=\"1100\" data-end=\"1321\"><strong data-start=\"1100\" data-end=\"1285\">\u201cSeguimos trabalhando para garantir melhores condi\u00e7\u00f5es de vida para o nosso povo. Cada casa constru\u00edda \u00e9 mais do que um im\u00f3vel: \u00e9 um lar, uma conquista, uma vida que se transforma\u201d,<\/strong> destacou a prefeita Eliane Galdino.<\/p>\n<p data-start=\"1323\" data-end=\"1449\">A Prefeitura de Pocinhos segue firme no prop\u00f3sito de construir uma cidade cada vez mais justa, humana e acolhedora para todos.<\/p>\n","protected":false},"excerpt":{"rendered":"<p>Na \u00faltima sexta-feira (16), a Prefeitura de Pocinhos deu mais um importante passo em dire\u00e7\u00e3o \u00e0 garantia do direito \u00e0 moradia para a popula\u00e7\u00e3o rural do munic\u00edpio. Foi assinada a ordem de servi\u00e7o para a constru\u00e7\u00e3o de 27 casas, por meio do programa Minha Casa Minha Vida Rural. A a\u00e7\u00e3o representa uma grande conquista para&#8230;<\/p>\n","protected":false},"author":4,"featured_media":6366,"comment_status":"closed","ping_status":"open","sticky":false,"template":"","format":"standard","meta":{"footnotes":""},"categories":[2],"tags":[],"class_list":["post-6365","post","type-post","status-publish","format-standard","has-post-thumbnail","hentry","category-noticias"],"aioseo_notices":[],"_links":{"self":[{"href":"https:\/\/pocinhos.pb.gov.br\/site\/wp-json\/wp\/v2\/posts\/6365","targetHints":{"allow":["GET"]}}],"collection":[{"href":"https:\/\/pocinhos.pb.gov.br\/site\/wp-json\/wp\/v2\/posts"}],"about":[{"href":"https:\/\/pocinhos.pb.gov.br\/site\/wp-json\/wp\/v2\/types\/post"}],"author":[{"embeddable":true,"href":"https:\/\/pocinhos.pb.gov.br\/site\/wp-json\/wp\/v2\/users\/4"}],"replies":[{"embeddable":true,"href":"https:\/\/pocinhos.pb.gov.br\/site\/wp-json\/wp\/v2\/comments?post=6365"}],"version-history":[{"count":1,"href":"https:\/\/pocinhos.pb.gov.br\/site\/wp-json\/wp\/v2\/posts\/6365\/revisions"}],"predecessor-version":[{"id":6367,"href":"https:\/\/pocinhos.pb.gov.br\/site\/wp-json\/wp\/v2\/posts\/6365\/revisions\/6367"}],"wp:featuredmedia":[{"embeddable":true,"href":"https:\/\/pocinhos.pb.gov.br\/site\/wp-json\/wp\/v2\/media\/6366"}],"wp:attachment":[{"href":"https:\/\/pocinhos.pb.gov.br\/site\/wp-json\/wp\/v2\/media?parent=6365"}],"wp:term":[{"taxonomy":"category","embeddable":true,"href":"https:\/\/pocinhos.pb.gov.br\/site\/wp-json\/wp\/v2\/categories?post=6365"},{"taxonomy":"post_tag","embeddable":true,"href":"https:\/\/pocinhos.pb.gov.br\/site\/wp-json\/wp\/v2\/tags?post=6365"}],"curies":[{"name":"wp","href":"https:\/\/api.w.org\/{rel}","templated":true}]}}