{"id":6371,"date":"2025-05-25T18:27:56","date_gmt":"2025-05-25T18:27:56","guid":{"rendered":"https:\/\/pocinhos.pb.gov.br\/site\/?p=6371"},"modified":"2025-05-26T18:30:03","modified_gmt":"2025-05-26T18:30:03","slug":"judo-de-pocinhos-se-destaca-no-estadual-com-19-medalhas","status":"publish","type":"post","link":"https:\/\/pocinhos.pb.gov.br\/site\/judo-de-pocinhos-se-destaca-no-estadual-com-19-medalhas\/","title":{"rendered":"Jud\u00f4 de Pocinhos se destaca no estadual com 19 medalhas"},"content":{"rendered":"<p data-start=\"153\" data-end=\"409\">A Prefeitura de Pocinhos, por meio das Secretarias de Cultura, Esporte e Educa\u00e7\u00e3o, celebra o excelente desempenho dos estudantes da Escola Municipal de Artes e do Ensino Integral no Meeting Estadual de Jud\u00f4, realizado no \u00faltimo s\u00e1bado (24), em Jo\u00e3o Pessoa.<\/p>\n<p data-start=\"411\" data-end=\"541\">Foram conquistadas 19 medalhas, resultado do talento, dedica\u00e7\u00e3o e investimento da gest\u00e3o municipal em educa\u00e7\u00e3o, cultura e esporte.<\/p>\n<p data-start=\"543\" data-end=\"566\">Confira os medalhistas:<\/p>\n<ul data-start=\"568\" data-end=\"927\">\n<li data-start=\"568\" data-end=\"648\">\n<p data-start=\"570\" data-end=\"648\">4 medalhas de ouro: Maike Santos, Maria Cec\u00edlia, Aldenize P\u00ea e Maria Vit\u00f3ria<\/p>\n<\/li>\n<li data-start=\"649\" data-end=\"760\">\n<p data-start=\"651\" data-end=\"760\">6 medalhas de prata: Isaac da Silva, Jennifer Lopes, Elton Raiffy, Mayla Rodrigues, Luiz Mois\u00e9s e Davi Luiz<\/p>\n<\/li>\n<li data-start=\"761\" data-end=\"927\">\n<p data-start=\"763\" data-end=\"927\">9 medalhas de bronze: Aldenize P\u00ea, Mayla Rodrigues, Vitor Emanuel, Jo\u00e3o Samuel, Kayo Gabriel, Ericka Hosana, Jordan de Oliveira, Gabriele Santos e Wallyson Rafael<\/p>\n<\/li>\n<\/ul>\n<p data-start=\"929\" data-end=\"1040\">A Prefeitura parabeniza tamb\u00e9m os senseis Thainar Costa, Maike Santos e Silva Meelo pela condu\u00e7\u00e3o dos projetos.<\/p>\n","protected":false},"excerpt":{"rendered":"<p>A Prefeitura de Pocinhos, por meio das Secretarias de Cultura, Esporte e Educa\u00e7\u00e3o, celebra o excelente desempenho dos estudantes da Escola Municipal de Artes e do Ensino Integral no Meeting Estadual de Jud\u00f4, realizado no \u00faltimo s\u00e1bado (24), em Jo\u00e3o Pessoa. Foram conquistadas 19 medalhas, resultado do talento, dedica\u00e7\u00e3o e investimento da gest\u00e3o municipal em&#8230;<\/p>\n","protected":false},"author":4,"featured_media":6372,"comment_status":"closed","ping_status":"open","sticky":false,"template":"","format":"standard","meta":{"footnotes":""},"categories":[2],"tags":[],"class_list":["post-6371","post","type-post","status-publish","format-standard","has-post-thumbnail","hentry","category-noticias"],"aioseo_notices":[],"_links":{"self":[{"href":"https:\/\/pocinhos.pb.gov.br\/site\/wp-json\/wp\/v2\/posts\/6371","targetHints":{"allow":["GET"]}}],"collection":[{"href":"https:\/\/pocinhos.pb.gov.br\/site\/wp-json\/wp\/v2\/posts"}],"about":[{"href":"https:\/\/pocinhos.pb.gov.br\/site\/wp-json\/wp\/v2\/types\/post"}],"author":[{"embeddable":true,"href":"https:\/\/pocinhos.pb.gov.br\/site\/wp-json\/wp\/v2\/users\/4"}],"replies":[{"embeddable":true,"href":"https:\/\/pocinhos.pb.gov.br\/site\/wp-json\/wp\/v2\/comments?post=6371"}],"version-history":[{"count":1,"href":"https:\/\/pocinhos.pb.gov.br\/site\/wp-json\/wp\/v2\/posts\/6371\/revisions"}],"predecessor-version":[{"id":6373,"href":"https:\/\/pocinhos.pb.gov.br\/site\/wp-json\/wp\/v2\/posts\/6371\/revisions\/6373"}],"wp:featuredmedia":[{"embeddable":true,"href":"https:\/\/pocinhos.pb.gov.br\/site\/wp-json\/wp\/v2\/media\/6372"}],"wp:attachment":[{"href":"https:\/\/pocinhos.pb.gov.br\/site\/wp-json\/wp\/v2\/media?parent=6371"}],"wp:term":[{"taxonomy":"category","embeddable":true,"href":"https:\/\/pocinhos.pb.gov.br\/site\/wp-json\/wp\/v2\/categories?post=6371"},{"taxonomy":"post_tag","embeddable":true,"href":"https:\/\/pocinhos.pb.gov.br\/site\/wp-json\/wp\/v2\/tags?post=6371"}],"curies":[{"name":"wp","href":"https:\/\/api.w.org\/{rel}","templated":true}]}}