{"id":6374,"date":"2025-05-26T18:33:02","date_gmt":"2025-05-26T18:33:02","guid":{"rendered":"https:\/\/pocinhos.pb.gov.br\/site\/?p=6374"},"modified":"2025-05-26T18:33:02","modified_gmt":"2025-05-26T18:33:02","slug":"pocinhos-domina-o-taekwondo-com-23-medalhas","status":"publish","type":"post","link":"https:\/\/pocinhos.pb.gov.br\/site\/pocinhos-domina-o-taekwondo-com-23-medalhas\/","title":{"rendered":"Pocinhos domina o Taekwondo com 23 medalhas!"},"content":{"rendered":"<p data-start=\"186\" data-end=\"407\">A Prefeitura de Pocinhos, por meio das Secretarias de Cultura, Esporte e Educa\u00e7\u00e3o, comemora o excelente desempenho dos atletas locais no Campeonato Paraibano de Taekwondo, realizado no \u00faltimo domingo (25), em Jo\u00e3o Pessoa.<\/p>\n<p data-start=\"409\" data-end=\"588\">Com garra, dedica\u00e7\u00e3o e talento, a equipe pocinhense conquistou um total de 23 medalhas \u2014 18 de ouro, 3 de prata e 2 de bronze \u2014 reafirmando o munic\u00edpio como refer\u00eancia no esporte.<\/p>\n<p data-start=\"590\" data-end=\"782\">Al\u00e9m das conquistas expressivas, o destaque fica para o pioneirismo dos atletas com autismo que participaram da competi\u00e7\u00e3o, mostrando que inclus\u00e3o e supera\u00e7\u00e3o caminham juntas no esporte local.<\/p>\n<p data-start=\"784\" data-end=\"830\">Confira os atletas que representaram a cidade:<\/p>\n<p data-start=\"832\" data-end=\"1139\"><strong data-start=\"832\" data-end=\"852\">Medalha de Ouro:<\/strong><br data-start=\"852\" data-end=\"855\" \/>Rinaldo Wagner, Cl\u00e1udio Henrique, Jonas Miguel, Daniele Moreira, D\u00e1rio David, Jucikelle Guimar\u00e3es, Alisson Da Silva, Evilyn Policarpo, Dafne Maria, Thaylany de Castro, Yonara Santiago, Yasmin Santana, Maria Elo\u00edsa, Jo\u00e3o Victor, Jo\u00e3o Pedro, \u00cdcaro Joaquim, Israel Neto e \u00c2ngelo Brand\u00e3o.<\/p>\n<p data-start=\"1141\" data-end=\"1219\"><strong data-start=\"1141\" data-end=\"1162\">Medalha de Prata:<\/strong><br data-start=\"1162\" data-end=\"1165\" \/>\u00cdtalo Gabriel, Felipe dos Santos e Estefany Rodrigues.<\/p>\n<p data-start=\"1221\" data-end=\"1275\"><strong data-start=\"1221\" data-end=\"1243\">Medalha de Bronze:<\/strong><br data-start=\"1243\" data-end=\"1246\" \/>Allan Porto e Kauan Oliveira.<\/p>\n<p data-start=\"1277\" data-end=\"1441\">O desempenho dos atletas reflete o esfor\u00e7o, a prepara\u00e7\u00e3o e o apoio integral da Prefeitura, que refor\u00e7a o compromisso com o incentivo ao esporte e a inclus\u00e3o social.<\/p>\n<p data-start=\"1443\" data-end=\"1541\">A Prefeitura parabeniza tamb\u00e9m os professores Rinaldo Wagner e Ricardo pela condu\u00e7\u00e3o dos projetos.<\/p>\n<p data-start=\"1543\" data-end=\"1660\">Pocinhos segue como destaque no esporte paraibano, valorizando o talento, a diversidade e o potencial de seus jovens.<\/p>\n","protected":false},"excerpt":{"rendered":"<p>A Prefeitura de Pocinhos, por meio das Secretarias de Cultura, Esporte e Educa\u00e7\u00e3o, comemora o excelente desempenho dos atletas locais no Campeonato Paraibano de Taekwondo, realizado no \u00faltimo domingo (25), em Jo\u00e3o Pessoa. Com garra, dedica\u00e7\u00e3o e talento, a equipe pocinhense conquistou um total de 23 medalhas \u2014 18 de ouro, 3 de prata e&#8230;<\/p>\n","protected":false},"author":4,"featured_media":6375,"comment_status":"closed","ping_status":"open","sticky":false,"template":"","format":"standard","meta":{"footnotes":""},"categories":[2],"tags":[],"class_list":["post-6374","post","type-post","status-publish","format-standard","has-post-thumbnail","hentry","category-noticias"],"aioseo_notices":[],"_links":{"self":[{"href":"https:\/\/pocinhos.pb.gov.br\/site\/wp-json\/wp\/v2\/posts\/6374","targetHints":{"allow":["GET"]}}],"collection":[{"href":"https:\/\/pocinhos.pb.gov.br\/site\/wp-json\/wp\/v2\/posts"}],"about":[{"href":"https:\/\/pocinhos.pb.gov.br\/site\/wp-json\/wp\/v2\/types\/post"}],"author":[{"embeddable":true,"href":"https:\/\/pocinhos.pb.gov.br\/site\/wp-json\/wp\/v2\/users\/4"}],"replies":[{"embeddable":true,"href":"https:\/\/pocinhos.pb.gov.br\/site\/wp-json\/wp\/v2\/comments?post=6374"}],"version-history":[{"count":1,"href":"https:\/\/pocinhos.pb.gov.br\/site\/wp-json\/wp\/v2\/posts\/6374\/revisions"}],"predecessor-version":[{"id":6376,"href":"https:\/\/pocinhos.pb.gov.br\/site\/wp-json\/wp\/v2\/posts\/6374\/revisions\/6376"}],"wp:featuredmedia":[{"embeddable":true,"href":"https:\/\/pocinhos.pb.gov.br\/site\/wp-json\/wp\/v2\/media\/6375"}],"wp:attachment":[{"href":"https:\/\/pocinhos.pb.gov.br\/site\/wp-json\/wp\/v2\/media?parent=6374"}],"wp:term":[{"taxonomy":"category","embeddable":true,"href":"https:\/\/pocinhos.pb.gov.br\/site\/wp-json\/wp\/v2\/categories?post=6374"},{"taxonomy":"post_tag","embeddable":true,"href":"https:\/\/pocinhos.pb.gov.br\/site\/wp-json\/wp\/v2\/tags?post=6374"}],"curies":[{"name":"wp","href":"https:\/\/api.w.org\/{rel}","templated":true}]}}