{"id":6377,"date":"2025-05-22T19:04:38","date_gmt":"2025-05-22T19:04:38","guid":{"rendered":"https:\/\/pocinhos.pb.gov.br\/site\/?p=6377"},"modified":"2025-05-26T19:07:04","modified_gmt":"2025-05-26T19:07:04","slug":"eliane-galdino-participa-de-sessao-especial-na-camara-dos-deputados-em-homenagem-aos-160-anos-de-epitacio-pessoa","status":"publish","type":"post","link":"https:\/\/pocinhos.pb.gov.br\/site\/eliane-galdino-participa-de-sessao-especial-na-camara-dos-deputados-em-homenagem-aos-160-anos-de-epitacio-pessoa\/","title":{"rendered":"Eliane Galdino participa de sess\u00e3o especial na C\u00e2mara dos Deputados em homenagem aos 160 anos de Epit\u00e1cio Pessoa"},"content":{"rendered":"<p>Nesta quinta-feira (22), a Prefeita Eliane Galdino participou juntamente a demais autoridades de uma sess\u00e3o especial do Senado Federal, em comemora\u00e7\u00e3o dos 160 anos de nascimento de Epit\u00e1cio Pessoa, que se estivesse vivo completaria mais um ano de vida nesta sexta-feira, 23 de Maio de 2025.<\/p>\n<p>A atual prefeita do munic\u00edpio, esteve presente na sess\u00e3o ao lado de seu marido, o presidente da Assembleia Legislativa da Para\u00edba (ALPB), Adriano Galdino.<\/p>\n<p>Eliane destacou a import\u00e2ncia hist\u00f3rica de um momento como este, \u201cEssa sess\u00e3o representa acima de tudo a import\u00e2ncia e o simbolismo que Epit\u00e1cio Pessoa tem para os brasileiros e o maior exemplo disso \u00e9 estarmos neste momento, comemorando os 160 anos de nascimento dele, que foi o \u00fanico presidente paraibano do nosso pa\u00eds\u201d.<\/p>\n<p>Epit\u00e1cio Pessoa foi presidente do Brasil entre os anos de 1919 a 1922, sua presid\u00eancia passou pelo per\u00edodo conhecido por Republica Velha. Al\u00e9m do cargo conquistado como o 11\u00ba presidente do Brasil, Pessoa tamb\u00e9m destacou-se como Jurista e professor de Direito. Durante sua vida, ainda foi Patrono da cadeira n\u00ba 31 da Academia Paraibana de Letras, um marco hist\u00f3rico a ser ressaltado.<\/p>\n<p>\u201cEpit\u00e1cio Pessoa \u00e9 um nome que ser\u00e1 lembrado daqui h\u00e1 50, 100 e mais 160 anos, por ser um nome revolucion\u00e1rio. Viva Epit\u00e1cio!\u201d<\/p>\n","protected":false},"excerpt":{"rendered":"<p>Nesta quinta-feira (22), a Prefeita Eliane Galdino participou juntamente a demais autoridades de uma sess\u00e3o especial do Senado Federal, em comemora\u00e7\u00e3o dos 160 anos de nascimento de Epit\u00e1cio Pessoa, que se estivesse vivo completaria mais um ano de vida nesta sexta-feira, 23 de Maio de 2025. A atual prefeita do munic\u00edpio, esteve presente na sess\u00e3o&#8230;<\/p>\n","protected":false},"author":4,"featured_media":6378,"comment_status":"closed","ping_status":"open","sticky":false,"template":"","format":"standard","meta":{"footnotes":""},"categories":[2],"tags":[],"class_list":["post-6377","post","type-post","status-publish","format-standard","has-post-thumbnail","hentry","category-noticias"],"aioseo_notices":[],"_links":{"self":[{"href":"https:\/\/pocinhos.pb.gov.br\/site\/wp-json\/wp\/v2\/posts\/6377","targetHints":{"allow":["GET"]}}],"collection":[{"href":"https:\/\/pocinhos.pb.gov.br\/site\/wp-json\/wp\/v2\/posts"}],"about":[{"href":"https:\/\/pocinhos.pb.gov.br\/site\/wp-json\/wp\/v2\/types\/post"}],"author":[{"embeddable":true,"href":"https:\/\/pocinhos.pb.gov.br\/site\/wp-json\/wp\/v2\/users\/4"}],"replies":[{"embeddable":true,"href":"https:\/\/pocinhos.pb.gov.br\/site\/wp-json\/wp\/v2\/comments?post=6377"}],"version-history":[{"count":1,"href":"https:\/\/pocinhos.pb.gov.br\/site\/wp-json\/wp\/v2\/posts\/6377\/revisions"}],"predecessor-version":[{"id":6379,"href":"https:\/\/pocinhos.pb.gov.br\/site\/wp-json\/wp\/v2\/posts\/6377\/revisions\/6379"}],"wp:featuredmedia":[{"embeddable":true,"href":"https:\/\/pocinhos.pb.gov.br\/site\/wp-json\/wp\/v2\/media\/6378"}],"wp:attachment":[{"href":"https:\/\/pocinhos.pb.gov.br\/site\/wp-json\/wp\/v2\/media?parent=6377"}],"wp:term":[{"taxonomy":"category","embeddable":true,"href":"https:\/\/pocinhos.pb.gov.br\/site\/wp-json\/wp\/v2\/categories?post=6377"},{"taxonomy":"post_tag","embeddable":true,"href":"https:\/\/pocinhos.pb.gov.br\/site\/wp-json\/wp\/v2\/tags?post=6377"}],"curies":[{"name":"wp","href":"https:\/\/api.w.org\/{rel}","templated":true}]}}