{"id":6380,"date":"2025-05-22T20:07:19","date_gmt":"2025-05-22T20:07:19","guid":{"rendered":"https:\/\/pocinhos.pb.gov.br\/site\/?p=6380"},"modified":"2025-05-26T19:09:06","modified_gmt":"2025-05-26T19:09:06","slug":"eliane-galdino-marca-presenca-em-audiencia-da-camara-dos-deputados-com-hugo-motta","status":"publish","type":"post","link":"https:\/\/pocinhos.pb.gov.br\/site\/eliane-galdino-marca-presenca-em-audiencia-da-camara-dos-deputados-com-hugo-motta\/","title":{"rendered":"Eliane Galdino marca presen\u00e7a em audi\u00eancia da C\u00e2mara dos Deputados com Hugo Motta"},"content":{"rendered":"<p>Nesta quinta-feira (22), Eliane Galdino esteve presente em uma audi\u00eancia para tratar de pautas de interesse do povo pocinhense. A prefeita esteve ao lado do presidente da C\u00e2mara dos Deputados, Hugo Motta, acompanhada tamb\u00e9m de seu marido e presidente da Assembleia Legislativa da Para\u00edba, juntamente com S\u00e9rgio Ricardo, secret\u00e1rio de Administra\u00e7\u00e3o de Pocinhos.<\/p>\n<p>\u201cEste \u00e9 um momento imprescind\u00edvel para que consigamos tratar de pautas de interesse do povo pocinhense\u201d.<\/p>\n<p>Al\u00e9m disso, o secret\u00e1rio de Administra\u00e7\u00e3o de Pocinhos destacou tamb\u00e9m a import\u00e2ncia desta audi\u00eancia, com o presidente da C\u00e2mara dos Deputados.<\/p>\n<p>\u201cEsses momentos s\u00e3o de extrema import\u00e2ncia para levar a C\u00e2mara as solicita\u00e7\u00f5es do nosso povo de Pocinhos\u201d.<\/p>\n<p>Pocinhos segue avan\u00e7ando para um\u00a0futuro\u00a0melhor!<\/p>\n","protected":false},"excerpt":{"rendered":"<p>Nesta quinta-feira (22), Eliane Galdino esteve presente em uma audi\u00eancia para tratar de pautas de interesse do povo pocinhense. A prefeita esteve ao lado do presidente da C\u00e2mara dos Deputados, Hugo Motta, acompanhada tamb\u00e9m de seu marido e presidente da Assembleia Legislativa da Para\u00edba, juntamente com S\u00e9rgio Ricardo, secret\u00e1rio de Administra\u00e7\u00e3o de Pocinhos. \u201cEste \u00e9&#8230;<\/p>\n","protected":false},"author":4,"featured_media":6381,"comment_status":"closed","ping_status":"open","sticky":false,"template":"","format":"standard","meta":{"footnotes":""},"categories":[2],"tags":[],"class_list":["post-6380","post","type-post","status-publish","format-standard","has-post-thumbnail","hentry","category-noticias"],"aioseo_notices":[],"_links":{"self":[{"href":"https:\/\/pocinhos.pb.gov.br\/site\/wp-json\/wp\/v2\/posts\/6380","targetHints":{"allow":["GET"]}}],"collection":[{"href":"https:\/\/pocinhos.pb.gov.br\/site\/wp-json\/wp\/v2\/posts"}],"about":[{"href":"https:\/\/pocinhos.pb.gov.br\/site\/wp-json\/wp\/v2\/types\/post"}],"author":[{"embeddable":true,"href":"https:\/\/pocinhos.pb.gov.br\/site\/wp-json\/wp\/v2\/users\/4"}],"replies":[{"embeddable":true,"href":"https:\/\/pocinhos.pb.gov.br\/site\/wp-json\/wp\/v2\/comments?post=6380"}],"version-history":[{"count":1,"href":"https:\/\/pocinhos.pb.gov.br\/site\/wp-json\/wp\/v2\/posts\/6380\/revisions"}],"predecessor-version":[{"id":6382,"href":"https:\/\/pocinhos.pb.gov.br\/site\/wp-json\/wp\/v2\/posts\/6380\/revisions\/6382"}],"wp:featuredmedia":[{"embeddable":true,"href":"https:\/\/pocinhos.pb.gov.br\/site\/wp-json\/wp\/v2\/media\/6381"}],"wp:attachment":[{"href":"https:\/\/pocinhos.pb.gov.br\/site\/wp-json\/wp\/v2\/media?parent=6380"}],"wp:term":[{"taxonomy":"category","embeddable":true,"href":"https:\/\/pocinhos.pb.gov.br\/site\/wp-json\/wp\/v2\/categories?post=6380"},{"taxonomy":"post_tag","embeddable":true,"href":"https:\/\/pocinhos.pb.gov.br\/site\/wp-json\/wp\/v2\/tags?post=6380"}],"curies":[{"name":"wp","href":"https:\/\/api.w.org\/{rel}","templated":true}]}}