{"id":6516,"date":"2025-05-17T17:20:19","date_gmt":"2025-05-17T17:20:19","guid":{"rendered":"https:\/\/pocinhos.pb.gov.br\/site\/?p=6516"},"modified":"2025-07-05T17:29:11","modified_gmt":"2025-07-05T17:29:11","slug":"prefeitura-de-pocinhos-divulga-programacao-oficial-do-32o-arraial-do-cariri","status":"publish","type":"post","link":"https:\/\/pocinhos.pb.gov.br\/site\/prefeitura-de-pocinhos-divulga-programacao-oficial-do-32o-arraial-do-cariri\/","title":{"rendered":"Prefeitura de Pocinhos divulga programa\u00e7\u00e3o oficial do 32\u00ba Arraial do Cariri"},"content":{"rendered":"<p>A Prefeitura Municipal de Pocinhos tem a alegria de anunciar a programa\u00e7\u00e3o oficial do 32\u00ba Arraial do Cariri, que ser\u00e1 realizado de 21 a 29 de junho de 2025. Uma das festas juninas mais tradicionais e aguardadas do interior paraibano, o evento promete uma edi\u00e7\u00e3o inesquec\u00edvel, com muito forr\u00f3, cultura, tradi\u00e7\u00e3o e atra\u00e7\u00e3o nacional.<\/p>\n<p>A prefeita Eliane Galdino destacou o compromisso da gest\u00e3o com a valoriza\u00e7\u00e3o das tradi\u00e7\u00f5es culturais do munic\u00edpio: \u201cTenho certeza de que este ser\u00e1 o maior Arraial do Cariri que j\u00e1 realizamos. Isso demonstra nosso compromisso com o povo de Pocinhos. Vamos entregar uma festa com atra\u00e7\u00f5es que v\u00e3o agradar a todos\u201d, afirmou.<\/p>\n<p>Com mais de tr\u00eas d\u00e9cadas de hist\u00f3ria, a festa tornou-se um importante instrumento de valoriza\u00e7\u00e3o das tradi\u00e7\u00f5es nordestinas, reunindo milhares de pessoas a cada edi\u00e7\u00e3o. Al\u00e9m de preservar a cultura popular, o evento impulsiona a economia local, movimenta o com\u00e9rcio, incentiva o turismo e gera oportunidades para artistas, empreendedores e trabalhadores da regi\u00e3o. Sua grandiosidade transforma Pocinhos em um dos principais destinos do S\u00e3o Jo\u00e3o paraibano, projetando o munic\u00edpio no cen\u00e1rio estadual e fortalecendo o sentimento de pertencimento da popula\u00e7\u00e3o.<\/p>\n<h2>Confira a programa\u00e7\u00e3o oficial do Arraial do Cariri 2025:<\/h2>\n<h3><b>21 de junho (s\u00e1bado)<\/b><\/h3>\n<ul>\n<li aria-level=\"1\">Valtinho Sanfoneiro<\/li>\n<li aria-level=\"1\">Hugo Sanfoneiro<\/li>\n<li aria-level=\"1\">Raniery Gomes<\/li>\n<li aria-level=\"1\">Z\u00e9 Cantor<\/li>\n<\/ul>\n<h3>22 de junho (domingo)<\/h3>\n<ul>\n<li aria-level=\"1\">Fernanda Lima<\/li>\n<li aria-level=\"1\">Jeferson Arretado<\/li>\n<li aria-level=\"1\">Nonato Neto<\/li>\n<\/ul>\n<h3>23 de junho (segunda-feira)<\/h3>\n<ul>\n<li aria-level=\"1\">Willam Farra<\/li>\n<li aria-level=\"1\">Capil\u00e9<\/li>\n<li aria-level=\"1\">Mara Pavanelly<\/li>\n<\/ul>\n<h3>24 de junho (ter\u00e7a-feira)<\/h3>\n<ul>\n<li aria-level=\"1\">Impacto X<\/li>\n<li aria-level=\"1\">Fabiano Guimar\u00e3es<\/li>\n<li aria-level=\"1\">Flay<\/li>\n<li aria-level=\"1\">Forr\u00f3 Feiti\u00e7o<\/li>\n<\/ul>\n<h3>27 de junho (sexta-feira)<\/h3>\n<ul>\n<li aria-level=\"1\">Pe. Fabr\u00edcio<\/li>\n<li aria-level=\"1\">Teto Fonseca<\/li>\n<\/ul>\n<h3>28 de junho (s\u00e1bado)<\/h3>\n<ul>\n<li aria-level=\"1\">Forr\u00f3 Campina<\/li>\n<li aria-level=\"1\">Diogo Cirne<\/li>\n<li aria-level=\"1\">Zez\u00e9 Di Camargo<\/li>\n<\/ul>\n<h3>29 de junho (domingo)<\/h3>\n<ul>\n<li aria-level=\"1\">Saia Justa<\/li>\n<li aria-level=\"1\">Japaozin<\/li>\n<li aria-level=\"1\">Eliane<\/li>\n<\/ul>\n","protected":false},"excerpt":{"rendered":"<p>A Prefeitura Municipal de Pocinhos tem a alegria de anunciar a programa\u00e7\u00e3o oficial do 32\u00ba Arraial do Cariri, que ser\u00e1 realizado de 21 a 29 de junho de 2025. Uma das festas juninas mais tradicionais e aguardadas do interior paraibano, o evento promete uma edi\u00e7\u00e3o inesquec\u00edvel, com muito forr\u00f3, cultura, tradi\u00e7\u00e3o e atra\u00e7\u00e3o nacional. A&#8230;<\/p>\n","protected":false},"author":4,"featured_media":6517,"comment_status":"closed","ping_status":"open","sticky":false,"template":"","format":"standard","meta":{"footnotes":""},"categories":[2],"tags":[],"class_list":["post-6516","post","type-post","status-publish","format-standard","has-post-thumbnail","hentry","category-noticias"],"aioseo_notices":[],"_links":{"self":[{"href":"https:\/\/pocinhos.pb.gov.br\/site\/wp-json\/wp\/v2\/posts\/6516","targetHints":{"allow":["GET"]}}],"collection":[{"href":"https:\/\/pocinhos.pb.gov.br\/site\/wp-json\/wp\/v2\/posts"}],"about":[{"href":"https:\/\/pocinhos.pb.gov.br\/site\/wp-json\/wp\/v2\/types\/post"}],"author":[{"embeddable":true,"href":"https:\/\/pocinhos.pb.gov.br\/site\/wp-json\/wp\/v2\/users\/4"}],"replies":[{"embeddable":true,"href":"https:\/\/pocinhos.pb.gov.br\/site\/wp-json\/wp\/v2\/comments?post=6516"}],"version-history":[{"count":2,"href":"https:\/\/pocinhos.pb.gov.br\/site\/wp-json\/wp\/v2\/posts\/6516\/revisions"}],"predecessor-version":[{"id":6519,"href":"https:\/\/pocinhos.pb.gov.br\/site\/wp-json\/wp\/v2\/posts\/6516\/revisions\/6519"}],"wp:featuredmedia":[{"embeddable":true,"href":"https:\/\/pocinhos.pb.gov.br\/site\/wp-json\/wp\/v2\/media\/6517"}],"wp:attachment":[{"href":"https:\/\/pocinhos.pb.gov.br\/site\/wp-json\/wp\/v2\/media?parent=6516"}],"wp:term":[{"taxonomy":"category","embeddable":true,"href":"https:\/\/pocinhos.pb.gov.br\/site\/wp-json\/wp\/v2\/categories?post=6516"},{"taxonomy":"post_tag","embeddable":true,"href":"https:\/\/pocinhos.pb.gov.br\/site\/wp-json\/wp\/v2\/tags?post=6516"}],"curies":[{"name":"wp","href":"https:\/\/api.w.org\/{rel}","templated":true}]}}