{"id":6527,"date":"2025-06-25T17:51:58","date_gmt":"2025-06-25T17:51:58","guid":{"rendered":"https:\/\/pocinhos.pb.gov.br\/site\/?p=6527"},"modified":"2025-07-05T17:52:40","modified_gmt":"2025-07-05T17:52:40","slug":"noite-de-sao-joao-e-celebrada-com-muita-alegria-e-tradicao-no-arraial-do-cariri-2025","status":"publish","type":"post","link":"https:\/\/pocinhos.pb.gov.br\/site\/noite-de-sao-joao-e-celebrada-com-muita-alegria-e-tradicao-no-arraial-do-cariri-2025\/","title":{"rendered":"Noite de S\u00e3o Jo\u00e3o \u00e9 celebrada com muita alegria e tradi\u00e7\u00e3o no Arraial do Cariri 2025"},"content":{"rendered":"<p>A tradicional noite de S\u00e3o Jo\u00e3o, celebrada nesta ter\u00e7a-feira, 24 de junho, foi marcada por muita emo\u00e7\u00e3o, cultura e alegria no 32\u00ba Arraial do Cariri, em Pocinhos. Com uma programa\u00e7\u00e3o especial, a festa atraiu um grande p\u00fablico \u00e0 Pra\u00e7a de Eventos, refor\u00e7ando o esp\u00edrito junino que move o Arraial e toda a regi\u00e3o do Cariri paraibano.<\/p>\n<p>A noite contou com grandes apresenta\u00e7\u00f5es musicais, incluindo os shows das bandas Impacto X, Fabiano Guimar\u00e3es, Flay e Forr\u00f3 Feiti\u00e7o, que embalaram o p\u00fablico ao som de muito forr\u00f3, mantendo viva a tradi\u00e7\u00e3o nordestina que \u00e9 celebrada gera\u00e7\u00e3o ap\u00f3s gera\u00e7\u00e3o.<\/p>\n<p>A celebra\u00e7\u00e3o de S\u00e3o Jo\u00e3o em Pocinhos representa a valoriza\u00e7\u00e3o das ra\u00edzes culturais, o fortalecimento da economia local e o orgulho de uma cidade que mant\u00e9m viva a ess\u00eancia do S\u00e3o Jo\u00e3o.<\/p>\n<p>A Prefeitura Municipal de Pocinhos agradece \u00e0 popula\u00e7\u00e3o e aos visitantes que participaram com alegria e responsabilidade dessa noite t\u00e3o especial. O Arraial do Cariri segue at\u00e9 o dia 29 de junho, com mais atra\u00e7\u00f5es e momentos inesquec\u00edveis para celebrar o maior S\u00e3o Jo\u00e3o da hist\u00f3ria do munic\u00edpio.<\/p>\n","protected":false},"excerpt":{"rendered":"<p>A tradicional noite de S\u00e3o Jo\u00e3o, celebrada nesta ter\u00e7a-feira, 24 de junho, foi marcada por muita emo\u00e7\u00e3o, cultura e alegria no 32\u00ba Arraial do Cariri, em Pocinhos. Com uma programa\u00e7\u00e3o especial, a festa atraiu um grande p\u00fablico \u00e0 Pra\u00e7a de Eventos, refor\u00e7ando o esp\u00edrito junino que move o Arraial e toda a regi\u00e3o do Cariri&#8230;<\/p>\n","protected":false},"author":4,"featured_media":6528,"comment_status":"closed","ping_status":"open","sticky":false,"template":"","format":"standard","meta":{"footnotes":""},"categories":[2],"tags":[],"class_list":["post-6527","post","type-post","status-publish","format-standard","has-post-thumbnail","hentry","category-noticias"],"aioseo_notices":[],"_links":{"self":[{"href":"https:\/\/pocinhos.pb.gov.br\/site\/wp-json\/wp\/v2\/posts\/6527","targetHints":{"allow":["GET"]}}],"collection":[{"href":"https:\/\/pocinhos.pb.gov.br\/site\/wp-json\/wp\/v2\/posts"}],"about":[{"href":"https:\/\/pocinhos.pb.gov.br\/site\/wp-json\/wp\/v2\/types\/post"}],"author":[{"embeddable":true,"href":"https:\/\/pocinhos.pb.gov.br\/site\/wp-json\/wp\/v2\/users\/4"}],"replies":[{"embeddable":true,"href":"https:\/\/pocinhos.pb.gov.br\/site\/wp-json\/wp\/v2\/comments?post=6527"}],"version-history":[{"count":1,"href":"https:\/\/pocinhos.pb.gov.br\/site\/wp-json\/wp\/v2\/posts\/6527\/revisions"}],"predecessor-version":[{"id":6529,"href":"https:\/\/pocinhos.pb.gov.br\/site\/wp-json\/wp\/v2\/posts\/6527\/revisions\/6529"}],"wp:featuredmedia":[{"embeddable":true,"href":"https:\/\/pocinhos.pb.gov.br\/site\/wp-json\/wp\/v2\/media\/6528"}],"wp:attachment":[{"href":"https:\/\/pocinhos.pb.gov.br\/site\/wp-json\/wp\/v2\/media?parent=6527"}],"wp:term":[{"taxonomy":"category","embeddable":true,"href":"https:\/\/pocinhos.pb.gov.br\/site\/wp-json\/wp\/v2\/categories?post=6527"},{"taxonomy":"post_tag","embeddable":true,"href":"https:\/\/pocinhos.pb.gov.br\/site\/wp-json\/wp\/v2\/tags?post=6527"}],"curies":[{"name":"wp","href":"https:\/\/api.w.org\/{rel}","templated":true}]}}