{"id":6530,"date":"2025-06-26T17:55:27","date_gmt":"2025-06-26T17:55:27","guid":{"rendered":"https:\/\/pocinhos.pb.gov.br\/site\/?p=6530"},"modified":"2025-07-05T17:58:38","modified_gmt":"2025-07-05T17:58:38","slug":"arraial-do-cariri-2025-tem-noite-de-espetaculo-com-festival-de-quadrilhas","status":"publish","type":"post","link":"https:\/\/pocinhos.pb.gov.br\/site\/arraial-do-cariri-2025-tem-noite-de-espetaculo-com-festival-de-quadrilhas\/","title":{"rendered":"Arraial do Cariri 2025 tem noite de espet\u00e1culo com Festival de Quadrilhas"},"content":{"rendered":"<p>Na noite do dia 25 de junho, o Arraial do Cariri viveu um dos momentos mais emocionantes e tradicionais de sua programa\u00e7\u00e3o: o Festival de Quadrilhas Juninas. O p\u00fablico prestigiou um verdadeiro espet\u00e1culo de cores, coreografias e valoriza\u00e7\u00e3o da cultura nordestina.<\/p>\n<p>O festival contou com a participa\u00e7\u00e3o de quatro grandes quadrilhas juninas, que encantaram o p\u00fablico com suas apresenta\u00e7\u00f5es tem\u00e1ticas, figurinos impec\u00e1veis e coreografias envolventes:<\/p>\n<ul>\n<li aria-level=\"1\">Quadrilha Junina Atrevida (Campina Grande)<\/li>\n<li aria-level=\"1\">Quadrilha Junina Cestinha de Flores (Campina Grande)<\/li>\n<li aria-level=\"1\">Quadrilha Junina Raio de Luz (Alagoa Nova)<\/li>\n<li aria-level=\"1\">Quadrilha Junina Mal\u00edcia de Menina (Pocinhos)<\/li>\n<\/ul>\n<p>As apresenta\u00e7\u00f5es refor\u00e7aram o compromisso da Prefeitura de Pocinhos com a preserva\u00e7\u00e3o das tradi\u00e7\u00f5es populares, valorizando os grupos culturais e promovendo um ambiente de integra\u00e7\u00e3o entre munic\u00edpios vizinhos. A participa\u00e7\u00e3o da Junina Mal\u00edcia de Menina, representante da cidade, foi um momento de orgulho para os pocinhenses, que celebraram com entusiasmo a for\u00e7a da arte local.<\/p>\n<p>O Festival de Quadrilhas consolidou-se como uma das noites mais especiais do Arraial do Cariri 2025, reafirmando que o S\u00e3o Jo\u00e3o em Pocinhos \u00e9 feito de tradi\u00e7\u00e3o, arte e pertencimento.<\/p>\n","protected":false},"excerpt":{"rendered":"<p>Na noite do dia 25 de junho, o Arraial do Cariri viveu um dos momentos mais emocionantes e tradicionais de sua programa\u00e7\u00e3o: o Festival de Quadrilhas Juninas. O p\u00fablico prestigiou um verdadeiro espet\u00e1culo de cores, coreografias e valoriza\u00e7\u00e3o da cultura nordestina. O festival contou com a participa\u00e7\u00e3o de quatro grandes quadrilhas juninas, que encantaram o&#8230;<\/p>\n","protected":false},"author":4,"featured_media":6531,"comment_status":"closed","ping_status":"open","sticky":false,"template":"","format":"standard","meta":{"footnotes":""},"categories":[2],"tags":[],"class_list":["post-6530","post","type-post","status-publish","format-standard","has-post-thumbnail","hentry","category-noticias"],"aioseo_notices":[],"_links":{"self":[{"href":"https:\/\/pocinhos.pb.gov.br\/site\/wp-json\/wp\/v2\/posts\/6530","targetHints":{"allow":["GET"]}}],"collection":[{"href":"https:\/\/pocinhos.pb.gov.br\/site\/wp-json\/wp\/v2\/posts"}],"about":[{"href":"https:\/\/pocinhos.pb.gov.br\/site\/wp-json\/wp\/v2\/types\/post"}],"author":[{"embeddable":true,"href":"https:\/\/pocinhos.pb.gov.br\/site\/wp-json\/wp\/v2\/users\/4"}],"replies":[{"embeddable":true,"href":"https:\/\/pocinhos.pb.gov.br\/site\/wp-json\/wp\/v2\/comments?post=6530"}],"version-history":[{"count":1,"href":"https:\/\/pocinhos.pb.gov.br\/site\/wp-json\/wp\/v2\/posts\/6530\/revisions"}],"predecessor-version":[{"id":6532,"href":"https:\/\/pocinhos.pb.gov.br\/site\/wp-json\/wp\/v2\/posts\/6530\/revisions\/6532"}],"wp:featuredmedia":[{"embeddable":true,"href":"https:\/\/pocinhos.pb.gov.br\/site\/wp-json\/wp\/v2\/media\/6531"}],"wp:attachment":[{"href":"https:\/\/pocinhos.pb.gov.br\/site\/wp-json\/wp\/v2\/media?parent=6530"}],"wp:term":[{"taxonomy":"category","embeddable":true,"href":"https:\/\/pocinhos.pb.gov.br\/site\/wp-json\/wp\/v2\/categories?post=6530"},{"taxonomy":"post_tag","embeddable":true,"href":"https:\/\/pocinhos.pb.gov.br\/site\/wp-json\/wp\/v2\/tags?post=6530"}],"curies":[{"name":"wp","href":"https:\/\/api.w.org\/{rel}","templated":true}]}}