{"id":6533,"date":"2025-06-28T18:02:59","date_gmt":"2025-06-28T18:02:59","guid":{"rendered":"https:\/\/pocinhos.pb.gov.br\/site\/?p=6533"},"modified":"2025-07-05T18:05:31","modified_gmt":"2025-07-05T18:05:31","slug":"noite-religiosa-do-arraial-do-cariri-emociona-fieis-com-fe-musica-e-espiritualidade","status":"publish","type":"post","link":"https:\/\/pocinhos.pb.gov.br\/site\/noite-religiosa-do-arraial-do-cariri-emociona-fieis-com-fe-musica-e-espiritualidade\/","title":{"rendered":"Noite religiosa do Arraial do Cariri emociona fi\u00e9is com f\u00e9, m\u00fasica e espiritualidade"},"content":{"rendered":"<p>A programa\u00e7\u00e3o do Arraial do Cariri 2025 tamb\u00e9m teve um momento especial voltado \u00e0 f\u00e9 e \u00e0 espiritualidade. Na noite de 27 de junho, a Pra\u00e7a de Eventos de Pocinhos foi palco de uma grande celebra\u00e7\u00e3o religiosa, marcada por emo\u00e7\u00e3o e ora\u00e7\u00e3o.<\/p>\n<p>O show do Padre Fabr\u00edcio, atraiu diversos fi\u00e9is para uma apresenta\u00e7\u00e3o repleta de mensagens de paz, louvor e esperan\u00e7a. Com uma voz marcante e carisma reconhecido em toda a Para\u00edba, o padre conduziu momentos de ora\u00e7\u00e3o, c\u00e2nticos e reflex\u00e3o, tocando os cora\u00e7\u00f5es dos presentes.<\/p>\n<p>A prefeita Eliane Galdino destacou a import\u00e2ncia da noite religiosa dentro da programa\u00e7\u00e3o junina: \u201cO S\u00e3o Jo\u00e3o tamb\u00e9m \u00e9 tempo de f\u00e9, de gratid\u00e3o e de reencontro com Deus.\u201d<\/p>\n<p>O cantor Teto Fonseca tamb\u00e9m se apresentou, levando ao palco can\u00e7\u00f5es que misturam f\u00e9 e musicalidade, emocionando o p\u00fablico com sua mensagem positiva e vibrante. A noite religiosa do Arraial do Cariri refor\u00e7a o compromisso da Prefeitura de Pocinhos em realizar um S\u00e3o Jo\u00e3o inclusivo, diverso e voltado para todos os p\u00fablicos, celebrando n\u00e3o s\u00f3 a festa, mas tamb\u00e9m os valores e a f\u00e9 que fazem parte da cultura nordestina.<\/p>\n","protected":false},"excerpt":{"rendered":"<p>A programa\u00e7\u00e3o do Arraial do Cariri 2025 tamb\u00e9m teve um momento especial voltado \u00e0 f\u00e9 e \u00e0 espiritualidade. Na noite de 27 de junho, a Pra\u00e7a de Eventos de Pocinhos foi palco de uma grande celebra\u00e7\u00e3o religiosa, marcada por emo\u00e7\u00e3o e ora\u00e7\u00e3o. O show do Padre Fabr\u00edcio, atraiu diversos fi\u00e9is para uma apresenta\u00e7\u00e3o repleta de&#8230;<\/p>\n","protected":false},"author":4,"featured_media":6534,"comment_status":"closed","ping_status":"open","sticky":false,"template":"","format":"standard","meta":{"footnotes":""},"categories":[2],"tags":[],"class_list":["post-6533","post","type-post","status-publish","format-standard","has-post-thumbnail","hentry","category-noticias"],"aioseo_notices":[],"_links":{"self":[{"href":"https:\/\/pocinhos.pb.gov.br\/site\/wp-json\/wp\/v2\/posts\/6533","targetHints":{"allow":["GET"]}}],"collection":[{"href":"https:\/\/pocinhos.pb.gov.br\/site\/wp-json\/wp\/v2\/posts"}],"about":[{"href":"https:\/\/pocinhos.pb.gov.br\/site\/wp-json\/wp\/v2\/types\/post"}],"author":[{"embeddable":true,"href":"https:\/\/pocinhos.pb.gov.br\/site\/wp-json\/wp\/v2\/users\/4"}],"replies":[{"embeddable":true,"href":"https:\/\/pocinhos.pb.gov.br\/site\/wp-json\/wp\/v2\/comments?post=6533"}],"version-history":[{"count":2,"href":"https:\/\/pocinhos.pb.gov.br\/site\/wp-json\/wp\/v2\/posts\/6533\/revisions"}],"predecessor-version":[{"id":6536,"href":"https:\/\/pocinhos.pb.gov.br\/site\/wp-json\/wp\/v2\/posts\/6533\/revisions\/6536"}],"wp:featuredmedia":[{"embeddable":true,"href":"https:\/\/pocinhos.pb.gov.br\/site\/wp-json\/wp\/v2\/media\/6534"}],"wp:attachment":[{"href":"https:\/\/pocinhos.pb.gov.br\/site\/wp-json\/wp\/v2\/media?parent=6533"}],"wp:term":[{"taxonomy":"category","embeddable":true,"href":"https:\/\/pocinhos.pb.gov.br\/site\/wp-json\/wp\/v2\/categories?post=6533"},{"taxonomy":"post_tag","embeddable":true,"href":"https:\/\/pocinhos.pb.gov.br\/site\/wp-json\/wp\/v2\/tags?post=6533"}],"curies":[{"name":"wp","href":"https:\/\/api.w.org\/{rel}","templated":true}]}}