{"id":6540,"date":"2025-06-30T18:10:32","date_gmt":"2025-06-30T18:10:32","guid":{"rendered":"https:\/\/pocinhos.pb.gov.br\/site\/?p=6540"},"modified":"2025-07-05T18:14:08","modified_gmt":"2025-07-05T18:14:08","slug":"encerramento-do-arraial-do-cariri-2025-celebra-sucesso-e-reafirma-forca-da-cultura-de-pocinhos","status":"publish","type":"post","link":"https:\/\/pocinhos.pb.gov.br\/site\/encerramento-do-arraial-do-cariri-2025-celebra-sucesso-e-reafirma-forca-da-cultura-de-pocinhos\/","title":{"rendered":"Encerramento do Arraial do Cariri 2025 celebra sucesso e reafirma for\u00e7a da cultura de Pocinhos"},"content":{"rendered":"<p>Ap\u00f3s nove dias de festa, cultura e muita alegria, o Arraial do Cariri 2025 chegou ao fim neste domingo, 29 de junho, com um encerramento \u00e0 altura da grandiosidade do evento. A \u00faltima noite reuniu uma multid\u00e3o na Pra\u00e7a de Eventos para prestigiar os shows de Saia Justa, Jap\u00e3ozin e Eliane, que fecharam a programa\u00e7\u00e3o com chave de ouro.<\/p>\n<p>Com um repert\u00f3rio animado e emocionante, os artistas embalaram o p\u00fablico em uma noite de confraterniza\u00e7\u00e3o. A prefeita Eliane Galdino destacou o sentimento de dever cumprido:<\/p>\n<p>\u201cForam dias de muita emo\u00e7\u00e3o, trabalho e alegria. Entregamos um dos maiores e mais organizados Arraiais do Cariri da hist\u00f3ria de Pocinhos. Nosso agradecimento a cada artista, servidor, parceiro e, principalmente, ao povo que fez essa festa acontecer.\u201d<\/p>\n<p>A edi\u00e7\u00e3o 2025 superou expectativas em p\u00fablico, estrutura e programa\u00e7\u00e3o, reunindo grandes nomes da m\u00fasica e momentos de f\u00e9. O evento movimentou a economia da cidade, atraiu visitantes de toda a regi\u00e3o e reafirmou Pocinhos como um dos marcantes destinos juninos da Para\u00edba.<\/p>\n<p>A Prefeitura de Pocinhos agradece a todos que participaram, apoiaram e prestigiaram o Arraial do Cariri 2025. Que essa festa siga crescendo, mantendo viva a tradi\u00e7\u00e3o e fortalecendo cada vez mais o sentimento de identidade e pertencimento do nosso povo.<\/p>\n","protected":false},"excerpt":{"rendered":"<p>Ap\u00f3s nove dias de festa, cultura e muita alegria, o Arraial do Cariri 2025 chegou ao fim neste domingo, 29 de junho, com um encerramento \u00e0 altura da grandiosidade do evento. A \u00faltima noite reuniu uma multid\u00e3o na Pra\u00e7a de Eventos para prestigiar os shows de Saia Justa, Jap\u00e3ozin e Eliane, que fecharam a programa\u00e7\u00e3o&#8230;<\/p>\n","protected":false},"author":4,"featured_media":6542,"comment_status":"closed","ping_status":"open","sticky":false,"template":"","format":"standard","meta":{"footnotes":""},"categories":[2],"tags":[],"class_list":["post-6540","post","type-post","status-publish","format-standard","has-post-thumbnail","hentry","category-noticias"],"aioseo_notices":[],"_links":{"self":[{"href":"https:\/\/pocinhos.pb.gov.br\/site\/wp-json\/wp\/v2\/posts\/6540","targetHints":{"allow":["GET"]}}],"collection":[{"href":"https:\/\/pocinhos.pb.gov.br\/site\/wp-json\/wp\/v2\/posts"}],"about":[{"href":"https:\/\/pocinhos.pb.gov.br\/site\/wp-json\/wp\/v2\/types\/post"}],"author":[{"embeddable":true,"href":"https:\/\/pocinhos.pb.gov.br\/site\/wp-json\/wp\/v2\/users\/4"}],"replies":[{"embeddable":true,"href":"https:\/\/pocinhos.pb.gov.br\/site\/wp-json\/wp\/v2\/comments?post=6540"}],"version-history":[{"count":1,"href":"https:\/\/pocinhos.pb.gov.br\/site\/wp-json\/wp\/v2\/posts\/6540\/revisions"}],"predecessor-version":[{"id":6543,"href":"https:\/\/pocinhos.pb.gov.br\/site\/wp-json\/wp\/v2\/posts\/6540\/revisions\/6543"}],"wp:featuredmedia":[{"embeddable":true,"href":"https:\/\/pocinhos.pb.gov.br\/site\/wp-json\/wp\/v2\/media\/6542"}],"wp:attachment":[{"href":"https:\/\/pocinhos.pb.gov.br\/site\/wp-json\/wp\/v2\/media?parent=6540"}],"wp:term":[{"taxonomy":"category","embeddable":true,"href":"https:\/\/pocinhos.pb.gov.br\/site\/wp-json\/wp\/v2\/categories?post=6540"},{"taxonomy":"post_tag","embeddable":true,"href":"https:\/\/pocinhos.pb.gov.br\/site\/wp-json\/wp\/v2\/tags?post=6540"}],"curies":[{"name":"wp","href":"https:\/\/api.w.org\/{rel}","templated":true}]}}