{"id":6546,"date":"2025-07-07T16:35:31","date_gmt":"2025-07-07T16:35:31","guid":{"rendered":"https:\/\/pocinhos.pb.gov.br\/site\/?p=6546"},"modified":"2025-07-14T17:41:21","modified_gmt":"2025-07-14T17:41:21","slug":"pocinhos-realiza-11a-cavalgada-ecologica-e-turistica-com-homenagem-a-nossa-senhora-de-fatima","status":"publish","type":"post","link":"https:\/\/pocinhos.pb.gov.br\/site\/pocinhos-realiza-11a-cavalgada-ecologica-e-turistica-com-homenagem-a-nossa-senhora-de-fatima\/","title":{"rendered":"Pocinhos realiza 11\u00aa Cavalgada Ecol\u00f3gica e Tur\u00edstica com homenagem a Nossa Senhora de F\u00e1tima"},"content":{"rendered":"<p class=\"p1\"><span class=\"s1\">Neste domingo, 6 de julho, o munic\u00edpio de Pocinhos viveu um momento marcante com a realiza\u00e7\u00e3o da 11\u00aa Cavalgada Ecol\u00f3gica e Tur\u00edstica. O evento teve in\u00edcio no S\u00edtio Pedra Redonda e seguiu em dire\u00e7\u00e3o \u00e0 cidade, reunindo cavaleiros e cavaleiras de diversos munic\u00edpios vizinhos que vieram somar for\u00e7a e tradi\u00e7\u00e3o a esse momento especial.<\/span><\/p>\n<p class=\"p1\"><span class=\"s1\">A cavalgada deste ano homenageou Nossa Senhora de F\u00e1tima, fortalecendo o sentimento de f\u00e9 e devo\u00e7\u00e3o que marcou esse encontro. Foi um percurso repleto de simbolismo para o povo pocinhense. Ao final do percurso, os participantes foram recepcionados com um almo\u00e7o coletivo e homenagens especiais, encerrando a programa\u00e7\u00e3o com esp\u00edrito de gratid\u00e3o.<\/span><\/p>\n<p class=\"p1\"><span class=\"s1\">A 11\u00aa edi\u00e7\u00e3o da Cavalgada Ecol\u00f3gica e Tur\u00edstica mais uma vez destacou Pocinhos como um polo de tradi\u00e7\u00e3o e f\u00e9 popular, refor\u00e7ando o compromisso do munic\u00edpio com a preserva\u00e7\u00e3o de seus valores e a promo\u00e7\u00e3o de eventos que fortalecem o sentimento de pertencimento da comunidade.<\/span><\/p>\n<p class=\"p1\"><span class=\"s1\">A Prefeitura de Pocinhos agradece a todos os participantes e reafirma seu apoio a iniciativas que mant\u00eam viva a nossa tradi\u00e7\u00e3o.<\/span><\/p>\n","protected":false},"excerpt":{"rendered":"<p>Neste domingo, 6 de julho, o munic\u00edpio de Pocinhos viveu um momento marcante com a realiza\u00e7\u00e3o da 11\u00aa Cavalgada Ecol\u00f3gica e Tur\u00edstica. O evento teve in\u00edcio no S\u00edtio Pedra Redonda e seguiu em dire\u00e7\u00e3o \u00e0 cidade, reunindo cavaleiros e cavaleiras de diversos munic\u00edpios vizinhos que vieram somar for\u00e7a e tradi\u00e7\u00e3o a esse momento especial. A&#8230;<\/p>\n","protected":false},"author":4,"featured_media":6547,"comment_status":"closed","ping_status":"open","sticky":false,"template":"","format":"standard","meta":{"footnotes":""},"categories":[2],"tags":[],"class_list":["post-6546","post","type-post","status-publish","format-standard","has-post-thumbnail","hentry","category-noticias"],"aioseo_notices":[],"_links":{"self":[{"href":"https:\/\/pocinhos.pb.gov.br\/site\/wp-json\/wp\/v2\/posts\/6546","targetHints":{"allow":["GET"]}}],"collection":[{"href":"https:\/\/pocinhos.pb.gov.br\/site\/wp-json\/wp\/v2\/posts"}],"about":[{"href":"https:\/\/pocinhos.pb.gov.br\/site\/wp-json\/wp\/v2\/types\/post"}],"author":[{"embeddable":true,"href":"https:\/\/pocinhos.pb.gov.br\/site\/wp-json\/wp\/v2\/users\/4"}],"replies":[{"embeddable":true,"href":"https:\/\/pocinhos.pb.gov.br\/site\/wp-json\/wp\/v2\/comments?post=6546"}],"version-history":[{"count":1,"href":"https:\/\/pocinhos.pb.gov.br\/site\/wp-json\/wp\/v2\/posts\/6546\/revisions"}],"predecessor-version":[{"id":6548,"href":"https:\/\/pocinhos.pb.gov.br\/site\/wp-json\/wp\/v2\/posts\/6546\/revisions\/6548"}],"wp:featuredmedia":[{"embeddable":true,"href":"https:\/\/pocinhos.pb.gov.br\/site\/wp-json\/wp\/v2\/media\/6547"}],"wp:attachment":[{"href":"https:\/\/pocinhos.pb.gov.br\/site\/wp-json\/wp\/v2\/media?parent=6546"}],"wp:term":[{"taxonomy":"category","embeddable":true,"href":"https:\/\/pocinhos.pb.gov.br\/site\/wp-json\/wp\/v2\/categories?post=6546"},{"taxonomy":"post_tag","embeddable":true,"href":"https:\/\/pocinhos.pb.gov.br\/site\/wp-json\/wp\/v2\/tags?post=6546"}],"curies":[{"name":"wp","href":"https:\/\/api.w.org\/{rel}","templated":true}]}}