{"id":6581,"date":"2025-07-15T19:32:32","date_gmt":"2025-07-15T19:32:32","guid":{"rendered":"https:\/\/pocinhos.pb.gov.br\/site\/?p=6581"},"modified":"2025-09-29T12:14:13","modified_gmt":"2025-09-29T12:14:13","slug":"pocinhos-realiza-festival-internacional-de-folclore-e-celebra-a-diversidade-cultural","status":"publish","type":"post","link":"https:\/\/pocinhos.pb.gov.br\/site\/pocinhos-realiza-festival-internacional-de-folclore-e-celebra-a-diversidade-cultural\/","title":{"rendered":"Pocinhos realiza Festival Internacional de Folclore e celebra a diversidade cultural"},"content":{"rendered":"<p class=\"p1\"><span class=\"s1\">Entre os dias 10 e 13 de julho, o munic\u00edpio de Pocinhos foi palco de um grande encontro de express\u00f5es populares com a realiza\u00e7\u00e3o do 4\u00b0 Festival Internacional de Folclore. O evento aconteceu no Teatro Sebasti\u00e3o Vasconcelos e reuniu apresenta\u00e7\u00f5es culturais que encantaram o p\u00fablico e valorizaram a diversidade da cultura brasileira.<\/span><\/p>\n<p class=\"p1\"><span class=\"s1\">Durante os dias de festival, grupos de diferentes regi\u00f5es se apresentaram em Pocinhos, proporcionando uma verdadeira viagem pelas manifesta\u00e7\u00f5es populares do pa\u00eds. Estados como Pernambuco e Rio Grande do Norte, trouxeram suas dan\u00e7as, ritmos e trajes t\u00edpicos, contribuindo para o interc\u00e2mbio cultural e a integra\u00e7\u00e3o entre os povos.<\/span><\/p>\n<p class=\"p1\"><span class=\"s1\">Al\u00e9m dos grupos visitantes, artistas locais tamb\u00e9m participaram da programa\u00e7\u00e3o, fortalecendo a identidade cultural de Pocinhos.<\/span><\/p>\n<p class=\"p1\"><span class=\"s1\">A prefeita Eliane Galdino destacou a import\u00e2ncia do evento para o munic\u00edpio: \u201cO Festival Internacional de Folclore \u00e9 uma oportunidade de mostrar ao mundo a riqueza da nossa cultura. Ficamos felizes em receber tantos artistas e ver nossa cidade respirando arte e tradi\u00e7\u00e3o.\u201d<\/span><\/p>\n<p>O Evento foi realizado pela Agente Cultural e Secretaria de Turismo de Pocinhos Marissandra Porto e o Coletivo Tropeiros de Emerenciana em parceria com a Prefeitura Municipal de Pocinhos.<\/p>\n<p class=\"p1\">\n","protected":false},"excerpt":{"rendered":"<p>Entre os dias 10 e 13 de julho, o munic\u00edpio de Pocinhos foi palco de um grande encontro de express\u00f5es populares com a realiza\u00e7\u00e3o do 4\u00b0 Festival Internacional de Folclore. O evento aconteceu no Teatro Sebasti\u00e3o Vasconcelos e reuniu apresenta\u00e7\u00f5es culturais que encantaram o p\u00fablico e valorizaram a diversidade da cultura brasileira. Durante os dias&#8230;<\/p>\n","protected":false},"author":4,"featured_media":6582,"comment_status":"closed","ping_status":"open","sticky":false,"template":"","format":"standard","meta":{"footnotes":""},"categories":[2],"tags":[],"class_list":["post-6581","post","type-post","status-publish","format-standard","has-post-thumbnail","hentry","category-noticias"],"aioseo_notices":[],"_links":{"self":[{"href":"https:\/\/pocinhos.pb.gov.br\/site\/wp-json\/wp\/v2\/posts\/6581","targetHints":{"allow":["GET"]}}],"collection":[{"href":"https:\/\/pocinhos.pb.gov.br\/site\/wp-json\/wp\/v2\/posts"}],"about":[{"href":"https:\/\/pocinhos.pb.gov.br\/site\/wp-json\/wp\/v2\/types\/post"}],"author":[{"embeddable":true,"href":"https:\/\/pocinhos.pb.gov.br\/site\/wp-json\/wp\/v2\/users\/4"}],"replies":[{"embeddable":true,"href":"https:\/\/pocinhos.pb.gov.br\/site\/wp-json\/wp\/v2\/comments?post=6581"}],"version-history":[{"count":3,"href":"https:\/\/pocinhos.pb.gov.br\/site\/wp-json\/wp\/v2\/posts\/6581\/revisions"}],"predecessor-version":[{"id":6996,"href":"https:\/\/pocinhos.pb.gov.br\/site\/wp-json\/wp\/v2\/posts\/6581\/revisions\/6996"}],"wp:featuredmedia":[{"embeddable":true,"href":"https:\/\/pocinhos.pb.gov.br\/site\/wp-json\/wp\/v2\/media\/6582"}],"wp:attachment":[{"href":"https:\/\/pocinhos.pb.gov.br\/site\/wp-json\/wp\/v2\/media?parent=6581"}],"wp:term":[{"taxonomy":"category","embeddable":true,"href":"https:\/\/pocinhos.pb.gov.br\/site\/wp-json\/wp\/v2\/categories?post=6581"},{"taxonomy":"post_tag","embeddable":true,"href":"https:\/\/pocinhos.pb.gov.br\/site\/wp-json\/wp\/v2\/tags?post=6581"}],"curies":[{"name":"wp","href":"https:\/\/api.w.org\/{rel}","templated":true}]}}