{"id":6618,"date":"2025-07-23T21:21:24","date_gmt":"2025-07-23T21:21:24","guid":{"rendered":"https:\/\/pocinhos.pb.gov.br\/site\/?p=6618"},"modified":"2025-07-23T21:28:32","modified_gmt":"2025-07-23T21:28:32","slug":"prefeitura-de-pocinhos-lamenta-morte-de-gilvan-moura-e-decreta-luto-oficial-de-tres-dias","status":"publish","type":"post","link":"https:\/\/pocinhos.pb.gov.br\/site\/prefeitura-de-pocinhos-lamenta-morte-de-gilvan-moura-e-decreta-luto-oficial-de-tres-dias\/","title":{"rendered":"Prefeitura de Pocinhos lamenta morte de Gilvan Moura e decreta luto oficial de tr\u00eas dias"},"content":{"rendered":"<p>A Prefeitura de Pocinhos manifesta, com profundo pesar, o falecimento de Gilvan Moura Santos, ocorrido nesta quarta-feira (23). Irm\u00e3o da prefeita Eliane Galdino, Gilvan deixa um legado de trabalho, honestidade e amor pela fam\u00edlia, por Pocinhos e pela Para\u00edba.<\/p>\n<p>Nascido em 24 de mar\u00e7o de 1954, em Campina Grande, Gilvan cresceu em Pocinhos, terra natal de seus pais, Geraldo dos Santos e Neusa Moura Santos. Desde jovem, demonstrava responsabilidade e compromisso com tudo o que se propunha a fazer.<\/p>\n<p>Graduado em Ci\u00eancias Cont\u00e1beis, atuou como gerente do Banco Ita\u00fa em Bel\u00e9m do Par\u00e1, onde fundou a GMS Seguros, empresa que consolidou com muito esfor\u00e7o e vis\u00e3o empreendedora. De volta \u00e0 Para\u00edba, colocou sua experi\u00eancia e compet\u00eancia \u00e0 disposi\u00e7\u00e3o do servi\u00e7o p\u00fablico, assumindo o cargo de Secret\u00e1rio-Geral da Assembleia Legislativa do Estado da Para\u00edba, fun\u00e7\u00e3o que desempenhou com zelo, dedica\u00e7\u00e3o e grande reconhecimento at\u00e9 seus \u00faltimos dias.<\/p>\n<p>Gilvan era casado com Lucineia Tom\u00e9 dos Santos e deixa tr\u00eas filhos, cinco netos, duas noras, seis irm\u00e3os, al\u00e9m de uma legi\u00e3o de sobrinhos, familiares, amigos e colegas de trabalho que agora choram sua partida e sentem o vazio deixado por sua aus\u00eancia.<\/p>\n<p>Em respeito \u00e0 sua mem\u00f3ria, a prefeita Eliane Galdino decretou luto oficial de tr\u00eas dias no munic\u00edpio de Pocinhos.<\/p>\n<p>A Prefeitura de Pocinhos, em nome de todos os servidores e da popula\u00e7\u00e3o pocinhense, se solidariza com toda a fam\u00edlia e rende homenagens a quem tanto honrou sua hist\u00f3ria e suas ra\u00edzes.<\/p>\n<p><img fetchpriority=\"high\" decoding=\"async\" class=\"alignnone size-medium wp-image-6620\" src=\"https:\/\/pocinhos.pb.gov.br\/site\/wp-content\/uploads\/2025\/07\/06909E92-6990-48BF-A698-6684EF768339-218x300.jpeg\" alt=\"\" width=\"218\" height=\"300\" srcset=\"https:\/\/pocinhos.pb.gov.br\/site\/wp-content\/uploads\/2025\/07\/06909E92-6990-48BF-A698-6684EF768339-218x300.jpeg 218w, https:\/\/pocinhos.pb.gov.br\/site\/wp-content\/uploads\/2025\/07\/06909E92-6990-48BF-A698-6684EF768339-744x1024.jpeg 744w, https:\/\/pocinhos.pb.gov.br\/site\/wp-content\/uploads\/2025\/07\/06909E92-6990-48BF-A698-6684EF768339-768x1057.jpeg 768w, https:\/\/pocinhos.pb.gov.br\/site\/wp-content\/uploads\/2025\/07\/06909E92-6990-48BF-A698-6684EF768339-1116x1536.jpeg 1116w, https:\/\/pocinhos.pb.gov.br\/site\/wp-content\/uploads\/2025\/07\/06909E92-6990-48BF-A698-6684EF768339.jpeg 1170w\" sizes=\"(max-width: 218px) 100vw, 218px\" \/><\/p>\n","protected":false},"excerpt":{"rendered":"<p>A Prefeitura de Pocinhos manifesta, com profundo pesar, o falecimento de Gilvan Moura Santos, ocorrido nesta quarta-feira (23). Irm\u00e3o da prefeita Eliane Galdino, Gilvan deixa um legado de trabalho, honestidade e amor pela fam\u00edlia, por Pocinhos e pela Para\u00edba. Nascido em 24 de mar\u00e7o de 1954, em Campina Grande, Gilvan cresceu em Pocinhos, terra natal&#8230;<\/p>\n","protected":false},"author":4,"featured_media":6619,"comment_status":"closed","ping_status":"open","sticky":false,"template":"","format":"standard","meta":{"footnotes":""},"categories":[2],"tags":[],"class_list":["post-6618","post","type-post","status-publish","format-standard","has-post-thumbnail","hentry","category-noticias"],"aioseo_notices":[],"_links":{"self":[{"href":"https:\/\/pocinhos.pb.gov.br\/site\/wp-json\/wp\/v2\/posts\/6618","targetHints":{"allow":["GET"]}}],"collection":[{"href":"https:\/\/pocinhos.pb.gov.br\/site\/wp-json\/wp\/v2\/posts"}],"about":[{"href":"https:\/\/pocinhos.pb.gov.br\/site\/wp-json\/wp\/v2\/types\/post"}],"author":[{"embeddable":true,"href":"https:\/\/pocinhos.pb.gov.br\/site\/wp-json\/wp\/v2\/users\/4"}],"replies":[{"embeddable":true,"href":"https:\/\/pocinhos.pb.gov.br\/site\/wp-json\/wp\/v2\/comments?post=6618"}],"version-history":[{"count":3,"href":"https:\/\/pocinhos.pb.gov.br\/site\/wp-json\/wp\/v2\/posts\/6618\/revisions"}],"predecessor-version":[{"id":6623,"href":"https:\/\/pocinhos.pb.gov.br\/site\/wp-json\/wp\/v2\/posts\/6618\/revisions\/6623"}],"wp:featuredmedia":[{"embeddable":true,"href":"https:\/\/pocinhos.pb.gov.br\/site\/wp-json\/wp\/v2\/media\/6619"}],"wp:attachment":[{"href":"https:\/\/pocinhos.pb.gov.br\/site\/wp-json\/wp\/v2\/media?parent=6618"}],"wp:term":[{"taxonomy":"category","embeddable":true,"href":"https:\/\/pocinhos.pb.gov.br\/site\/wp-json\/wp\/v2\/categories?post=6618"},{"taxonomy":"post_tag","embeddable":true,"href":"https:\/\/pocinhos.pb.gov.br\/site\/wp-json\/wp\/v2\/tags?post=6618"}],"curies":[{"name":"wp","href":"https:\/\/api.w.org\/{rel}","templated":true}]}}