{"id":6660,"date":"2025-07-31T13:30:25","date_gmt":"2025-07-31T13:30:25","guid":{"rendered":"https:\/\/pocinhos.pb.gov.br\/site\/?p=6660"},"modified":"2025-08-04T13:37:03","modified_gmt":"2025-08-04T13:37:03","slug":"pocinhos-realiza-1a-conferencia-municipal-dos-direitos-da-pessoa-idosa-e-da-pessoa-com-deficiencia","status":"publish","type":"post","link":"https:\/\/pocinhos.pb.gov.br\/site\/pocinhos-realiza-1a-conferencia-municipal-dos-direitos-da-pessoa-idosa-e-da-pessoa-com-deficiencia\/","title":{"rendered":"Pocinhos realiza 1\u00aa Confer\u00eancia Municipal dos Direitos da Pessoa Idosa e da Pessoa com Defici\u00eancia"},"content":{"rendered":"<p data-start=\"240\" data-end=\"599\">A Prefeitura de Pocinhos, por meio da Secretaria Municipal de Assist\u00eancia Social, promoveu a 1\u00aa Confer\u00eancia Municipal dos Direitos da Pessoa Idosa e da Pessoa com Defici\u00eancia, reunindo representantes do poder p\u00fablico, da sociedade civil e usu\u00e1rios da rede de assist\u00eancia para debater pol\u00edticas p\u00fablicas voltadas \u00e0 inclus\u00e3o, equidade e participa\u00e7\u00e3o social.<\/p>\n<p data-start=\"601\" data-end=\"871\">Com o tema \u201cEnvelhecimento Multicultural e Democracia: Urg\u00eancia por Equidade, Direitos e Participa\u00e7\u00e3o\u201d, o evento marcou um importante espa\u00e7o de escuta, reflex\u00e3o e constru\u00e7\u00e3o coletiva de propostas que visam garantir e ampliar os direitos desses p\u00fablicos no munic\u00edpio.<\/p>\n<p data-start=\"601\" data-end=\"871\"><img fetchpriority=\"high\" decoding=\"async\" class=\"alignnone  wp-image-6662\" src=\"https:\/\/pocinhos.pb.gov.br\/site\/wp-content\/uploads\/2025\/08\/imagem-4-300x169.jpeg\" alt=\"\" width=\"679\" height=\"383\" srcset=\"https:\/\/pocinhos.pb.gov.br\/site\/wp-content\/uploads\/2025\/08\/imagem-4-300x169.jpeg 300w, https:\/\/pocinhos.pb.gov.br\/site\/wp-content\/uploads\/2025\/08\/imagem-4-1024x576.jpeg 1024w, https:\/\/pocinhos.pb.gov.br\/site\/wp-content\/uploads\/2025\/08\/imagem-4-768x432.jpeg 768w, https:\/\/pocinhos.pb.gov.br\/site\/wp-content\/uploads\/2025\/08\/imagem-4-1536x864.jpeg 1536w, https:\/\/pocinhos.pb.gov.br\/site\/wp-content\/uploads\/2025\/08\/imagem-4-2048x1152.jpeg 2048w\" sizes=\"(max-width: 679px) 100vw, 679px\" \/><\/p>\n<p data-start=\"873\" data-end=\"1247\">A programa\u00e7\u00e3o contou com palestras, apresenta\u00e7\u00f5es culturais e grupos de trabalho tem\u00e1ticos, culminando na elei\u00e7\u00e3o dos delegados que representar\u00e3o Pocinhos na etapa estadual da confer\u00eancia. O encontro tamb\u00e9m foi uma oportunidade de reafirmar o compromisso da gest\u00e3o municipal com o respeito \u00e0 diversidade, \u00e0 dignidade e \u00e0 cidadania plena das pessoas idosas e com defici\u00eancia.<\/p>\n<p data-start=\"1249\" data-end=\"1431\">A confer\u00eancia se consolida como um marco na luta por uma sociedade mais justa e acess\u00edvel, onde todos tenham voz e vez na defini\u00e7\u00e3o das pol\u00edticas que impactam diretamente suas vidas.<\/p>\n","protected":false},"excerpt":{"rendered":"<p>A Prefeitura de Pocinhos, por meio da Secretaria Municipal de Assist\u00eancia Social, promoveu a 1\u00aa Confer\u00eancia Municipal dos Direitos da Pessoa Idosa e da Pessoa com Defici\u00eancia, reunindo representantes do poder p\u00fablico, da sociedade civil e usu\u00e1rios da rede de assist\u00eancia para debater pol\u00edticas p\u00fablicas voltadas \u00e0 inclus\u00e3o, equidade e participa\u00e7\u00e3o social. Com o tema&#8230;<\/p>\n","protected":false},"author":4,"featured_media":6661,"comment_status":"closed","ping_status":"open","sticky":false,"template":"","format":"standard","meta":{"footnotes":""},"categories":[2],"tags":[],"class_list":["post-6660","post","type-post","status-publish","format-standard","has-post-thumbnail","hentry","category-noticias"],"aioseo_notices":[],"_links":{"self":[{"href":"https:\/\/pocinhos.pb.gov.br\/site\/wp-json\/wp\/v2\/posts\/6660","targetHints":{"allow":["GET"]}}],"collection":[{"href":"https:\/\/pocinhos.pb.gov.br\/site\/wp-json\/wp\/v2\/posts"}],"about":[{"href":"https:\/\/pocinhos.pb.gov.br\/site\/wp-json\/wp\/v2\/types\/post"}],"author":[{"embeddable":true,"href":"https:\/\/pocinhos.pb.gov.br\/site\/wp-json\/wp\/v2\/users\/4"}],"replies":[{"embeddable":true,"href":"https:\/\/pocinhos.pb.gov.br\/site\/wp-json\/wp\/v2\/comments?post=6660"}],"version-history":[{"count":3,"href":"https:\/\/pocinhos.pb.gov.br\/site\/wp-json\/wp\/v2\/posts\/6660\/revisions"}],"predecessor-version":[{"id":6665,"href":"https:\/\/pocinhos.pb.gov.br\/site\/wp-json\/wp\/v2\/posts\/6660\/revisions\/6665"}],"wp:featuredmedia":[{"embeddable":true,"href":"https:\/\/pocinhos.pb.gov.br\/site\/wp-json\/wp\/v2\/media\/6661"}],"wp:attachment":[{"href":"https:\/\/pocinhos.pb.gov.br\/site\/wp-json\/wp\/v2\/media?parent=6660"}],"wp:term":[{"taxonomy":"category","embeddable":true,"href":"https:\/\/pocinhos.pb.gov.br\/site\/wp-json\/wp\/v2\/categories?post=6660"},{"taxonomy":"post_tag","embeddable":true,"href":"https:\/\/pocinhos.pb.gov.br\/site\/wp-json\/wp\/v2\/tags?post=6660"}],"curies":[{"name":"wp","href":"https:\/\/api.w.org\/{rel}","templated":true}]}}