{"id":6667,"date":"2025-07-31T13:37:26","date_gmt":"2025-07-31T13:37:26","guid":{"rendered":"https:\/\/pocinhos.pb.gov.br\/site\/?p=6667"},"modified":"2025-08-04T13:53:48","modified_gmt":"2025-08-04T13:53:48","slug":"pocinhos-sedia-curso-sobre-urbanismo-e-cidades-inteligentes-e-sustentaveis-promovido-pelo-tce-pb","status":"publish","type":"post","link":"https:\/\/pocinhos.pb.gov.br\/site\/pocinhos-sedia-curso-sobre-urbanismo-e-cidades-inteligentes-e-sustentaveis-promovido-pelo-tce-pb\/","title":{"rendered":"Pocinhos sedia curso sobre Urbanismo e Cidades Inteligentes e Sustent\u00e1veis promovido pelo TCE-PB"},"content":{"rendered":"<p data-start=\"219\" data-end=\"546\">O Tribunal de Contas do Estado da Para\u00edba (TCE-PB) promoveu, no munic\u00edpio de Pocinhos, o curso \u201cUrbanismo e as Cidades Inteligentes e Sustent\u00e1veis\u201d, reunindo gestores p\u00fablicos, t\u00e9cnicos municipais, estudantes e profissionais da \u00e1rea para um dia de forma\u00e7\u00e3o e troca de experi\u00eancias sobre o futuro do planejamento urbano.<\/p>\n<p data-start=\"548\" data-end=\"902\">O evento foi realizado no Teatro Municipal Sebasti\u00e3o Vasconcelos. A abertura foi conduzida pela conselheira Alanna Galdino, representando o TCE-PB, que ressaltou a import\u00e2ncia do fortalecimento da gest\u00e3o municipal por meio da capacita\u00e7\u00e3o t\u00e9cnica e da dissemina\u00e7\u00e3o de boas pr\u00e1ticas.<\/p>\n<p data-start=\"904\" data-end=\"1198\">As atividades do curso foram ministradas pelo conselheiro Arn\u00f3bio Alves Viana, Andr\u00e9 Agra Gomes de Lira e Carlos Pessoa de Aquino, que abordaram temas de extrema relev\u00e2ncia. A iniciativa faz parte da pol\u00edtica do TCE-PB de qualifica\u00e7\u00e3o dos gestores e t\u00e9cnicos dos munic\u00edpios paraibanos, contribuindo para o desenvolvimento urbano respons\u00e1vel, eficiente e alinhado aos desafios contempor\u00e2neos.<\/p>\n<p data-start=\"1452\" data-end=\"1624\">A Prefeitura de Pocinhos reafirma seu compromisso em apoiar a\u00e7\u00f5es formativas que promovem o aprimoramento das pol\u00edticas p\u00fablicas locais e fortalecem a governan\u00e7a municipal.<\/p>\n","protected":false},"excerpt":{"rendered":"<p>O Tribunal de Contas do Estado da Para\u00edba (TCE-PB) promoveu, no munic\u00edpio de Pocinhos, o curso \u201cUrbanismo e as Cidades Inteligentes e Sustent\u00e1veis\u201d, reunindo gestores p\u00fablicos, t\u00e9cnicos municipais, estudantes e profissionais da \u00e1rea para um dia de forma\u00e7\u00e3o e troca de experi\u00eancias sobre o futuro do planejamento urbano. O evento foi realizado no Teatro Municipal&#8230;<\/p>\n","protected":false},"author":4,"featured_media":6668,"comment_status":"closed","ping_status":"open","sticky":false,"template":"","format":"standard","meta":{"footnotes":""},"categories":[2],"tags":[],"class_list":["post-6667","post","type-post","status-publish","format-standard","has-post-thumbnail","hentry","category-noticias"],"aioseo_notices":[],"_links":{"self":[{"href":"https:\/\/pocinhos.pb.gov.br\/site\/wp-json\/wp\/v2\/posts\/6667","targetHints":{"allow":["GET"]}}],"collection":[{"href":"https:\/\/pocinhos.pb.gov.br\/site\/wp-json\/wp\/v2\/posts"}],"about":[{"href":"https:\/\/pocinhos.pb.gov.br\/site\/wp-json\/wp\/v2\/types\/post"}],"author":[{"embeddable":true,"href":"https:\/\/pocinhos.pb.gov.br\/site\/wp-json\/wp\/v2\/users\/4"}],"replies":[{"embeddable":true,"href":"https:\/\/pocinhos.pb.gov.br\/site\/wp-json\/wp\/v2\/comments?post=6667"}],"version-history":[{"count":2,"href":"https:\/\/pocinhos.pb.gov.br\/site\/wp-json\/wp\/v2\/posts\/6667\/revisions"}],"predecessor-version":[{"id":6670,"href":"https:\/\/pocinhos.pb.gov.br\/site\/wp-json\/wp\/v2\/posts\/6667\/revisions\/6670"}],"wp:featuredmedia":[{"embeddable":true,"href":"https:\/\/pocinhos.pb.gov.br\/site\/wp-json\/wp\/v2\/media\/6668"}],"wp:attachment":[{"href":"https:\/\/pocinhos.pb.gov.br\/site\/wp-json\/wp\/v2\/media?parent=6667"}],"wp:term":[{"taxonomy":"category","embeddable":true,"href":"https:\/\/pocinhos.pb.gov.br\/site\/wp-json\/wp\/v2\/categories?post=6667"},{"taxonomy":"post_tag","embeddable":true,"href":"https:\/\/pocinhos.pb.gov.br\/site\/wp-json\/wp\/v2\/tags?post=6667"}],"curies":[{"name":"wp","href":"https:\/\/api.w.org\/{rel}","templated":true}]}}