{"id":6690,"date":"2025-08-04T04:14:23","date_gmt":"2025-08-04T04:14:23","guid":{"rendered":"https:\/\/pocinhos.pb.gov.br\/site\/?p=6690"},"modified":"2025-08-06T04:19:48","modified_gmt":"2025-08-06T04:19:48","slug":"prefeitura-de-pocinhos-abre-inscricoes-para-o-cuso-pre-enem","status":"publish","type":"post","link":"https:\/\/pocinhos.pb.gov.br\/site\/prefeitura-de-pocinhos-abre-inscricoes-para-o-cuso-pre-enem\/","title":{"rendered":"Prefeitura de Pocinhos abre inscri\u00e7\u00f5es para o curso Pr\u00e9-ENEM"},"content":{"rendered":"<p data-start=\"263\" data-end=\"518\">A Prefeitura de Pocinhos, por meio da Secretaria Municipal de Educa\u00e7\u00e3o, abriu as inscri\u00e7\u00f5es para o Pr\u00e9-ENEM, curso preparat\u00f3rio gratuito destinado aos estudantes da rede municipal que desejam se preparar para o Exame Nacional do Ensino M\u00e9dio (ENEM).<\/p>\n<p data-start=\"263\" data-end=\"518\">O Pr\u00e9-ENEM tem como objetivo fortalecer a aprendizagem, desenvolver compet\u00eancias e aumentar a confian\u00e7a dos estudantes para o exame, contribuindo diretamente para a realiza\u00e7\u00e3o de projetos acad\u00eamicos e profissionais. Al\u00e9m disso, permite que os jovens estudem perto de casa, com orienta\u00e7\u00e3o de professores capacitados e apoio da gest\u00e3o municipal.<\/p>\n<p data-start=\"263\" data-end=\"518\">As aulas acontecem aos s\u00e1bados, das 7h \u00e0s 11h e das 13h \u00e0s 17h, oferecendo uma carga hor\u00e1ria intensa e focada nas principais \u00e1reas cobradas na prova. As vagas s\u00e3o limitadas, e as inscri\u00e7\u00f5es podem ser realizadas pelo link: <a class=\"\" href=\"https:\/\/forms.gle\/8H6ENJKZTZFgPhzN9\" target=\"_new\" rel=\"noopener\" data-start=\"1307\" data-end=\"1381\">https:\/\/forms.gle\/8H6ENJKZTZFgPhzN9<\/a>.<\/p>\n<p data-start=\"1386\" data-end=\"1593\">A Prefeitura de Pocinhos refor\u00e7a seu compromisso com a educa\u00e7\u00e3o de qualidade e convida os estudantes a aproveitarem essa oportunidade para construir um futuro s\u00f3lido por meio da prepara\u00e7\u00e3o para o ENEM.<\/p>\n","protected":false},"excerpt":{"rendered":"<p>A Prefeitura de Pocinhos, por meio da Secretaria Municipal de Educa\u00e7\u00e3o, abriu as inscri\u00e7\u00f5es para o Pr\u00e9-ENEM, curso preparat\u00f3rio gratuito destinado aos estudantes da rede municipal que desejam se preparar para o Exame Nacional do Ensino M\u00e9dio (ENEM). O Pr\u00e9-ENEM tem como objetivo fortalecer a aprendizagem, desenvolver compet\u00eancias e aumentar a confian\u00e7a dos estudantes para&#8230;<\/p>\n","protected":false},"author":4,"featured_media":6691,"comment_status":"closed","ping_status":"open","sticky":false,"template":"","format":"standard","meta":{"footnotes":""},"categories":[2],"tags":[],"class_list":["post-6690","post","type-post","status-publish","format-standard","has-post-thumbnail","hentry","category-noticias"],"aioseo_notices":[],"_links":{"self":[{"href":"https:\/\/pocinhos.pb.gov.br\/site\/wp-json\/wp\/v2\/posts\/6690","targetHints":{"allow":["GET"]}}],"collection":[{"href":"https:\/\/pocinhos.pb.gov.br\/site\/wp-json\/wp\/v2\/posts"}],"about":[{"href":"https:\/\/pocinhos.pb.gov.br\/site\/wp-json\/wp\/v2\/types\/post"}],"author":[{"embeddable":true,"href":"https:\/\/pocinhos.pb.gov.br\/site\/wp-json\/wp\/v2\/users\/4"}],"replies":[{"embeddable":true,"href":"https:\/\/pocinhos.pb.gov.br\/site\/wp-json\/wp\/v2\/comments?post=6690"}],"version-history":[{"count":2,"href":"https:\/\/pocinhos.pb.gov.br\/site\/wp-json\/wp\/v2\/posts\/6690\/revisions"}],"predecessor-version":[{"id":6693,"href":"https:\/\/pocinhos.pb.gov.br\/site\/wp-json\/wp\/v2\/posts\/6690\/revisions\/6693"}],"wp:featuredmedia":[{"embeddable":true,"href":"https:\/\/pocinhos.pb.gov.br\/site\/wp-json\/wp\/v2\/media\/6691"}],"wp:attachment":[{"href":"https:\/\/pocinhos.pb.gov.br\/site\/wp-json\/wp\/v2\/media?parent=6690"}],"wp:term":[{"taxonomy":"category","embeddable":true,"href":"https:\/\/pocinhos.pb.gov.br\/site\/wp-json\/wp\/v2\/categories?post=6690"},{"taxonomy":"post_tag","embeddable":true,"href":"https:\/\/pocinhos.pb.gov.br\/site\/wp-json\/wp\/v2\/tags?post=6690"}],"curies":[{"name":"wp","href":"https:\/\/api.w.org\/{rel}","templated":true}]}}