{"id":6842,"date":"2025-08-13T17:22:56","date_gmt":"2025-08-13T17:22:56","guid":{"rendered":"https:\/\/pocinhos.pb.gov.br\/site\/?p=6842"},"modified":"2025-08-15T17:30:14","modified_gmt":"2025-08-15T17:30:14","slug":"campeoes-estaduais-de-taekwondo-e-judo-sao-recebidos-com-carreata-em-pocinhos","status":"publish","type":"post","link":"https:\/\/pocinhos.pb.gov.br\/site\/campeoes-estaduais-de-taekwondo-e-judo-sao-recebidos-com-carreata-em-pocinhos\/","title":{"rendered":"Campe\u00f5es estaduais de Taekwondo e Jud\u00f4 s\u00e3o recebidos com carreata em Pocinhos"},"content":{"rendered":"<p>Na manh\u00e3 desta quarta-feira (13), a prefeitura de pocinhos em conjunto com as secretarias de educa\u00e7\u00e3o, cultura e esporte realizaram a recep\u00e7\u00e3o dos campe\u00f5es estaduais dos jogos escolares de taekwondo e jud\u00f4 com uma carreata e comemora\u00e7\u00f5es nas escolas Padre Galv\u00e3o e Elizete Pereira de Ara\u00fajo.<\/p>\n<p>A gest\u00e3o municipal se fez presente neste momento e comemorou as 7 medalhas conquistadas pelos jovens de Pocinhos nos Jogos Escolares Brasileiros, junto aos medalhistas.<\/p>\n<p>Para os jovens, este \u00e9 um momento marcante na vida e na trajet\u00f3ria de esportistas, agora eles seguem para a etapa nacional que acontece em Uberl\u00e2ndia, Minas Gerais com muito esfor\u00e7o e dedica\u00e7\u00e3o.<\/p>\n<p>Eliane Galdino, prefeita do munic\u00edpio de Pocinhos, parabenizou os medalhistas,<br \/>\n\u201cNossos campe\u00f5es merecem ser celebrados com todo o destaque poss\u00edvel! O esporte pocinhense e campe\u00e3o estadual e se Deus quiser ser\u00e1 campe\u00e3o nacional gra\u00e7as a dedica\u00e7\u00e3o de cada um desses atletas maravilhosos. \u00c9 uma honra fazer parte dessa hist\u00f3ria e contribuir para tamanha conquista\u201d, disse Eliane.<\/p>\n<p>A Prefeitura Municipal de Pocinhos parabeniza e se compromete em incentivar os jovens para as pr\u00f3ximas etapas que vir\u00e3o!<\/p>\n<div id='gallery-1' class='gallery galleryid-6842 gallery-columns-2 gallery-size-thumbnail'><figure class='gallery-item'>\n\t\t\t<div class='gallery-icon landscape'>\n\t\t\t\t<a href='https:\/\/pocinhos.pb.gov.br\/site\/campeoes-estaduais-de-taekwondo-e-judo-sao-recebidos-com-carreata-em-pocinhos\/img-20250813-wa0699\/'><img decoding=\"async\" width=\"150\" height=\"150\" src=\"https:\/\/pocinhos.pb.gov.br\/site\/wp-content\/uploads\/2025\/08\/IMG-20250813-WA0699-150x150.jpg\" class=\"attachment-thumbnail size-thumbnail\" alt=\"\" srcset=\"https:\/\/pocinhos.pb.gov.br\/site\/wp-content\/uploads\/2025\/08\/IMG-20250813-WA0699-150x150.jpg 150w, https:\/\/pocinhos.pb.gov.br\/site\/wp-content\/uploads\/2025\/08\/IMG-20250813-WA0699-550x550.jpg 550w, https:\/\/pocinhos.pb.gov.br\/site\/wp-content\/uploads\/2025\/08\/IMG-20250813-WA0699-100x100.jpg 100w\" sizes=\"(max-width: 150px) 100vw, 150px\" \/><\/a>\n\t\t\t<\/div><\/figure><figure class='gallery-item'>\n\t\t\t<div class='gallery-icon landscape'>\n\t\t\t\t<a href='https:\/\/pocinhos.pb.gov.br\/site\/campeoes-estaduais-de-taekwondo-e-judo-sao-recebidos-com-carreata-em-pocinhos\/img-20250813-wa0697\/'><img decoding=\"async\" width=\"150\" height=\"150\" src=\"https:\/\/pocinhos.pb.gov.br\/site\/wp-content\/uploads\/2025\/08\/IMG-20250813-WA0697-150x150.jpg\" class=\"attachment-thumbnail size-thumbnail\" alt=\"\" srcset=\"https:\/\/pocinhos.pb.gov.br\/site\/wp-content\/uploads\/2025\/08\/IMG-20250813-WA0697-150x150.jpg 150w, https:\/\/pocinhos.pb.gov.br\/site\/wp-content\/uploads\/2025\/08\/IMG-20250813-WA0697-550x550.jpg 550w, https:\/\/pocinhos.pb.gov.br\/site\/wp-content\/uploads\/2025\/08\/IMG-20250813-WA0697-100x100.jpg 100w\" sizes=\"(max-width: 150px) 100vw, 150px\" \/><\/a>\n\t\t\t<\/div><\/figure>\n\t\t<\/div>\n\n","protected":false},"excerpt":{"rendered":"<p>Na manh\u00e3 desta quarta-feira (13), a prefeitura de pocinhos em conjunto com as secretarias de educa\u00e7\u00e3o, cultura e esporte realizaram a recep\u00e7\u00e3o dos campe\u00f5es estaduais dos jogos escolares de taekwondo e jud\u00f4 com uma carreata e comemora\u00e7\u00f5es nas escolas Padre Galv\u00e3o e Elizete Pereira de Ara\u00fajo. A gest\u00e3o municipal se fez presente neste momento e&#8230;<\/p>\n","protected":false},"author":4,"featured_media":6843,"comment_status":"closed","ping_status":"open","sticky":false,"template":"","format":"standard","meta":{"footnotes":""},"categories":[2],"tags":[],"class_list":["post-6842","post","type-post","status-publish","format-standard","has-post-thumbnail","hentry","category-noticias"],"aioseo_notices":[],"_links":{"self":[{"href":"https:\/\/pocinhos.pb.gov.br\/site\/wp-json\/wp\/v2\/posts\/6842","targetHints":{"allow":["GET"]}}],"collection":[{"href":"https:\/\/pocinhos.pb.gov.br\/site\/wp-json\/wp\/v2\/posts"}],"about":[{"href":"https:\/\/pocinhos.pb.gov.br\/site\/wp-json\/wp\/v2\/types\/post"}],"author":[{"embeddable":true,"href":"https:\/\/pocinhos.pb.gov.br\/site\/wp-json\/wp\/v2\/users\/4"}],"replies":[{"embeddable":true,"href":"https:\/\/pocinhos.pb.gov.br\/site\/wp-json\/wp\/v2\/comments?post=6842"}],"version-history":[{"count":1,"href":"https:\/\/pocinhos.pb.gov.br\/site\/wp-json\/wp\/v2\/posts\/6842\/revisions"}],"predecessor-version":[{"id":6846,"href":"https:\/\/pocinhos.pb.gov.br\/site\/wp-json\/wp\/v2\/posts\/6842\/revisions\/6846"}],"wp:featuredmedia":[{"embeddable":true,"href":"https:\/\/pocinhos.pb.gov.br\/site\/wp-json\/wp\/v2\/media\/6843"}],"wp:attachment":[{"href":"https:\/\/pocinhos.pb.gov.br\/site\/wp-json\/wp\/v2\/media?parent=6842"}],"wp:term":[{"taxonomy":"category","embeddable":true,"href":"https:\/\/pocinhos.pb.gov.br\/site\/wp-json\/wp\/v2\/categories?post=6842"},{"taxonomy":"post_tag","embeddable":true,"href":"https:\/\/pocinhos.pb.gov.br\/site\/wp-json\/wp\/v2\/tags?post=6842"}],"curies":[{"name":"wp","href":"https:\/\/api.w.org\/{rel}","templated":true}]}}