{"id":6874,"date":"2025-08-21T14:37:44","date_gmt":"2025-08-21T14:37:44","guid":{"rendered":"https:\/\/pocinhos.pb.gov.br\/site\/?p=6874"},"modified":"2025-08-21T14:37:44","modified_gmt":"2025-08-21T14:37:44","slug":"pocinhos-e-representada-na-4a-conferencia-nacional-de-economia-solidaria","status":"publish","type":"post","link":"https:\/\/pocinhos.pb.gov.br\/site\/pocinhos-e-representada-na-4a-conferencia-nacional-de-economia-solidaria\/","title":{"rendered":"Pocinhos \u00e9 representada na 4\u00aa Confer\u00eancia Nacional de Economia Solid\u00e1ria"},"content":{"rendered":"<p data-start=\"264\" data-end=\"521\">A Prefeitura Municipal de Pocinhos, por meio da Secretaria de Ind\u00fastria, Com\u00e9rcio e Turismo, esteve presente na 4\u00aa CONAES \u2013 Confer\u00eancia Nacional de Economia Solid\u00e1ria, realizada entre os dias 13 e 16 de agosto de 2025, em Bras\u00edlia e Planaltina (DF).<\/p>\n<p data-start=\"523\" data-end=\"919\">A secret\u00e1ria Marissandra Porto participou da confer\u00eancia como delegada do Poder P\u00fablico, representando o munic\u00edpio em um espa\u00e7o de di\u00e1logo e constru\u00e7\u00e3o coletiva com representantes de todo o pa\u00eds. Durante quatro dias, foram promovidos intensos debates, reflex\u00f5es e trocas de experi\u00eancias que refor\u00e7aram o compromisso com a promo\u00e7\u00e3o de uma sociedade mais justa, democr\u00e1tica e inclusiva.<\/p>\n<p data-start=\"523\" data-end=\"919\">\u201cSeguimos firmes na constru\u00e7\u00e3o de um futuro mais solid\u00e1rio, justo e inclusivo para o nosso povo\u201d, destacou a secret\u00e1ria Marissandra Porto.<\/p>\n<p data-start=\"921\" data-end=\"1209\">Ap\u00f3s mais de uma d\u00e9cada, a Economia Solid\u00e1ria voltou ao centro das discuss\u00f5es nacionais como um caminho real e estrat\u00e9gico para a formula\u00e7\u00e3o de pol\u00edticas p\u00fablicas voltadas \u00e0 inclus\u00e3o produtiva, \u00e0 gera\u00e7\u00e3o de renda e ao fortalecimento de iniciativas econ\u00f4micas coletivas e sustent\u00e1veis.<\/p>\n<p data-start=\"1211\" data-end=\"1572\">A abertura da confer\u00eancia ocorreu no Pal\u00e1cio do Planalto, com a presen\u00e7a do Presidente da Rep\u00fablica, Luiz In\u00e1cio Lula da Silva, e de diversos ministros. As atividades seguiram no campus da UnB, em Planaltina, com participa\u00e7\u00e3o de lideran\u00e7as hist\u00f3ricas, como Gilberto de Carvalho, entre outras personalidades da luta pela economia solid\u00e1ria no Brasil.<\/p>\n<p data-start=\"1574\" data-end=\"1766\">A participa\u00e7\u00e3o de Pocinhos reafirma o compromisso da gest\u00e3o municipal com o fortalecimento das pol\u00edticas p\u00fablicas de inclus\u00e3o produtiva, gera\u00e7\u00e3o de oportunidades e desenvolvimento sustent\u00e1vel.<\/p>\n","protected":false},"excerpt":{"rendered":"<p>A Prefeitura Municipal de Pocinhos, por meio da Secretaria de Ind\u00fastria, Com\u00e9rcio e Turismo, esteve presente na 4\u00aa CONAES \u2013 Confer\u00eancia Nacional de Economia Solid\u00e1ria, realizada entre os dias 13 e 16 de agosto de 2025, em Bras\u00edlia e Planaltina (DF). A secret\u00e1ria Marissandra Porto participou da confer\u00eancia como delegada do Poder P\u00fablico, representando o&#8230;<\/p>\n","protected":false},"author":4,"featured_media":6875,"comment_status":"closed","ping_status":"open","sticky":false,"template":"","format":"standard","meta":{"footnotes":""},"categories":[2],"tags":[],"class_list":["post-6874","post","type-post","status-publish","format-standard","has-post-thumbnail","hentry","category-noticias"],"aioseo_notices":[],"_links":{"self":[{"href":"https:\/\/pocinhos.pb.gov.br\/site\/wp-json\/wp\/v2\/posts\/6874","targetHints":{"allow":["GET"]}}],"collection":[{"href":"https:\/\/pocinhos.pb.gov.br\/site\/wp-json\/wp\/v2\/posts"}],"about":[{"href":"https:\/\/pocinhos.pb.gov.br\/site\/wp-json\/wp\/v2\/types\/post"}],"author":[{"embeddable":true,"href":"https:\/\/pocinhos.pb.gov.br\/site\/wp-json\/wp\/v2\/users\/4"}],"replies":[{"embeddable":true,"href":"https:\/\/pocinhos.pb.gov.br\/site\/wp-json\/wp\/v2\/comments?post=6874"}],"version-history":[{"count":1,"href":"https:\/\/pocinhos.pb.gov.br\/site\/wp-json\/wp\/v2\/posts\/6874\/revisions"}],"predecessor-version":[{"id":6876,"href":"https:\/\/pocinhos.pb.gov.br\/site\/wp-json\/wp\/v2\/posts\/6874\/revisions\/6876"}],"wp:featuredmedia":[{"embeddable":true,"href":"https:\/\/pocinhos.pb.gov.br\/site\/wp-json\/wp\/v2\/media\/6875"}],"wp:attachment":[{"href":"https:\/\/pocinhos.pb.gov.br\/site\/wp-json\/wp\/v2\/media?parent=6874"}],"wp:term":[{"taxonomy":"category","embeddable":true,"href":"https:\/\/pocinhos.pb.gov.br\/site\/wp-json\/wp\/v2\/categories?post=6874"},{"taxonomy":"post_tag","embeddable":true,"href":"https:\/\/pocinhos.pb.gov.br\/site\/wp-json\/wp\/v2\/tags?post=6874"}],"curies":[{"name":"wp","href":"https:\/\/api.w.org\/{rel}","templated":true}]}}