{"id":6948,"date":"2025-09-12T17:25:06","date_gmt":"2025-09-12T17:25:06","guid":{"rendered":"https:\/\/pocinhos.pb.gov.br\/site\/?p=6948"},"modified":"2025-09-12T17:25:06","modified_gmt":"2025-09-12T17:25:06","slug":"prefeitura-decreta-luto-oficial-em-decorrencia-do-falecimento-de-erivelton-cunha-nobrega","status":"publish","type":"post","link":"https:\/\/pocinhos.pb.gov.br\/site\/prefeitura-decreta-luto-oficial-em-decorrencia-do-falecimento-de-erivelton-cunha-nobrega\/","title":{"rendered":"Prefeitura decreta luto oficial em decorr\u00eancia do falecimento de Erivelton Cunha N\u00f3brega"},"content":{"rendered":"<p>A Prefeitura Municipal de Pocinhos manifesta, com profundo pesar, o falecimento de Erivelton Cunha N\u00f3brega, ocorrido nesta sexta-feira, 12 de setembro. Erivelton era servidor dedicado da Secretaria de Administra\u00e7\u00e3o e figura marcante na cultura e no cen\u00e1rio art\u00edstico do nosso munic\u00edpio.<\/p>\n<p>Al\u00e9m de sua atua\u00e7\u00e3o exemplar no servi\u00e7o p\u00fablico, Erivelton era reconhecido por sua paix\u00e3o pela m\u00fasica e pelas artes. Integrante do tradicional trio de forr\u00f3 \u201cOs Anselmos\u201d, ele levava o nome de Pocinhos para palcos e eventos com talento e autenticidade. Tamb\u00e9m exercia o cargo de Presidente do Bal\u00e9 Sisais, projeto cultural de grande relev\u00e2ncia para a forma\u00e7\u00e3o art\u00edstica de crian\u00e7as e jovens.<\/p>\n<p>Em reconhecimento \u00e0 sua contribui\u00e7\u00e3o para a gest\u00e3o p\u00fablica e para a valoriza\u00e7\u00e3o da cultura local, a Prefeitura de Pocinhos decreta luto oficial de tr\u00eas dias. A prefeita Eliane Galdino, em nome de toda a administra\u00e7\u00e3o municipal, presta condol\u00eancias \u00e0 fam\u00edlia, amigos e colegas de trabalho de Erivelton. Sua partida deixa uma lacuna irrepar\u00e1vel, mas seu legado permanecer\u00e1 vivo na mem\u00f3ria e na hist\u00f3ria de Pocinhos.<\/p>\n","protected":false},"excerpt":{"rendered":"<p>A Prefeitura Municipal de Pocinhos manifesta, com profundo pesar, o falecimento de Erivelton Cunha N\u00f3brega, ocorrido nesta sexta-feira, 12 de setembro. Erivelton era servidor dedicado da Secretaria de Administra\u00e7\u00e3o e figura marcante na cultura e no cen\u00e1rio art\u00edstico do nosso munic\u00edpio. Al\u00e9m de sua atua\u00e7\u00e3o exemplar no servi\u00e7o p\u00fablico, Erivelton era reconhecido por sua paix\u00e3o&#8230;<\/p>\n","protected":false},"author":4,"featured_media":6949,"comment_status":"closed","ping_status":"open","sticky":false,"template":"","format":"standard","meta":{"footnotes":""},"categories":[2],"tags":[],"class_list":["post-6948","post","type-post","status-publish","format-standard","has-post-thumbnail","hentry","category-noticias"],"aioseo_notices":[],"_links":{"self":[{"href":"https:\/\/pocinhos.pb.gov.br\/site\/wp-json\/wp\/v2\/posts\/6948","targetHints":{"allow":["GET"]}}],"collection":[{"href":"https:\/\/pocinhos.pb.gov.br\/site\/wp-json\/wp\/v2\/posts"}],"about":[{"href":"https:\/\/pocinhos.pb.gov.br\/site\/wp-json\/wp\/v2\/types\/post"}],"author":[{"embeddable":true,"href":"https:\/\/pocinhos.pb.gov.br\/site\/wp-json\/wp\/v2\/users\/4"}],"replies":[{"embeddable":true,"href":"https:\/\/pocinhos.pb.gov.br\/site\/wp-json\/wp\/v2\/comments?post=6948"}],"version-history":[{"count":1,"href":"https:\/\/pocinhos.pb.gov.br\/site\/wp-json\/wp\/v2\/posts\/6948\/revisions"}],"predecessor-version":[{"id":6950,"href":"https:\/\/pocinhos.pb.gov.br\/site\/wp-json\/wp\/v2\/posts\/6948\/revisions\/6950"}],"wp:featuredmedia":[{"embeddable":true,"href":"https:\/\/pocinhos.pb.gov.br\/site\/wp-json\/wp\/v2\/media\/6949"}],"wp:attachment":[{"href":"https:\/\/pocinhos.pb.gov.br\/site\/wp-json\/wp\/v2\/media?parent=6948"}],"wp:term":[{"taxonomy":"category","embeddable":true,"href":"https:\/\/pocinhos.pb.gov.br\/site\/wp-json\/wp\/v2\/categories?post=6948"},{"taxonomy":"post_tag","embeddable":true,"href":"https:\/\/pocinhos.pb.gov.br\/site\/wp-json\/wp\/v2\/tags?post=6948"}],"curies":[{"name":"wp","href":"https:\/\/api.w.org\/{rel}","templated":true}]}}