{"id":6968,"date":"2025-09-19T20:40:52","date_gmt":"2025-09-19T20:40:52","guid":{"rendered":"https:\/\/pocinhos.pb.gov.br\/site\/?p=6968"},"modified":"2025-09-19T20:40:52","modified_gmt":"2025-09-19T20:40:52","slug":"secretaria-de-educacao-realiza-formacao-para-gestores-e-coordenadores","status":"publish","type":"post","link":"https:\/\/pocinhos.pb.gov.br\/site\/secretaria-de-educacao-realiza-formacao-para-gestores-e-coordenadores\/","title":{"rendered":"Secretaria de Educa\u00e7\u00e3o realiza forma\u00e7\u00e3o para gestores e coordenadores"},"content":{"rendered":"<p class=\"p1\"><span class=\"s1\">A Prefeitura de Pocinhos, por meio da Secretaria Municipal de Educa\u00e7\u00e3o, promoveu nesta sexta-feira (19) uma forma\u00e7\u00e3o feita pela Foco Consultoria voltada para gestores e coordenadores escolares da rede municipal de ensino.<\/span><\/p>\n<p class=\"p1\"><span class=\"s1\">O encontro teve como objetivo principal o aprimoramento de metas e a reflex\u00e3o sobre os conte\u00fados trabalhados ao longo do ano letivo, fortalecendo a pr\u00e1tica pedag\u00f3gica e garantindo uma educa\u00e7\u00e3o de qualidade para os estudantes pocinhenses.<\/span><\/p>\n<p class=\"p1\"><span class=\"s1\">Durante a reuni\u00e3o, os participantes puderam avaliar os avan\u00e7os j\u00e1 alcan\u00e7ados, discutir estrat\u00e9gias de supera\u00e7\u00e3o de desafios e alinhar novas metas para os pr\u00f3ximos meses. Al\u00e9m disso, foram compartilhadas experi\u00eancias e propostas de melhorias para fortalecer ainda mais o trabalho desenvolvido nas escolas.<\/span><\/p>\n<p class=\"p1\"><span class=\"s1\">O secret\u00e1rio de Educa\u00e7\u00e3o tamb\u00e9m refor\u00e7ou que encontros como este s\u00e3o fundamentais para manter a unidade do trabalho, valorizar os profissionais e assegurar que a rede siga avan\u00e7ando em qualidade e resultados.<\/span><\/p>\n","protected":false},"excerpt":{"rendered":"<p>A Prefeitura de Pocinhos, por meio da Secretaria Municipal de Educa\u00e7\u00e3o, promoveu nesta sexta-feira (19) uma forma\u00e7\u00e3o feita pela Foco Consultoria voltada para gestores e coordenadores escolares da rede municipal de ensino. O encontro teve como objetivo principal o aprimoramento de metas e a reflex\u00e3o sobre os conte\u00fados trabalhados ao longo do ano letivo, fortalecendo&#8230;<\/p>\n","protected":false},"author":4,"featured_media":6969,"comment_status":"closed","ping_status":"open","sticky":false,"template":"","format":"standard","meta":{"footnotes":""},"categories":[2],"tags":[],"class_list":["post-6968","post","type-post","status-publish","format-standard","has-post-thumbnail","hentry","category-noticias"],"aioseo_notices":[],"_links":{"self":[{"href":"https:\/\/pocinhos.pb.gov.br\/site\/wp-json\/wp\/v2\/posts\/6968","targetHints":{"allow":["GET"]}}],"collection":[{"href":"https:\/\/pocinhos.pb.gov.br\/site\/wp-json\/wp\/v2\/posts"}],"about":[{"href":"https:\/\/pocinhos.pb.gov.br\/site\/wp-json\/wp\/v2\/types\/post"}],"author":[{"embeddable":true,"href":"https:\/\/pocinhos.pb.gov.br\/site\/wp-json\/wp\/v2\/users\/4"}],"replies":[{"embeddable":true,"href":"https:\/\/pocinhos.pb.gov.br\/site\/wp-json\/wp\/v2\/comments?post=6968"}],"version-history":[{"count":1,"href":"https:\/\/pocinhos.pb.gov.br\/site\/wp-json\/wp\/v2\/posts\/6968\/revisions"}],"predecessor-version":[{"id":6970,"href":"https:\/\/pocinhos.pb.gov.br\/site\/wp-json\/wp\/v2\/posts\/6968\/revisions\/6970"}],"wp:featuredmedia":[{"embeddable":true,"href":"https:\/\/pocinhos.pb.gov.br\/site\/wp-json\/wp\/v2\/media\/6969"}],"wp:attachment":[{"href":"https:\/\/pocinhos.pb.gov.br\/site\/wp-json\/wp\/v2\/media?parent=6968"}],"wp:term":[{"taxonomy":"category","embeddable":true,"href":"https:\/\/pocinhos.pb.gov.br\/site\/wp-json\/wp\/v2\/categories?post=6968"},{"taxonomy":"post_tag","embeddable":true,"href":"https:\/\/pocinhos.pb.gov.br\/site\/wp-json\/wp\/v2\/tags?post=6968"}],"curies":[{"name":"wp","href":"https:\/\/api.w.org\/{rel}","templated":true}]}}